{"id":195901,"date":"2025-12-20T11:24:11","date_gmt":"2025-12-20T11:24:11","guid":{"rendered":"https:\/\/www.europesays.com\/pt\/195901\/"},"modified":"2025-12-20T11:24:11","modified_gmt":"2025-12-20T11:24:11","slug":"ipma-coloca-seis-distritos-em-aviso-laranja-para-a-queda-de-neve","status":"publish","type":"post","link":"https:\/\/www.europesays.com\/pt\/195901\/","title":{"rendered":"IPMA coloca seis distritos em aviso laranja para a queda de neve"},"content":{"rendered":"<p>                No fim de semana em que chega o inverno, a neve pode cobrir de branco os pontos mais altos de Portugal Continental. Seis distritos est\u00e3o este s\u00e1bado sob aviso laranja do Instituto Portugu\u00eas do Mar e da Atmosfera (IPMA).<\/p>\n<p>Este \u00e9 o segundo aviso mais grave numa escala de quatro. Entra em vigor \u00e0s 15h00 em Castelo Branco e na Guarda, \u00e0s 18h00 em Braga, Viana do Castelo e Vila Real e apenas \u00e0s 00h00 de domingo em Viseu. <\/p>\n<p>O tr\u00e2nsito pode sofrer altera\u00e7\u00f5es e h\u00e1 tamb\u00e9m a possibilidade de danos em estruturas ou \u00e1rvores, assim como de consequ\u00eancias no abastecimento local, avisa o IPMA.\u00a0<\/p>\n<p>A chuva deve come\u00e7ar a cair com mais intensidade esta tarde no norte e no centro e, de acordo com o IPMA, fica pelo menos at\u00e9 \u00e0 v\u00e9spera de Natal. <\/p>\n<p>&#13;<br \/>\nNos pontos mais altos \u00e9 muito prov\u00e1vel que neve.&#13;\n<\/p>\n<p>Em comunicado, o IPMA colocou ainda em alerta laranja para a agita\u00e7\u00e3o mar\u00edtima outros sete distritos, a partir das 03h00 da madrugada e at\u00e9 \u00e0s 09h00 de domingo.<\/p>\n<p>Aveiro, Braga, Coimbra, Leiria, Lisboa, Porto e Viana do Castelo est\u00e3o todos com previs\u00e3o de ondas de noroeste com cinco a seis metros e altura m\u00e1xima de dez metros.<\/p>\n<p>c\/ Lusa&#13;<\/p>\n","protected":false},"excerpt":{"rendered":"No fim de semana em que chega o inverno, a neve pode cobrir de branco os pontos mais&hellip;\n","protected":false},"author":2,"featured_media":195902,"comment_status":"","ping_status":"","sticky":false,"template":"","format":"standard","meta":{"footnotes":""},"categories":[8],"tags":[27,28,15,16,14,25,26,21,22,12,13,19,20,32,23,24,33,420,421,17,18,29,30,31],"class_list":{"0":"post-195901","1":"post","2":"type-post","3":"status-publish","4":"format-standard","5":"has-post-thumbnail","7":"category-principais-noticias","8":"tag-breaking-news","9":"tag-breakingnews","10":"tag-featured-news","11":"tag-featurednews","12":"tag-headlines","13":"tag-latest-news","14":"tag-latestnews","15":"tag-main-news","16":"tag-mainnews","17":"tag-news","18":"tag-noticias","19":"tag-noticias-principais","20":"tag-noticiasprincipais","21":"tag-portugal","22":"tag-principais-noticias","23":"tag-principaisnoticias","24":"tag-pt","25":"tag-rtp","26":"tag-rtp-noticias","27":"tag-top-stories","28":"tag-topstories","29":"tag-ultimas","30":"tag-ultimas-noticias","31":"tag-ultimasnoticias"},"share_on_mastodon":{"url":"https:\/\/pubeurope.com\/@pt\/115751647389880560","error":""},"_links":{"self":[{"href":"https:\/\/www.europesays.com\/pt\/wp-json\/wp\/v2\/posts\/195901","targetHints":{"allow":["GET"]}}],"collection":[{"href":"https:\/\/www.europesays.com\/pt\/wp-json\/wp\/v2\/posts"}],"about":[{"href":"https:\/\/www.europesays.com\/pt\/wp-json\/wp\/v2\/types\/post"}],"author":[{"embeddable":true,"href":"https:\/\/www.europesays.com\/pt\/wp-json\/wp\/v2\/users\/2"}],"replies":[{"embeddable":true,"href":"https:\/\/www.europesays.com\/pt\/wp-json\/wp\/v2\/comments?post=195901"}],"version-history":[{"count":0,"href":"https:\/\/www.europesays.com\/pt\/wp-json\/wp\/v2\/posts\/195901\/revisions"}],"wp:featuredmedia":[{"embeddable":true,"href":"https:\/\/www.europesays.com\/pt\/wp-json\/wp\/v2\/media\/195902"}],"wp:attachment":[{"href":"https:\/\/www.europesays.com\/pt\/wp-json\/wp\/v2\/media?parent=195901"}],"wp:term":[{"taxonomy":"category","embeddable":true,"href":"https:\/\/www.europesays.com\/pt\/wp-json\/wp\/v2\/categories?post=195901"},{"taxonomy":"post_tag","embeddable":true,"href":"https:\/\/www.europesays.com\/pt\/wp-json\/wp\/v2\/tags?post=195901"}],"curies":[{"name":"wp","href":"https:\/\/api.w.org\/{rel}","templated":true}]}}