{"id":195903,"date":"2025-12-20T11:25:14","date_gmt":"2025-12-20T11:25:14","guid":{"rendered":"https:\/\/www.europesays.com\/pt\/195903\/"},"modified":"2025-12-20T11:25:14","modified_gmt":"2025-12-20T11:25:14","slug":"veja-as-mortes-misteriosas-de-hollywood-em-2025-r7-entretenimento","status":"publish","type":"post","link":"https:\/\/www.europesays.com\/pt\/195903\/","title":{"rendered":"veja as mortes misteriosas de Hollywood em 2025 \u2013 R7 Entretenimento"},"content":{"rendered":"<p>LEIA AQUI O RESUMO DA NOT\u00cdCIA<\/p>\n<ul class=\"b-article-body-custom-embed-brief-news__list\" style=\"margin: 0; padding-left: 20px; list-style-type: disc;\">\n<li>2025 trouxe mortes misteriosas em Hollywood, destacando o diretor Rob Reiner e o ator Gene Hackman.<\/li>\n<li>Gene Hackman e sua mulher foram encontrados mortos em sua casa, com aut\u00f3psia revelando causas naturais.<\/li>\n<li>Peter Greene, outro ator, foi encontrado morto em seu apartamento, com circunst\u00e2ncias ainda sob investiga\u00e7\u00e3o.<\/li>\n<li>No caso de Rob Reiner, seu filho foi detido como suspeito do assassinato dos pais, com julgamento agendado para janeiro.<\/li>\n<\/ul>\n<p style=\"font-size: 0.8em; font-style: italic; text-align: right; margin-top: 15px; padding-bottom: 5px; margin-bottom: 0;\">Produzido pela Ri7a &#8211; a Intelig\u00eancia Artificial do R7<\/p>\n<p><img decoding=\"async\" data-chromatic=\"ignore\" alt=\"\" class=\"c-image\" loading=\"lazy\" src=\"https:\/\/www.europesays.com\/pt\/wp-content\/uploads\/2025\/12\/BIOB2NEXR5BZBDO77IJ4N74CN4.png\"  width=\"1920\" height=\"1080\"\/>Mortes de Gene Hackman, Peter Greene e Rob Reiner chocaram o mundo do entretenimento Reprodu\u00e7\u00e3o\/Boletim JR 24H\/YouTube\/Reuters <\/p>\n<p class=\"jarvics:base-text-neutral-high-400 base-text-[calc(theme(fontSize.xs)_*_var(--font-size,_1))] base-font-normal base-font-primary base-text-neutral-low-500 base-text-left\">O ano de 2025 ficou marcado em <a href=\"https:\/\/entretenimento.r7.com\/\" target=\"_self\" rel=\"nofollow noopener\" title=\"https:\/\/entretenimento.r7.com\/\">Hollywood<\/a>. Al\u00e9m dos filmes de sucesso, mortes misteriosas ganharam os holofotes. A mais recente foi a do diretor de cinema <a href=\"https:\/\/entretenimento.r7.com\/famosos-e-tv\/tudo-o-que-se-sabe-sobre-o-assassinato-do-cineasta-rob-reiner-e-o-filho-acusado-pelo-crime-17122025\/\" target=\"_self\" rel=\"nofollow noopener\" title=\"https:\/\/entretenimento.r7.com\/famosos-e-tv\/tudo-o-que-se-sabe-sobre-o-assassinato-do-cineasta-rob-reiner-e-o-filho-acusado-pelo-crime-17122025\/\">Rob Reiner<\/a>, encontrado morto ao lado de Michele Singer Reiner.<\/p>\n<p class=\"jarvics:base-text-neutral-high-400 base-text-[calc(theme(fontSize.xs)_*_var(--font-size,_1))] base-font-normal base-font-primary base-text-neutral-low-500 base-text-left\">Um caso parecido aconteceu no in\u00edcio do ano, quando a casa de <a href=\"https:\/\/entretenimento.r7.com\/famosos-e-tv\/gene-hackman-teria-morrido-por-jejum-prolongado-e-problemas-no-coracao-revela-autopsia-28042025\/\" target=\"_self\" rel=\"nofollow noopener\" title=\"https:\/\/entretenimento.r7.com\/famosos-e-tv\/gene-hackman-teria-morrido-por-jejum-prolongado-e-problemas-no-coracao-revela-autopsia-28042025\/\">Gene Hackman<\/a> virou palco de um mist\u00e9rio. Al\u00e9m do ator, a mulher, Betsy Arakawa, e o cachorro da fam\u00edlia foram achados sem vida.<\/p>\n<p class=\"jarvics:base-text-neutral-high-400 base-text-[calc(theme(fontSize.xs)_*_var(--font-size,_1))] base-font-normal base-font-primary base-text-neutral-low-500 base-text-left\">Relembre abaixo as mortes misteriosas de Hollywood em 2025:<\/p>\n<p>Gene Hackman<\/p>\n<p class=\"jarvics:base-text-neutral-high-400 base-text-[calc(theme(fontSize.xs)_*_var(--font-size,_1))] base-font-normal base-font-primary base-text-neutral-low-500 base-text-left\">Quando Gene Hackman, sua mulher e seu cachorro foram encontrados mortos em 26 de fevereiro, diversas teorias come\u00e7aram a circular pela internet. A princ\u00edpio, as mais defendidas eram as de que o casal tinha sido v\u00edtima de envenenamento ou de um vazamento de g\u00e1s.<\/p>\n<p class=\"jarvics:base-text-neutral-high-400 base-text-[calc(theme(fontSize.xs)_*_var(--font-size,_1))] base-font-normal base-font-primary base-text-neutral-low-500 base-text-left\">O que chamava aten\u00e7\u00e3o era a falta de evid\u00eancias de crime e o fato de os corpos estarem em c\u00f4modos diferentes da casa do Novo M\u00e9xico, nos Estados Unidos. No entanto, dois meses ap\u00f3s o incidente, a aut\u00f3psia revelou que todos morreram por causas naturais.<\/p>\n<p class=\"jarvics:base-text-neutral-high-400 base-text-[calc(theme(fontSize.xs)_*_var(--font-size,_1))] base-font-normal base-font-primary base-text-neutral-low-500 base-text-left\">Segundo os exames, Betsy morreu no dia 11 de fevereiro, em decorr\u00eancia do hantav\u00edrus, uma doen\u00e7a transmitida por urina, fezes ou saliva de ratos. O ator, que sofria de Alzheimer em est\u00e1gio avan\u00e7ado e problemas graves no cora\u00e7\u00e3o, teria morrido cerca de uma semana depois, j\u00e1 que quem cuidava e o alimentava era a mulher. Ela tamb\u00e9m era respons\u00e1vel pelo cachorro, que acabou ficando sem comida e \u00e1gua.<\/p>\n<p>Peter Greene<\/p>\n<p class=\"jarvics:base-text-neutral-high-400 base-text-[calc(theme(fontSize.xs)_*_var(--font-size,_1))] base-font-normal base-font-primary base-text-neutral-low-500 base-text-left\">No dia 12 de dezembro, o ator conhecido por interpretar vil\u00f5es ic\u00f4nicos do cinema foi encontrado morto em seu apartamento, em Nova York, nos Estados Unidos. De acordo com informa\u00e7\u00f5es do New York Daily News, o astro de O M\u00e1scara estava deitado de bru\u00e7os quando o encontraram, com sangue ao redor do corpo.<\/p>\n<p class=\"jarvics:base-text-neutral-high-400 base-text-[calc(theme(fontSize.xs)_*_var(--font-size,_1))] base-font-normal base-font-primary base-text-neutral-low-500 base-text-left\">O jornal relatou que, no local onde o ator foi encontrado, havia um bilhete escrito \u00e0 m\u00e3o. Nele, estava a frase: \u201cAinda sou um Westie\u201d, fazendo refer\u00eancia a uma gangue irlandesa-americana dos anos 1970.<\/p>\n<p class=\"jarvics:base-text-neutral-high-400 base-text-[calc(theme(fontSize.xs)_*_var(--font-size,_1))] base-font-normal base-font-primary base-text-neutral-low-500 base-text-left\">A causa da morte ainda est\u00e1 sendo investigada. Policiais afirmaram que n\u00e3o h\u00e1 suspeita de crime, enquanto amigos do artista acreditam que ele n\u00e3o teria cometido suic\u00eddio e seguem em busca de respostas.<\/p>\n<p>Rob Reiner<\/p>\n<p class=\"jarvics:base-text-neutral-high-400 base-text-[calc(theme(fontSize.xs)_*_var(--font-size,_1))] base-font-normal base-font-primary base-text-neutral-low-500 base-text-left\">Poucos dias ap\u00f3s a morte de Peter Greene, outro caso chocou o mundo do entretenimento: a morte de Rob Reiner e de sua mulher, a produtora Michele Singer Reiner. O filho do casal, Nick Reiner, de 32 anos, foi detido sob suspeita de ter esfaqueado os pais na manh\u00e3 de 14 de dezembro, na Calif\u00f3rnia.<\/p>\n<p class=\"jarvics:base-text-neutral-high-400 base-text-[calc(theme(fontSize.xs)_*_var(--font-size,_1))] base-font-normal base-font-primary base-text-neutral-low-500 base-text-left\">Um dia antes do ocorrido, o casal e o filho foram a uma festa na casa do comediante Conan O\u2019Brien, onde foram vistos discutindo. A pol\u00edcia n\u00e3o revelou detalhes sobre a morte nem os motivos que a levaram a ligar o crime a Nick.<\/p>\n<p class=\"jarvics:base-text-neutral-high-400 base-text-[calc(theme(fontSize.xs)_*_var(--font-size,_1))] base-font-normal base-font-primary base-text-neutral-low-500 base-text-left\">Durante audi\u00eancia na quarta-feira (17), o homem n\u00e3o se declarou culpado, e o julgamento foi adiado para o in\u00edcio de janeiro, atendendo a um pedido da defesa.<\/p>\n<p><video controls=\"\" class=\"video-js\" preload=\"metadata\" poster=\"https:\/\/d22yf0mxeu0gma.cloudfront.net\/12-18-2025\/t_9fa2cf9b2c854492999eb92193a032cb_name_file_960x540_1600_v4_.jpg\" title=\"V&#xED;deo mostra momento em que filho de Rob Reiner &#xE9; preso\" data-sprite-url=\"\" data-metadata=\"{&quot;title&quot;:&quot;V&#xED;deo mostra momento em que filho de Rob Reiner &#xE9; preso&quot;,&quot;sectionName&quot;:&quot;R7&quot;,&quot;mainSection&quot;:&quot;Famosos e TV&quot;,&quot;subSection&quot;:&quot;&quot;,&quot;views&quot;:&quot;&quot;,&quot;disableAdv&quot;:&quot;false&quot;,&quot;createdDate&quot;:&quot;2025-12-18T12:26:27Z&quot;,&quot;mainSectionUrl&quot;:&quot;https:\/\/record.r7.com\/fala-brasil\/video\/video-mostra-momento-em-que-filho-de-rob-reiner-e-preso-18122025\/&quot;,&quot;sectionPath&quot;:&quot;https:\/\/record.r7.com\/fala-brasil&quot;,&quot;ageRating&quot;:&quot;&quot;,&quot;ageRatingDescription&quot;:&quot;&quot;,&quot;duration&quot;:57941,&quot;playerUrl&quot;:&quot;https:\/\/record.r7.com\/player\/217e0491-b37d-497d-acf5-783fc245b5cc\/&quot;}\" data-player-params=\"{&quot;p&quot;:&quot;true&quot;,&quot;autoPlay&quot;:&quot;false&quot;,&quot;logo&quot;:&quot;true&quot;,&quot;playlistId&quot;:&quot;false&quot;,&quot;calhau&quot;:&quot;false&quot;,&quot;share&quot;:&quot;true&quot;,&quot;sz&quot;:&quot;false&quot;,&quot;full&quot;:&quot;true&quot;,&quot;customAdHash&quot;:&quot;\/7542\/R7entretenimento\/famosostv&quot;,&quot;referrerUrl&quot;:&quot;&quot;,&quot;externalLinks&quot;:&quot;true&quot;,&quot;debug&quot;:&quot;false&quot;,&quot;debugHash&quot;:&quot;false&quot;,&quot;debugRelated&quot;:&quot;false&quot;,&quot;timerRelated&quot;:&quot;true&quot;,&quot;logoRecord&quot;:&quot;false&quot;,&quot;contextModal&quot;:&quot;false&quot;,&quot;parentUrl&quot;:&quot;https:\/\/record.r7.com\/&quot;,&quot;t&quot;:&quot;0&quot;,&quot;noTitle&quot;:false,&quot;endBehavior&quot;:&quot;default&quot;}\" data-related-videos=\"[{&quot;title&quot;:&quot;Pol&#xED;cia de S&#xE3;o Paulo desmantela quadrilha especializada em roubo de motos&quot;,&quot;thumb&quot;:&quot;https:\/\/d22yf0mxeu0gma.cloudfront.net\/12-19-2025\/t_cfebfdd67d444165afd2b451bbe10233_name_file_960x540_1600_v4_.jpg&quot;,&quot;url&quot;:&quot;https:\/\/record.r7.com\/fala-brasil\/video\/policia-de-sao-paulo-desmantela-quadrilha-especializada-em-roubo-de-motos-19122025\/&quot;,&quot;embedUrl&quot;:&quot;https:\/\/record.r7.com\/player\/65053481-9e55-43cd-afc0-89d2cdad2287\/&quot;},{&quot;title&quot;:&quot;Influenciador &#xE9; condenado por trabalho an&#xE1;logo &#xE0; escravid&#xE3;o&quot;,&quot;thumb&quot;:&quot;https:\/\/d22yf0mxeu0gma.cloudfront.net\/12-19-2025\/t_e67e5ee5c7044b7d8b44d21b1973302a_name_file_960x540_1600_v4_.jpg&quot;,&quot;url&quot;:&quot;https:\/\/record.r7.com\/fala-brasil\/video\/influenciador-e-condenado-por-trabalho-analogo-a-escravidao-19122025\/&quot;,&quot;embedUrl&quot;:&quot;https:\/\/record.r7.com\/player\/89056d3c-4e8d-445f-891f-7a2e8980338a\/&quot;},{&quot;title&quot;:&quot;Veja o que se sabe sobre o caso da fam&#xED;lia que foi encontrada morta em casa&quot;,&quot;thumb&quot;:&quot;https:\/\/d22yf0mxeu0gma.cloudfront.net\/12-19-2025\/t_2e8c0ca8dfa7419084547b6215d47f08_name_file_960x540_1600_v4_.jpg&quot;,&quot;url&quot;:&quot;https:\/\/record.r7.com\/fala-brasil\/video\/veja-o-que-se-sabe-sobre-o-caso-da-familia-que-foi-encontrada-morta-em-casa-19122025\/&quot;,&quot;embedUrl&quot;:&quot;https:\/\/record.r7.com\/player\/536d0b63-e5e6-4976-b921-57118d5a38b7\/&quot;}]\" data-player-url=\"https:\/\/record.r7.com\/player\/217e0491-b37d-497d-acf5-783fc245b5cc\/\" data-arc-video=\"\" data-arc-id=\"217e0491-b37d-497d-acf5-783fc245b5cc\" data-short=\"false\" style=\"visibility:hidden\"><\/video><\/p>\n<p class=\"jarvics:base-text-neutral-high-400 base-text-[calc(theme(fontSize.xs)_*_var(--font-size,_1))] base-font-normal base-font-primary base-text-neutral-low-500 base-text-left\"><b>Para saber tudo do mundo dos famosos, <\/b><a href=\"https:\/\/whatsapp.com\/channel\/0029Va9UfKcHQbRyCyhPt71R\" rel=\"nofollow noopener\" target=\"_blank\"><b>siga o canal de entretenimento do R7<\/b><\/a><b>, o portal de not\u00edcias da RECORD, no WhatsApp<\/b><\/p>\n","protected":false},"excerpt":{"rendered":"LEIA AQUI O RESUMO DA NOT\u00cdCIA 2025 trouxe mortes misteriosas em Hollywood, destacando o diretor Rob Reiner e&hellip;\n","protected":false},"author":2,"featured_media":195904,"comment_status":"","ping_status":"","sticky":false,"template":"","format":"standard","meta":{"footnotes":""},"categories":[145],"tags":[211,210,114,115,3034,2595,1437,32,33],"class_list":{"0":"post-195903","1":"post","2":"type-post","3":"status-publish","4":"format-standard","5":"has-post-thumbnail","7":"category-celebridades","8":"tag-celebridades","9":"tag-celebrities","10":"tag-entertainment","11":"tag-entretenimento","12":"tag-famosos-e-celebridades","13":"tag-hollywood","14":"tag-morte","15":"tag-portugal","16":"tag-pt"},"share_on_mastodon":{"url":"https:\/\/pubeurope.com\/@pt\/115751651163717662","error":""},"_links":{"self":[{"href":"https:\/\/www.europesays.com\/pt\/wp-json\/wp\/v2\/posts\/195903","targetHints":{"allow":["GET"]}}],"collection":[{"href":"https:\/\/www.europesays.com\/pt\/wp-json\/wp\/v2\/posts"}],"about":[{"href":"https:\/\/www.europesays.com\/pt\/wp-json\/wp\/v2\/types\/post"}],"author":[{"embeddable":true,"href":"https:\/\/www.europesays.com\/pt\/wp-json\/wp\/v2\/users\/2"}],"replies":[{"embeddable":true,"href":"https:\/\/www.europesays.com\/pt\/wp-json\/wp\/v2\/comments?post=195903"}],"version-history":[{"count":0,"href":"https:\/\/www.europesays.com\/pt\/wp-json\/wp\/v2\/posts\/195903\/revisions"}],"wp:featuredmedia":[{"embeddable":true,"href":"https:\/\/www.europesays.com\/pt\/wp-json\/wp\/v2\/media\/195904"}],"wp:attachment":[{"href":"https:\/\/www.europesays.com\/pt\/wp-json\/wp\/v2\/media?parent=195903"}],"wp:term":[{"taxonomy":"category","embeddable":true,"href":"https:\/\/www.europesays.com\/pt\/wp-json\/wp\/v2\/categories?post=195903"},{"taxonomy":"post_tag","embeddable":true,"href":"https:\/\/www.europesays.com\/pt\/wp-json\/wp\/v2\/tags?post=195903"}],"curies":[{"name":"wp","href":"https:\/\/api.w.org\/{rel}","templated":true}]}}