{"id":19591,"date":"2025-08-07T11:03:17","date_gmt":"2025-08-07T11:03:17","guid":{"rendered":"https:\/\/www.europesays.com\/pt\/19591\/"},"modified":"2025-08-07T11:03:17","modified_gmt":"2025-08-07T11:03:17","slug":"andre-silva-esclarece-declaracoes-feitas-em-direto-sobre-a-alegada-traicao-de-jessica-vieira-a-afonso-leitao","status":"publish","type":"post","link":"https:\/\/www.europesays.com\/pt\/19591\/","title":{"rendered":"Andr\u00e9 Silva esclarece declara\u00e7\u00f5es feitas em direto sobre a alegada trai\u00e7\u00e3o de J\u00e9ssica Vieira a Afonso Leit\u00e3o"},"content":{"rendered":"<p>\t\t\t\t\t\t\t\t\t\t\t\t<a href=\"#\" onclick=\"window.open('http:\/\/www.facebook.com\/sharer.php?u=https:\/\/cusquices.com\/andre-silva-esclarece-declaracoes-feitas-em-direto-sobre-a-alegada-traicao-de-jessica-vieira-a-afonso-leitao\/&amp;t=Andr\u00e9 Silva esclarece declara\u00e7\u00f5es feitas em direto sobre a alegada trai\u00e7\u00e3o de J\u00e9ssica Vieira a Afonso Leit\u00e3o', 'facebookShare', 'width=626,height=436'); return false;\" title=\"Share on Facebook\"><\/p>\n<p>Share<\/p>\n<p><\/a><br \/>\n\t\t\t\t\t\t\t\t\t\t\t\t<a href=\"#\" onclick=\"window.open('http:\/\/twitter.com\/share?text=Andr\u00e9 Silva esclarece declara\u00e7\u00f5es feitas em direto sobre a alegada trai\u00e7\u00e3o de J\u00e9ssica Vieira a Afonso Leit\u00e3o -&amp;url=https:\/\/cusquices.com\/andre-silva-esclarece-declaracoes-feitas-em-direto-sobre-a-alegada-traicao-de-jessica-vieira-a-afonso-leitao\/', 'twitterShare', 'width=626,height=436'); return false;\" title=\"Tweet This Post\"><\/p>\n<p>Tweet<\/p>\n<p><\/a><br \/>\n\t\t\t\t\t\t\t\t\t\t\t\t<a href=\"whatsapp:\/\/send?text=Andr\u00e9 Silva esclarece declara\u00e7\u00f5es feitas em direto sobre a alegada trai\u00e7\u00e3o de J\u00e9ssica Vieira a Afonso Leit\u00e3o https:\/\/cusquices.com\/andre-silva-esclarece-declaracoes-feitas-em-direto-sobre-a-alegada-traicao-de-jessica-vieira-a-afonso-leitao\/\" rel=\"nofollow\"><\/p>\n<p>Share<\/p>\n<p><\/a><br \/>\n\t\t\t\t\t\t\t\t\t\t\t\t<a href=\"#\" onclick=\"window.open('http:\/\/pinterest.com\/pin\/create\/button\/?url=https:\/\/cusquices.com\/andre-silva-esclarece-declaracoes-feitas-em-direto-sobre-a-alegada-traicao-de-jessica-vieira-a-afonso-leitao\/&amp;media=https:\/\/cusquices.com\/wp-content\/uploads\/2025\/08\/jessicaafonso-andre-1000x600.jpg&amp;description=Andr\u00e9 Silva esclarece declara\u00e7\u00f5es feitas em direto sobre a alegada trai\u00e7\u00e3o de J\u00e9ssica Vieira a Afonso Leit\u00e3o', 'pinterestShare', 'width=750,height=350'); return false;\" title=\"Pin This Post\"><\/p>\n<p>Share<\/p>\n<p><\/a><br \/>\n\t\t\t\t\t\t\t\t\t\t\t\t<a href=\"mailto:?subject=Andr\u00e9 Silva esclarece declara\u00e7\u00f5es feitas em direto sobre a alegada trai\u00e7\u00e3o de J\u00e9ssica Vieira a Afonso Leit\u00e3o&amp;BODY=I found this article interesting and thought of sharing it with you. Check it out: https:\/\/cusquices.com\/andre-silva-esclarece-declaracoes-feitas-em-direto-sobre-a-alegada-traicao-de-jessica-vieira-a-afonso-leitao\/\"><\/p>\n<p>Email<\/p>\n<p><\/a><br \/>\n\t\t\t\t\t\t\t\t\t\t\t\t\t\t\t\t\t\t\t\t\t\t\t\t\t\t\t\t\t\t\t\t\t\t\t\t\t\t\t\t\t\t\t\t\t\t\t\t\t\t\t\t\t<a href=\"https:\/\/cusquices.com\/andre-silva-esclarece-declaracoes-feitas-em-direto-sobre-a-alegada-traicao-de-jessica-vieira-a-afonso-leitao\/#respond\" rel=\"nofollow noopener\" target=\"_blank\"><\/p>\n<p>Andr\u00e9 Silva \u2018obrigado\u2019 a fazer esclarecimento ap\u00f3s ter lan\u00e7ado suspeitas de uma alegada trai\u00e7\u00e3o de J\u00e9ssica a Afonso.<\/p>\n<p>Na passada sexta-feira, 1 de agosto,<strong> Andr\u00e9 Silva<\/strong> marcou presen\u00e7a no <strong>\u2018Dois \u00e0s 10\u2019<\/strong> e<a href=\"https:\/\/cusquices.com\/andre-silva-lanca-suspeita-bombastica-em-direto-sobre-o-fim-do-relacionamento-de-jessica-e-afonso-leitao\/\" rel=\"nofollow noopener\" target=\"_blank\"> lan\u00e7ou em direto a suspeita que J\u00e9ssica Vieira traiu Afonso Leit\u00e3o<\/a> \u2013 \u201c<strong>\u00a0Eu vou dar a minha opini\u00e3o sincera, eu acho que quando come\u00e7ou o programa criticaram demasiado o Afonso, mas eu tenho quase certeza e que me caiam os bra\u00e7os, as m\u00e3os e tudo, a J\u00e9ssica tamb\u00e9m teve culpa no cart\u00f3rio. E se calhar muito antes do que o Afonso fez, ou do que o Afonso n\u00e3o sabe e pronto, fico por aqui<\/strong>\u201d \u2013 disse o ex-concorrente do Big Brother 2024.<\/p>\n<p>A not\u00edcia caiu que nem uma \u2018bomba\u2019 e c\u00e1 fora, o tema deu que falar. Inclusive, a <a href=\"https:\/\/cusquices.com\/mae-de-jessica-vieira-reage-em-direto-aos-rumores-de-traicao\/\" rel=\"nofollow noopener\" target=\"_blank\">m\u00e3e de J\u00e9ssica chegou a reagir em direto <\/a>quando marcou presen\u00e7a no<strong> \u2018\u00daltima Hora\u2019 do Big Brother Ver\u00e3o:<\/strong> \u201c<strong>H\u00e1 quem diga que a J\u00e9ssica traiu o Afonso e n\u00e3o vem os princ\u00edpios e a mulher que a J\u00e9ssica \u00e9. \u00c9, pronto, alguma coisa que veio no ar que a J\u00e9ssica traiu o Afonso, uma coisa assim, mas n\u00e3o importa. Mas est\u00e1 ali a mulher que ela \u00e9, a forma\u00e7\u00e3o que ela tem, a educa\u00e7\u00e3o que ela tem.\u00a0<\/strong>\u201c<\/p>\n<p>Andr\u00e9 Silva manteve-se discreto ap\u00f3s ter lan\u00e7ado a \u2018bomba\u2019 e esta quarta-feira, 6 de agosto, j\u00e1 veios \u00e0s redes sociais fazer um esclarecimento sobre a alegada trai\u00e7\u00e3o de J\u00e9ssica: <strong>\u201cDevido \u00e0 pol\u00e9mica gerada venho publicamente manifestar que de todo tinha como inten\u00e7\u00e3o criar toda esta especula\u00e7\u00e3o. Fa\u00e7o tamb\u00e9m esta nota, explicando que nada expus \u00e0 imprensa ap\u00f3s o sucedido, omitindo a comunica\u00e7\u00e3o com os mesmos, mas sim falei e justifiquei tudo \u00e0\/\u00e0s pessoa(s) representantes da Jessica c\u00e1 fora e posteriormente irei falar com a mesma ap\u00f3s o t\u00e9rmino do programa.\u201d<\/strong>, come\u00e7ou por dizer Andr\u00e9.<\/p>\n<p><strong>\u201cN\u00e3o tenho qualquer liga\u00e7\u00e3o \u00e0 fam\u00edlia do Afonso e ao pr\u00f3prio e vice versa em rela\u00e7\u00e3o \u00e0 Jessica. N\u00e3o tenho nada contra a J\u00e9ssica e nem tinha, nem tenho como objetivo denegrir a sua imagem enquanto concorrente ou pessoa. Com isto expresso as minhas sentidas desculpas a todos o intervenientes e lesados principalmente \u00e0 Jessica e \u00e0 sua fam\u00edlia e apesar de estar gravado, retiro aquilo que foi proferido por mim em rela\u00e7\u00e3o \u00e0 mesma\u201d<\/strong>, esclareceu Andr\u00e9.<\/p>\n<p>Andr\u00e9 revelou que tem sido alvo de mensagens de \u00f3dio, assim como a sua fam\u00edlia: <strong>\u201cN\u00e3o \u00e9 de todo f\u00e1cil um cont\u00ednuo \u00f3dio dado por apoiantes de ambas as partes, tais como incentivos ao suic\u00eddio, amea\u00e7as e nomes completamente desprez\u00e1veis, seja a mim e \u00e0 minha fam\u00edlia como tamb\u00e9m acontece \u00e0 J\u00e9ssica e \u00e0 sua fam\u00edlia. Verdade que uma pessoa quando entra num Reality a vida passa a ser toda exposta, mas h\u00e1 muita coisa que se pode evitar entre n\u00f3s que j\u00e1 participamos e esta era uma delas, pois s\u00e3o insinua\u00e7\u00f5es graves \u00e0 qual nada a mim me diz respeito e muito menos a pessoa interveniente estava presente para se poder manifestar.\u201d<\/strong><\/p>\n<p><strong>\u201cSempre fui uma pessoa fora de pol\u00e9micas e conflitos e apesar de o ter feito, de todo me revejo naquilo que gerei. Continuem a apoiar quem gostam, mas lembrem-se sempre, tal como eu agora o vou fazer, o jogo \u00e9 unicamente e exclusivamente l\u00e1 dentro, o Reality \u00e9 apenas uma passagem nas nossas vidas. \u201cErrar \u00e9 Humano, aprender com o erro \u00e9 ser s\u00e1bio e perdoar quem errou \u00e9 ser os dois\u201d.\u201d<\/strong>, rematou Andr\u00e9 Silva.<\/p>\n<p><img loading=\"lazy\" decoding=\"async\" width=\"575\" height=\"1024\" src=\"https:\/\/www.europesays.com\/pt\/wp-content\/uploads\/2025\/08\/andre-esclarece-575x1024.png\" alt=\"\" class=\"wp-image-97191 webpexpress-processed\"  \/><\/p>\n<p><strong>Leia tamb\u00e9m:<\/strong><\/p>\n<p>\t\t\t\t\t\t\t\t\t\t\t\t\t\t\t\t\t\t\t\t\t\t\t\t\t<img decoding=\"async\" src=\"https:\/\/www.europesays.com\/pt\/wp-content\/uploads\/2025\/07\/cusquices-logo-52x.png\" class=\"webpexpress-processed\"\/><\/p>\n<p>\t\t\t\t\t\t\t\t\t\t\t\t\t\t\t\t\t\t\t\t\t            \t\t\t\t\t\t\t\t\t\t\t\t\t\t\t\t\t\t\t\t\t\t\t\t\t\t\t\t\t\t\t\t\t\t\t\t\t\t\t<script async src=\"https:\/\/platform.twitter.com\/widgets.js\" charset=\"utf-8\"><\/script><\/p>\n","protected":false},"excerpt":{"rendered":"Share Tweet Share Share Email Andr\u00e9 Silva \u2018obrigado\u2019 a fazer esclarecimento ap\u00f3s ter lan\u00e7ado suspeitas de uma alegada&hellip;\n","protected":false},"author":2,"featured_media":11864,"comment_status":"","ping_status":"","sticky":false,"template":"","format":"standard","meta":{"footnotes":""},"categories":[8],"tags":[2031,4956,48,27,28,49,980,15,16,14,1417,25,26,21,22,12,13,19,20,32,23,24,33,17,18,29,30,31],"class_list":{"0":"post-19591","1":"post","2":"type-post","3":"status-publish","4":"format-standard","5":"has-post-thumbnail","7":"category-principais-noticias","8":"tag-afonso-leitao","9":"tag-andre-silva","10":"tag-big-brother","11":"tag-breaking-news","12":"tag-breakingnews","13":"tag-destaques","14":"tag-famosos","15":"tag-featured-news","16":"tag-featurednews","17":"tag-headlines","18":"tag-jessica-vieira","19":"tag-latest-news","20":"tag-latestnews","21":"tag-main-news","22":"tag-mainnews","23":"tag-news","24":"tag-noticias","25":"tag-noticias-principais","26":"tag-noticiasprincipais","27":"tag-portugal","28":"tag-principais-noticias","29":"tag-principaisnoticias","30":"tag-pt","31":"tag-top-stories","32":"tag-topstories","33":"tag-ultimas","34":"tag-ultimas-noticias","35":"tag-ultimasnoticias"},"share_on_mastodon":{"url":"","error":""},"_links":{"self":[{"href":"https:\/\/www.europesays.com\/pt\/wp-json\/wp\/v2\/posts\/19591","targetHints":{"allow":["GET"]}}],"collection":[{"href":"https:\/\/www.europesays.com\/pt\/wp-json\/wp\/v2\/posts"}],"about":[{"href":"https:\/\/www.europesays.com\/pt\/wp-json\/wp\/v2\/types\/post"}],"author":[{"embeddable":true,"href":"https:\/\/www.europesays.com\/pt\/wp-json\/wp\/v2\/users\/2"}],"replies":[{"embeddable":true,"href":"https:\/\/www.europesays.com\/pt\/wp-json\/wp\/v2\/comments?post=19591"}],"version-history":[{"count":0,"href":"https:\/\/www.europesays.com\/pt\/wp-json\/wp\/v2\/posts\/19591\/revisions"}],"wp:featuredmedia":[{"embeddable":true,"href":"https:\/\/www.europesays.com\/pt\/wp-json\/wp\/v2\/media\/11864"}],"wp:attachment":[{"href":"https:\/\/www.europesays.com\/pt\/wp-json\/wp\/v2\/media?parent=19591"}],"wp:term":[{"taxonomy":"category","embeddable":true,"href":"https:\/\/www.europesays.com\/pt\/wp-json\/wp\/v2\/categories?post=19591"},{"taxonomy":"post_tag","embeddable":true,"href":"https:\/\/www.europesays.com\/pt\/wp-json\/wp\/v2\/tags?post=19591"}],"curies":[{"name":"wp","href":"https:\/\/api.w.org\/{rel}","templated":true}]}}