{"id":195939,"date":"2025-12-20T11:55:15","date_gmt":"2025-12-20T11:55:15","guid":{"rendered":"https:\/\/www.europesays.com\/pt\/195939\/"},"modified":"2025-12-20T11:55:15","modified_gmt":"2025-12-20T11:55:15","slug":"medica-faz-alerta-apos-diagnostico-de-virginia-maior-numero-de-casos-no-mundo","status":"publish","type":"post","link":"https:\/\/www.europesays.com\/pt\/195939\/","title":{"rendered":"M\u00e9dica faz alerta ap\u00f3s diagn\u00f3stico de Virginia: &#8216;Maior n\u00famero de casos no mundo&#8217;"},"content":{"rendered":"<p>No ano de 2023, a influenciadora digital\u00a0<a href=\"https:\/\/caras.com.br\/tags\/virginia\" rel=\"nofollow noopener\" target=\"_blank\"><strong>Virginia Fonseca<\/strong><\/a>\u00a0recebeu o diagn\u00f3stico\u00a0de dengue. Hoje,\u00a0a famosa est\u00e1 completamente curada e recuperada, mas \u00e0 \u00e9poca, a assessoria de imprensa dela confirmou o quadro. Para entender mais sobre o assunto, a <strong>CARAS Brasil<\/strong> entrevista a <strong>Dra. Giovana G. De Paula<\/strong>.<\/p>\n<p>\t O que aconteceu com Virginia? <\/p>\n<p>\u00c0 \u00e9poca, Leo Dias afirmou, em um post feito no seu site, que Virginia estava com dengue e recebeu aux\u00edlio m\u00e9dico em sua casa. Ela estava com dor de cabe\u00e7a e cansa\u00e7o h\u00e1 alguns dias, o que a for\u00e7ou a ficar de repouso.<\/p>\n<p> Opini\u00e3o m\u00e9dica <\/p>\n<p>A m\u00e9dica Dra. Giovana G. De Paula, que exerce a profiss\u00e3o de m\u00e9dica generalista na Santa Casa de Miseric\u00f3rdia de Chavantes (SP) responde \u00e0 <strong>CARAS Brasil<\/strong> sobre o diagn\u00f3stico de dengue.<\/p>\n<p>\u201c\u00c9 uma doen\u00e7a viral causada pelo v\u00edrus da dengue, transmitida pela picada do mosquito Aedes aegypti. N\u00e3o h\u00e1 transmiss\u00e3o direta de pessoa para pessoa, o cont\u00e1gio acontece exclusivamente pela picada do mosquito infectado\u201d, declara.<\/p>\n<p>\t Quais os sintomas? <\/p>\n<p>Os sintomas costumam surgir de forma abrupta e podem variar de intensidade. Os mais comuns s\u00e3o:<\/p>\n<ul>\n<li>Febre alta (geralmente acima de 38,5 \u00b0C);<\/li>\n<li>Dor de cabe\u00e7a intensa;<\/li>\n<li>Dor atr\u00e1s dos olhos;<\/li>\n<li>Dores no corpo e nas articula\u00e7\u00f5es;<\/li>\n<li>Cansa\u00e7o extremo;<\/li>\n<li>N\u00e1useas e v\u00f4mitos;<\/li>\n<li>Manchas vermelhas na pele<\/li>\n<\/ul>\n<p>\u201cEm alguns casos, podem surgir sinais de alerta, como dor abdominal intensa, v\u00f4mitos persistentes, sangramentos e queda da press\u00e3o, que indicam formas mais graves da doen\u00e7a e exigem atendimento imediato\u201d, diz a m\u00e9dica.<\/p>\n<p> Dados que chamam a aten\u00e7\u00e3o <\/p>\n<p>O Brasil ultrapassou a marca de um milh\u00e3o de casos prov\u00e1veis de dengue no ano de 2025, conforme dados divulgados pelo Minist\u00e9rio da Sa\u00fade. A Dra. Giovana G. de Paula explica sobre a incid\u00eancia na doen\u00e7a.<\/p>\n<p>\u201cA dengue \u00e9 muito comum no Brasil. Isso ocorre porque o pa\u00eds re\u00fane condi\u00e7\u00f5es ideais para a prolifera\u00e7\u00e3o do mosquito: Clima quente e \u00famid; chuvas frequentes; urbaniza\u00e7\u00e3o intensa, muitas vezes com ac\u00famulo de \u00e1gua parada; dificuldade hist\u00f3rica no controle do vetor. Esses fatores fazem com que o Brasil esteja entre os pa\u00edses com maior n\u00famero de casos no mundo\u201d, afirma.<\/p>\n<p>\t Saiba mais sobre o tratamento <\/p>\n<p>Segundo a Dra. Giovana G. de Paula, o acompanhamento m\u00e9dico \u00e9 fundamental, especialmente nos primeiros dias da doen\u00e7a, para identificar sinais de gravidade.<\/p>\n<p>\u201cN\u00e3o existe um medicamento espec\u00edfico para \u201cmatar\u201d o v\u00edrus da dengue. O tratamento \u00e9 de suporte, focado em: Hidrata\u00e7\u00e3o intensa (\u00e1gua, soro oral); Repouso; Uso de medicamentos para dor e febre, como paracetamol ou dipirona. Medicamentos como anti-inflamat\u00f3rios e AAS (aspirina) s\u00e3o contraindicados, pois aumentam o risco de sangramentos\u201d, finaliza ao analisar casos como da <a href=\"https:\/\/www.instagram.com\/virginia\/\" rel=\"nofollow noopener\" target=\"_blank\">influenciadora<\/a>.<\/p>\n<p><strong>Leia mais<\/strong>: <a href=\"https:\/\/caras.com.br\/bem-estar\/medico-alerta-para-diagnostico-apos-caso-de-virginia-nao-existe-um-remedio-especifico-que-cure.phtml\" rel=\"nofollow noopener\" target=\"_blank\">M\u00e9dico alerta para diagn\u00f3stico ap\u00f3s caso de Virginia: \u2018N\u00e3o existe um rem\u00e9dio espec\u00edfico que cure\u2019<\/a><\/p>\n<p>\t CONFIRA UMA PUBLICA\u00c7\u00c3O RECENTE DA INFLUENCIADORA VIRGINIA NAS REDES SOCIAIS: <\/p>\n<blockquote class=\"instagram-media\" style=\"background: #FFF; border: 0; border-radius: 3px; box-shadow: 0 0 1px 0 rgba(0,0,0,0.5),0 1px 10px 0 rgba(0,0,0,0.15); margin: 1px; max-width: 540px; min-width: 326px; padding: 0; width: calc(100% - 2px);\" data-instgrm-captioned=\"\" data-instgrm-permalink=\"https:\/\/www.instagram.com\/reel\/DSafKc1DG0d\/?utm_source=ig_embed&amp;utm_campaign=loading\" data-instgrm-version=\"14\"><\/blockquote>\n<p>        <a href=\"https:\/\/caras.com.br\/autor\/dra-giovana-g-de-paula\" rel=\"nofollow noopener\" target=\"_blank\">&#13;<br \/>\n          <img loading=\"lazy\" decoding=\"async\" alt=\"Dra. Giovana G. De Paula\" src=\"https:\/\/www.europesays.com\/pt\/wp-content\/uploads\/2025\/12\/Imagem-do-WhatsApp-de-2025-04-03-as-16.52.57_a04be4ab-150x150.jpg\" class=\"avatar avatar-115 photo rounded-circle\" height=\"115\" width=\"115\"\/>        <\/a><\/p>\n<p><b>Dra. Giovana\u00a0G.\u00a0De\u00a0Paula\u00a0<\/b>(CRM 259.464) \u00e9 formada em Medicina pela UNOESTE. Atualmente, exerce a profiss\u00e3o de m\u00e9dica generalista na Santa Casa de Miseric\u00f3rdia de Chavantes (SP), atuando com foco em urg\u00eancia e emerg\u00eancia, al\u00e9m de atuar na enfermaria da Cl\u00ednica M\u00e9dica. Na cidade de Ourinhos (SP), \u00e9 membro da Equipe Megatronic UTI M\u00f3vel, onde realiza transfer\u00eancias inter-hospitalares de pacientes em cuidado\u00a0intensivo.<\/p>\n<p>\t                                            <script async src=\"\/\/www.instagram.com\/embed.js\"><\/script><\/p>\n","protected":false},"excerpt":{"rendered":"No ano de 2023, a influenciadora digital\u00a0Virginia Fonseca\u00a0recebeu o diagn\u00f3stico\u00a0de dengue. Hoje,\u00a0a famosa est\u00e1 completamente curada e recuperada,&hellip;\n","protected":false},"author":2,"featured_media":195940,"comment_status":"","ping_status":"","sticky":false,"template":"","format":"standard","meta":{"footnotes":""},"categories":[145],"tags":[211,210,1891,114,115,3044,32,33,973],"class_list":{"0":"post-195939","1":"post","2":"type-post","3":"status-publish","4":"format-standard","5":"has-post-thumbnail","7":"category-celebridades","8":"tag-celebridades","9":"tag-celebrities","10":"tag-dengue","11":"tag-entertainment","12":"tag-entretenimento","13":"tag-medica","14":"tag-portugal","15":"tag-pt","16":"tag-virginia"},"share_on_mastodon":{"url":"https:\/\/pubeurope.com\/@pt\/115751769046511628","error":""},"_links":{"self":[{"href":"https:\/\/www.europesays.com\/pt\/wp-json\/wp\/v2\/posts\/195939","targetHints":{"allow":["GET"]}}],"collection":[{"href":"https:\/\/www.europesays.com\/pt\/wp-json\/wp\/v2\/posts"}],"about":[{"href":"https:\/\/www.europesays.com\/pt\/wp-json\/wp\/v2\/types\/post"}],"author":[{"embeddable":true,"href":"https:\/\/www.europesays.com\/pt\/wp-json\/wp\/v2\/users\/2"}],"replies":[{"embeddable":true,"href":"https:\/\/www.europesays.com\/pt\/wp-json\/wp\/v2\/comments?post=195939"}],"version-history":[{"count":0,"href":"https:\/\/www.europesays.com\/pt\/wp-json\/wp\/v2\/posts\/195939\/revisions"}],"wp:featuredmedia":[{"embeddable":true,"href":"https:\/\/www.europesays.com\/pt\/wp-json\/wp\/v2\/media\/195940"}],"wp:attachment":[{"href":"https:\/\/www.europesays.com\/pt\/wp-json\/wp\/v2\/media?parent=195939"}],"wp:term":[{"taxonomy":"category","embeddable":true,"href":"https:\/\/www.europesays.com\/pt\/wp-json\/wp\/v2\/categories?post=195939"},{"taxonomy":"post_tag","embeddable":true,"href":"https:\/\/www.europesays.com\/pt\/wp-json\/wp\/v2\/tags?post=195939"}],"curies":[{"name":"wp","href":"https:\/\/api.w.org\/{rel}","templated":true}]}}