{"id":19594,"date":"2025-08-07T11:05:12","date_gmt":"2025-08-07T11:05:12","guid":{"rendered":"https:\/\/www.europesays.com\/pt\/19594\/"},"modified":"2025-08-07T11:05:12","modified_gmt":"2025-08-07T11:05:12","slug":"dicas-de-astrofotografia-com-celular","status":"publish","type":"post","link":"https:\/\/www.europesays.com\/pt\/19594\/","title":{"rendered":"dicas de astrofotografia com celular"},"content":{"rendered":"<p><img decoding=\"async\" fetchpriority=\"high\" src=\"https:\/\/www.europesays.com\/pt\/wp-content\/uploads\/2025\/08\/8a4nplrn23cfxyyfiisa38s1y.jpg\" width=\"906\" height=\"509\" alt=\"Sofia Leite no podcast iG Foi Pro Espa\u00e7o\" title=\"Sofia Leite no podcast iG Foi Pro Espa\u00e7o\"\/>Portal IG<\/p>\n<p>Sofia Leite no podcast iG Foi Pro Espa\u00e7o<\/p>\n<p>A astrofotografa e estudante de astronomia da UFRJ, Sofia Leite Fonseca, compartilhou dicas para iniciantes que desejam captar imagens do <strong>c\u00e9u noturno<\/strong>, em epis\u00f3dio recente do podcast O <a href=\"https:\/\/ultimosegundo.ig.com.br\/ciencia\/2025-08-06\/aprenda-sobre-astrofotografia-no-ig-foi-pro-espaco-desta-semana.html\" target=\"_blank\" rel=\"noopener nofollow\" data-mce-href=\"https:\/\/ultimosegundo.ig.com.br\/ciencia\/2025-08-06\/aprenda-sobre-astrofotografia-no-ig-foi-pro-espaco-desta-semana.html\" data-mce->iG Foi Pro Espa\u00e7o<\/a>, transmitido ao vivo todas as quartas-feiras, \u00e0s 18h, no canal do YouTube do Portal iG.<\/p>\n<p>Durante a conversa, Sofia explicou como fotografar estrelas, a Lua e at\u00e9 <strong>gal\u00e1xias<\/strong>, usando desde equipamentos profissionais at\u00e9 o pr\u00f3prio celular.<\/p>\n<p>Segundo ela, a pr\u00e1tica exige paci\u00eancia e persist\u00eancia. \u201c Das fotos que voc\u00ea tirar numa noite, 60% ou 70% v\u00e3o estar ruins. Mas entre elas v\u00e3o estar os cliques que voc\u00ea mais vai gostar \u201d, disse.<\/p>\n<p>A paix\u00e3o de Sofia pela astronomia come\u00e7ou em 2018, durante uma noite estrelada em Pindamonhangaba (SP), ao lado da m\u00e3e. A curiosidade que come\u00e7ou com\u00a0signos logo se transformou em interesse pela ci\u00eancia.<\/p>\n<p>\u201c Eu gostava desse neg\u00f3cio de signo, astrologia. A\u00ed comecei a pesquisar sobre constela\u00e7\u00f5es e vi que n\u00e3o era s\u00f3 o <strong>Hubble<\/strong> ou o <strong>James Webb<\/strong> que conseguiam registrar o c\u00e9u. A fotografia me mostrou que eu tamb\u00e9m podia \u201d, contou.<\/p>\n<p>Ela relata que o come\u00e7o foi frustrante, mas que, com o tempo, a pr\u00e1tica levou \u00e0 evolu\u00e7\u00e3o t\u00e9cnica. \u201c Tem que ter paci\u00eancia. At\u00e9 eu comecei assim, tentando com uma c\u00e2mera simples .\u201d<\/p>\n<p>Da forma\u00e7\u00e3o a\u00a0ca\u00e7ada de eclipses<\/p>\n<p>Mesmo cursando uma gradua\u00e7\u00e3o repleta de c\u00e1lculos e programa\u00e7\u00e3o, Sofia v\u00ea um elo entre a <strong>astronomia<\/strong> e a astrofotografia. \u201c Na gradua\u00e7\u00e3o, a gente usa telesc\u00f3pios para obter dados cient\u00edficos. J\u00e1 a c\u00e2mera serve para registrar imagens que emocionam. \u00c9 um paralelo interessante .\u201d<\/p>\n<p>Ela destaca que muitos n\u00e3o sabem que o <strong>Brasil<\/strong> tem apenas dois cursos de gradua\u00e7\u00e3o em Astronomia: um na UFRJ e outro na USP. \u201c \u00c9 uma comunidade muito pequena. Muita gente nem sabe que esse curso existe. \u201d<\/p>\n<p>Sofia tamb\u00e9m compartilhou a experi\u00eancia de presenciar um <strong>eclipse solar<\/strong> total nos <strong>Estados Unidos<\/strong>, que classificou como \u201c a mais insana \u201d da sua vida. Ela contou que a temperatura caiu e o c\u00e9u se transformou completamente.<\/p>\n<p>\u201c Voc\u00ea v\u00ea um <strong>sol negro<\/strong>, parece que o mundo inteiro est\u00e1 num p\u00f4r do sol. \u00c9 como se o planeta inteiro parasse. Os animais reagem como se o dia tivesse acabado. \u00c9 uma coisa extraterrestre .\u201d<\/p>\n<p>Ela tamb\u00e9m presenciou o <strong>eclipse anelar<\/strong> de 2023 no Maranh\u00e3o e j\u00e1 se prepara para o <strong>eclipse total<\/strong> de 2026, que passar\u00e1 pela Isl\u00e2ndia e Espanha.<\/p>\n<p class=\"\">O pr\u00f3ximo grande evento ser\u00e1 em 02 de agosto de 2027, com dura\u00e7\u00e3o de\u00a0seis minutos, vis\u00edvel no norte da \u00c1frica e Egito.<\/p>\n<p class=\"\">A astrofotografa refor\u00e7a que \u00e9 poss\u00edvel come\u00e7ar com o celular. O mais importante, segundo ela, \u00e9 a insist\u00eancia. \u201c Mesmo com poucas fotos boas, vale a pena. A emo\u00e7\u00e3o de capturar o c\u00e9u \u00e9 indescrit\u00edvel .\u201d<\/p>\n","protected":false},"excerpt":{"rendered":"Portal IG Sofia Leite no podcast iG Foi Pro Espa\u00e7o A astrofotografa e estudante de astronomia da UFRJ,&hellip;\n","protected":false},"author":2,"featured_media":19595,"comment_status":"","ping_status":"","sticky":false,"template":"","format":"standard","meta":{"footnotes":""},"categories":[144],"tags":[207,205,206,203,201,202,204,2173,114,115,2085,7211,32,33,7210],"class_list":{"0":"post-19594","1":"post","2":"type-post","3":"status-publish","4":"format-standard","5":"has-post-thumbnail","7":"category-arte-e-design","8":"tag-arte","9":"tag-arte-e-design","10":"tag-artedesign","11":"tag-arts","12":"tag-arts-and-design","13":"tag-artsanddesign","14":"tag-design","15":"tag-eclipse","16":"tag-entertainment","17":"tag-entretenimento","18":"tag-fotografia","19":"tag-ig-foi-pro-espaco","20":"tag-portugal","21":"tag-pt","22":"tag-ufrj"},"share_on_mastodon":{"url":"","error":""},"_links":{"self":[{"href":"https:\/\/www.europesays.com\/pt\/wp-json\/wp\/v2\/posts\/19594","targetHints":{"allow":["GET"]}}],"collection":[{"href":"https:\/\/www.europesays.com\/pt\/wp-json\/wp\/v2\/posts"}],"about":[{"href":"https:\/\/www.europesays.com\/pt\/wp-json\/wp\/v2\/types\/post"}],"author":[{"embeddable":true,"href":"https:\/\/www.europesays.com\/pt\/wp-json\/wp\/v2\/users\/2"}],"replies":[{"embeddable":true,"href":"https:\/\/www.europesays.com\/pt\/wp-json\/wp\/v2\/comments?post=19594"}],"version-history":[{"count":0,"href":"https:\/\/www.europesays.com\/pt\/wp-json\/wp\/v2\/posts\/19594\/revisions"}],"wp:featuredmedia":[{"embeddable":true,"href":"https:\/\/www.europesays.com\/pt\/wp-json\/wp\/v2\/media\/19595"}],"wp:attachment":[{"href":"https:\/\/www.europesays.com\/pt\/wp-json\/wp\/v2\/media?parent=19594"}],"wp:term":[{"taxonomy":"category","embeddable":true,"href":"https:\/\/www.europesays.com\/pt\/wp-json\/wp\/v2\/categories?post=19594"},{"taxonomy":"post_tag","embeddable":true,"href":"https:\/\/www.europesays.com\/pt\/wp-json\/wp\/v2\/tags?post=19594"}],"curies":[{"name":"wp","href":"https:\/\/api.w.org\/{rel}","templated":true}]}}