{"id":195945,"date":"2025-12-20T12:01:09","date_gmt":"2025-12-20T12:01:09","guid":{"rendered":"https:\/\/www.europesays.com\/pt\/195945\/"},"modified":"2025-12-20T12:01:09","modified_gmt":"2025-12-20T12:01:09","slug":"thiago-silva-perto-de-voltar-ao-fc-porto","status":"publish","type":"post","link":"https:\/\/www.europesays.com\/pt\/195945\/","title":{"rendered":"Thiago Silva perto de voltar ao FC Porto"},"content":{"rendered":"<p>Thiago Silva est\u00e1 perto de voltar ao FC Porto.<\/p>\n<p>A not\u00edcia da abordagem dos drag\u00f5es foi avan\u00e7ada em It\u00e1lia, sendo que, neste momento, o\u00a0defesa-central internacional brasileiro \u00e9 um s\u00e9rio candidato a refor\u00e7ar o plantel de Francesco Farioli na reabertura de mercado, segundo apurou o nosso jornal.<\/p>\n<p>Thiago Silva, de 41 anos, terminou neste m\u00eas de dezembro contrato com o Fluminense e est\u00e1 decidido a continuar a carreira e a voltar \u00e0 Europa, com o FC Porto na frente da corrida, que tamb\u00e9m tem alguns clubes italianos como interessados.<\/p>\n<p>O central brasileiro representou os drag\u00f5es no in\u00edcio de carreira, tendo feito pouco mais de uma dezena de jogos pela equipa B em 2004\/05, antes de ser transferido para o D\u00ednamo de Moscovo.<\/p>\n<p>Na sua carreira,\u00a0Thiago Silva destacou-se ao servi\u00e7o de Milan, Paris Saint-Germain e Chelsea, tendo na sua carreira conquistado 31 t\u00edtulos, entre os quais a Liga dos Campe\u00f5es, Mundial de Clubes, Liga Francesa (por seis vezes) e Liga Italiana.<\/p>\n<p>Dado o seu papel como l\u00edder dentro e fora de campo, o central foi tamb\u00e9m capit\u00e3o da sele\u00e7\u00e3o do Brasil, tendo registado 113 internacionaliza\u00e7\u00f5es e sete golos pelo escrete, pelo qual conquistou uma Copa Am\u00e9rica e uma Ta\u00e7a das Confedera\u00e7\u00f5es.<\/p>\n<p>Apesar da veterania, neste ano de 2025, o defesa fez 46 jogos pelo Fluminense, tendo apontado quatro golos.<\/p>\n<p>O eixo da defesa \u00e9 um dos setores que o FC Porto tem como priorit\u00e1rios para refor\u00e7ar na reabertura do mercado, sobretudo para suprir a aus\u00eancia de Nehu\u00e9n P\u00e9rez, a recuperar de uma grave les\u00e3o no tend\u00e3o de Aquiles, e Thiago Silva \u00e9 visto como uma solu\u00e7\u00e3o de baixo risco, com um contrato de curta dura\u00e7\u00e3o, e capacidade de integra\u00e7\u00e3o imediata.<\/p>\n","protected":false},"excerpt":{"rendered":"Thiago Silva est\u00e1 perto de voltar ao FC Porto. A not\u00edcia da abordagem dos drag\u00f5es foi avan\u00e7ada em&hellip;\n","protected":false},"author":2,"featured_media":195946,"comment_status":"","ping_status":"","sticky":false,"template":"","format":"standard","meta":{"footnotes":""},"categories":[87],"tags":[726,135,282,34470,46,42,32,33,47,134,39129,35],"class_list":{"0":"post-195945","1":"post","2":"type-post","3":"status-publish","4":"format-standard","5":"has-post-thumbnail","7":"category-desporto","8":"tag-brasil","9":"tag-desporto","10":"tag-fc-porto","11":"tag-fluminense","12":"tag-maisfutebol","13":"tag-mercado","14":"tag-portugal","15":"tag-pt","16":"tag-pura-paixao","17":"tag-sports","18":"tag-thiago-silva","19":"tag-transferencias"},"share_on_mastodon":{"url":"https:\/\/pubeurope.com\/@pt\/115751792531532926","error":""},"_links":{"self":[{"href":"https:\/\/www.europesays.com\/pt\/wp-json\/wp\/v2\/posts\/195945","targetHints":{"allow":["GET"]}}],"collection":[{"href":"https:\/\/www.europesays.com\/pt\/wp-json\/wp\/v2\/posts"}],"about":[{"href":"https:\/\/www.europesays.com\/pt\/wp-json\/wp\/v2\/types\/post"}],"author":[{"embeddable":true,"href":"https:\/\/www.europesays.com\/pt\/wp-json\/wp\/v2\/users\/2"}],"replies":[{"embeddable":true,"href":"https:\/\/www.europesays.com\/pt\/wp-json\/wp\/v2\/comments?post=195945"}],"version-history":[{"count":0,"href":"https:\/\/www.europesays.com\/pt\/wp-json\/wp\/v2\/posts\/195945\/revisions"}],"wp:featuredmedia":[{"embeddable":true,"href":"https:\/\/www.europesays.com\/pt\/wp-json\/wp\/v2\/media\/195946"}],"wp:attachment":[{"href":"https:\/\/www.europesays.com\/pt\/wp-json\/wp\/v2\/media?parent=195945"}],"wp:term":[{"taxonomy":"category","embeddable":true,"href":"https:\/\/www.europesays.com\/pt\/wp-json\/wp\/v2\/categories?post=195945"},{"taxonomy":"post_tag","embeddable":true,"href":"https:\/\/www.europesays.com\/pt\/wp-json\/wp\/v2\/tags?post=195945"}],"curies":[{"name":"wp","href":"https:\/\/api.w.org\/{rel}","templated":true}]}}