{"id":195951,"date":"2025-12-20T12:07:25","date_gmt":"2025-12-20T12:07:25","guid":{"rendered":"https:\/\/www.europesays.com\/pt\/195951\/"},"modified":"2025-12-20T12:07:25","modified_gmt":"2025-12-20T12:07:25","slug":"aviao-desaparecido-ha-13-anos-e-encontrado-em-aeroporto-na-india-e-gera-multa-de-estacionamento-para-a-companhia","status":"publish","type":"post","link":"https:\/\/www.europesays.com\/pt\/195951\/","title":{"rendered":"Avi\u00e3o &#8216;desaparecido&#8217; h\u00e1 13 anos \u00e9 encontrado em aeroporto na \u00cdndia e gera multa de estacionamento para a companhia"},"content":{"rendered":"\n<p class=\" content-text__container theme-color-primary-first-letter\" data-track-category=\"Link no Texto\" data-track-links=\"\"> A companhia a\u00e9rea Air India localizou uma aeronave modelo Boeing 737-200, que havia desaparecido dos registros internos da empresa, e estava perdida h\u00e1 13 anos. O avi\u00e3o de 30,5m de comprimento e envergadura de cerca de 28 metros estava esquecida em um canto remoto do Aeroporto de Kolkata desde 2012, de acordo com relatos da imprensa internacional desta nesta quinta-feira. A descoberta, que provocou curiosidade, gerou ainda uma multa de milh\u00f5es de r\u00fapias para a empresa. <\/p>\n<ul class=\"content-unordered-list\">\n<li><strong>Entenda: <\/strong><a class=\"\" href=\"https:\/\/oglobo.globo.com\/mundo\/epoca\/noticia\/2025\/12\/17\/apos-pedir-ultima-refeicao-hipercalorica-condenado-a-morte-nos-eua-tem-execucao-adiada-entenda.ghtml\" rel=\"nofollow noopener\" target=\"_blank\">Ap\u00f3s pedir \u00faltima refei\u00e7\u00e3o hipercal\u00f3rica, condenado \u00e0 morte nos EUA tem execu\u00e7\u00e3o adiada<\/a><\/li>\n<li><strong>Visitante de fora do Sistema Solar:<\/strong> <a class=\"\" href=\"https:\/\/oglobo.globo.com\/mundo\/clima-e-ciencia\/noticia\/2025\/12\/18\/cometa-interestelar-3iatlas-tem-aproximacao-maxima-da-terra-nesta-sexta-e-vai-embora-para-sempre.ghtml\" rel=\"nofollow noopener\" target=\"_blank\">Cometa interestelar 3I\/Atlas tem aproxima\u00e7\u00e3o m\u00e1xima da Terra nesta sexta e vai embora para sempre <\/a><\/li>\n<\/ul>\n<p class=\" content-text__container \" data-track-category=\"Link no Texto\" data-track-links=\"\"> O jato comercial, constru\u00eddo h\u00e1 cerca de 43 anos e registrado como VT-EHH, foi originalmente operado pela Indian Airlines, que se fundiu com a Air India em 2007. Posteriormente, o avi\u00e3o foi alugado para a Indian Post como aeronave de carga, antes de ser desativado e estacionado no aeroporto. <\/p>\n<ul class=\"content-unordered-list\">\n<li><strong>Sem consenso:<\/strong> <a class=\"\" href=\"https:\/\/oglobo.globo.com\/mundo\/noticia\/2025\/12\/18\/sem-consenso-lideres-da-ue-se-reunem-para-decidir-sobre-uso-de-ativos-russos-para-financiar-a-ucrania.ghtml\" rel=\"nofollow noopener\" target=\"_blank\">L\u00edderes da UE se re\u00fanem para decidir sobre uso de ativos russos para financiar a Ucr\u00e2nia<\/a><\/li>\n<\/ul>\n<p class=\" content-text__container \" data-track-category=\"Link no Texto\" data-track-links=\"\"> Com o tempo, falhas na gest\u00e3o de registros e trocas de pessoal fizeram com que o avi\u00e3o &#8220;sumisse&#8221; dos sistemas de controle da companhia a\u00e9rea, de modo que a Air India n\u00e3o sabia que ainda possu\u00eda o Boeing. S\u00f3 ap\u00f3s uma notifica\u00e7\u00e3o das autoridades do aeroporto, exigindo a remo\u00e7\u00e3o da aeronave, \u00e9 que a empresa tomou ci\u00eancia da posse do bem, durante uma auditoria interna. <\/p>\n<p>    Avi\u00e3o com 242 pessoas cai durante decolagem na \u00cdndia         <\/p>\n<p>Modelo da aeronave era um Boeing 787\u20118 Dreamliner e seguia com destino a Londres<\/p>\n<p class=\" content-text__container \" data-track-category=\"Link no Texto\" data-track-links=\"\"> A redescoberta da aeronave n\u00e3o se encerrou apenas como um fato pitoresco para a companhia a\u00e9rea, que foi multada em quase 10 milh\u00f5es de r\u00fapias indianas (cerca de R$ 610 mil) referente a taxas de estacionamento acumuladas durante o per\u00edodo em que o avi\u00e3o ficou parado no aeroporto, sem uso. <\/p>\n<ul class=\"content-unordered-list\">\n<li><strong>An\u00e1lise:<\/strong> <a class=\"\" href=\"https:\/\/oglobo.globo.com\/mundo\/noticia\/2025\/12\/17\/analise-bloqueio-a-petroleiros-da-venezuela-aponta-interesses-de-trump-em-recursos-e-estrategia-de-contencao-a-china.ghtml\" rel=\"nofollow noopener\" target=\"_blank\">Trump justifica cerco \u00e0 Venezuela com combate \u00e0s drogas, mas deixa claro interesse econ\u00f4mico<\/a><\/li>\n<\/ul>\n<p class=\" content-text__container \" data-track-category=\"Link no Texto\" data-track-links=\"\"> O futuro da aeronave desaparecida j\u00e1 foi definido. Ela ser\u00e1 transportada por estrada at\u00e9 Bengaluru, onde ser\u00e1 usada como plataforma de treinamento terrestre para equipes e t\u00e9cnicos de manuten\u00e7\u00e3o \u2014 um destino mais pr\u00f3ximo de suas ocupa\u00e7\u00f5es nos \u00faltimos 13 anos em solo, longe dos tempos em que riscou os c\u00e9us da \u00cdndia. <\/p>\n","protected":false},"excerpt":{"rendered":"A companhia a\u00e9rea Air India localizou uma aeronave modelo Boeing 737-200, que havia desaparecido dos registros internos da&hellip;\n","protected":false},"author":2,"featured_media":195952,"comment_status":"","ping_status":"","sticky":false,"template":"","format":"standard","meta":{"footnotes":""},"categories":[50],"tags":[27,28,15,16,319,14,2426,25,26,21,22,62,12,13,19,20,23,24,318,17,18,29,30,31,63,64,65],"class_list":{"0":"post-195951","1":"post","2":"type-post","3":"status-publish","4":"format-standard","5":"has-post-thumbnail","7":"category-mundo","8":"tag-breaking-news","9":"tag-breakingnews","10":"tag-featured-news","11":"tag-featurednews","12":"tag-hard-news","13":"tag-headlines","14":"tag-india","15":"tag-latest-news","16":"tag-latestnews","17":"tag-main-news","18":"tag-mainnews","19":"tag-mundo","20":"tag-news","21":"tag-noticias","22":"tag-noticias-principais","23":"tag-noticiasprincipais","24":"tag-principais-noticias","25":"tag-principaisnoticias","26":"tag-radar","27":"tag-top-stories","28":"tag-topstories","29":"tag-ultimas","30":"tag-ultimas-noticias","31":"tag-ultimasnoticias","32":"tag-world","33":"tag-world-news","34":"tag-worldnews"},"share_on_mastodon":{"url":"https:\/\/pubeurope.com\/@pt\/115751816509930188","error":""},"_links":{"self":[{"href":"https:\/\/www.europesays.com\/pt\/wp-json\/wp\/v2\/posts\/195951","targetHints":{"allow":["GET"]}}],"collection":[{"href":"https:\/\/www.europesays.com\/pt\/wp-json\/wp\/v2\/posts"}],"about":[{"href":"https:\/\/www.europesays.com\/pt\/wp-json\/wp\/v2\/types\/post"}],"author":[{"embeddable":true,"href":"https:\/\/www.europesays.com\/pt\/wp-json\/wp\/v2\/users\/2"}],"replies":[{"embeddable":true,"href":"https:\/\/www.europesays.com\/pt\/wp-json\/wp\/v2\/comments?post=195951"}],"version-history":[{"count":0,"href":"https:\/\/www.europesays.com\/pt\/wp-json\/wp\/v2\/posts\/195951\/revisions"}],"wp:featuredmedia":[{"embeddable":true,"href":"https:\/\/www.europesays.com\/pt\/wp-json\/wp\/v2\/media\/195952"}],"wp:attachment":[{"href":"https:\/\/www.europesays.com\/pt\/wp-json\/wp\/v2\/media?parent=195951"}],"wp:term":[{"taxonomy":"category","embeddable":true,"href":"https:\/\/www.europesays.com\/pt\/wp-json\/wp\/v2\/categories?post=195951"},{"taxonomy":"post_tag","embeddable":true,"href":"https:\/\/www.europesays.com\/pt\/wp-json\/wp\/v2\/tags?post=195951"}],"curies":[{"name":"wp","href":"https:\/\/api.w.org\/{rel}","templated":true}]}}