{"id":195955,"date":"2025-12-20T12:09:16","date_gmt":"2025-12-20T12:09:16","guid":{"rendered":"https:\/\/www.europesays.com\/pt\/195955\/"},"modified":"2025-12-20T12:09:16","modified_gmt":"2025-12-20T12:09:16","slug":"como-e-que-o-emprestimo-da-ue-a-ucrania-se-desmoronou-a-ultima-hora","status":"publish","type":"post","link":"https:\/\/www.europesays.com\/pt\/195955\/","title":{"rendered":"Como \u00e9 que o empr\u00e9stimo da UE \u00e0 Ucr\u00e2nia se desmoronou \u00e0 \u00faltima hora?"},"content":{"rendered":"<p>Era t\u00e3o ousada que, por vezes, parecia imposs\u00edvel &#8211; e, no fim, era mesmo.<\/p>\n<p>A tentativa da Uni\u00e3o Europeia de canalizar os ativos russos imobilizados do Banco Central para um empr\u00e9stimo de repara\u00e7\u00e3o a juro zero fracassou quando os 27 l\u00edderes do bloco, confrontados com um salto para o desconhecido, optaram por apoiar a resist\u00eancia da Ucr\u00e2nia com o m\u00e9todo testado e comprovado da d\u00edvida conjunta.<\/p>\n<p>&#8220;Se aceitarmos dinheiro de Putin, ficamos expostos&#8221;, disse o primeiro-ministro belga Bart De Wever, o principal opositor do empr\u00e9stimo de repara\u00e7\u00e3o, explicando o seu fracasso. &#8220;As pessoas gostam de ter certezas, e onde \u00e9 que podemos encontrar certezas? Em \u00e1guas conhecidas.&#8221;<\/p>\n<p>O bloco ir\u00e1 agora aos mercados para angariar 90 mil milh\u00f5es de euros por si pr\u00f3prio, sem tocar nos 210 mil milh\u00f5es de euros em ativos russos, que permanecer\u00e3o<a href=\"https:\/\/pt.euronews.com\/my-europe\/2025\/12\/13\/ao-bloquear-definitivamente-os-ativos-russos-a-ue-esta-finalmente-a-jogar-duro\" rel=\"nofollow noopener\" target=\"_blank\"> imobilizados at\u00e9 que Moscovo cesse a sua guerra<\/a> de agress\u00e3o e compense Kiev pelos danos.<\/p>\n<p>A escolha significa que n\u00e3o haver\u00e1 empr\u00e9stimo de repara\u00e7\u00e3o &#8211; e n\u00e3o \u00e9 o que a Comiss\u00e3o Europeia tinha prometido \u00e0 Ucr\u00e2nia, uma proposta complexa que os defensores consideraram engenhosa e os opositores disseram ser imprudente.<\/p>\n<p>A Euronews reuniu os acontecimentos dos \u00faltimos quatro meses para perceber como e porque \u00e9 que o empr\u00e9stimo de repara\u00e7\u00e3o desmoronou de forma espetacular.<\/p>\n<p>Setembro: o lan\u00e7amento<\/p>\n<p>A primeira apari\u00e7\u00e3o da proposta de empr\u00e9stimo data de 10 de setembro, quando a presidente da Comiss\u00e3o Europeia, Ursula von der Leyen, proferiu o seu discurso de uma hora sobre o estado da UE, em Estrasburgo.<\/p>\n<p>Nesse discurso, prop\u00f4s a <a href=\"https:\/\/pt.euronews.com\/my-europe\/2025\/09\/10\/ursula-von-der-leyen-discursa-sobre-o-estado-da-uniao-europeia\" rel=\"nofollow noopener\" target=\"_blank\">utiliza\u00e7\u00e3o dos saldos de caixa dos ativos russos imobilizados <\/a>na UE para conceder um empr\u00e9stimo de repara\u00e7\u00e3o em apoio da Ucr\u00e2nia. Na altura, n\u00e3o forneceu quaisquer pormenores.<\/p>\n<p>&#8220;Esta \u00e9 a guerra da R\u00fassia. E \u00e9 a R\u00fassia que deve pagar&#8221;, afirmou von der Leyen. &#8220;N\u00e3o devem ser apenas os contribuintes europeus a suportar o fardo.&#8221;<\/p>\n<p>Mas n\u00e3o foi von der Leyen quem iria definir o que estava prestes a tornar-se o debate pol\u00edtico mais consumidor de energia de 2025. Foi o chanceler alem\u00e3o Friedrich Merz.<\/p>\n<p>Poucos dias depois do discurso de von der Leyen, este publicou um artigo de opini\u00e3o no Financial Times que apoiava totalmente o projeto, apresentando-o como uma conclus\u00e3o inevit\u00e1vel, apesar da sua falta de precedentes.<\/p>\n<p>&#8220;O ideal seria que essa decis\u00e3o fosse un\u00e2nime&#8221;, escreveu. &#8220;Caso contr\u00e1rio, deveria ser adotada pela grande maioria dos Estados-membros que est\u00e3o firmemente empenhados na Ucr\u00e2nia.&#8221;<\/p>\n<p>O chamado &#8220;Merz op-ed&#8221; apanhou diplomatas e funcion\u00e1rios de surpresa. Alguns viram-no como mais um exemplo da Alemanha a explorar a sua posi\u00e7\u00e3o de maior Estado-membro para, sozinha, definir a agenda de todo o bloco.<\/p>\n<p>Em seguida, a Comiss\u00e3o apresentou um <a href=\"https:\/\/pt.euronews.com\/my-europe\/2025\/09\/26\/bruxelas-propoe-emprestimo-de-140-mil-milhoes-a-ucrania-com-base-em-ativos-russos-congelad\" rel=\"nofollow noopener\" target=\"_blank\">documento de duas p\u00e1ginas <\/a>que descrevia, em termos muito te\u00f3ricos, como \u00e9 que a iniciativa iria funcionar na pr\u00e1tica.<\/p>\n<p>Outubro: a rea\u00e7\u00e3o negativa<\/p>\n<p>A B\u00e9lgica det\u00e9m a maior parte dos ativos russos &#8211; cerca de 185 mil milh\u00f5es de euros &#8211; na central de dep\u00f3sito de t\u00edtulos Euroclear e considerou que deveria ter sido devidamente consultada antes da divulga\u00e7\u00e3o da proposta de duas p\u00e1ginas da Comiss\u00e3o.<\/p>\n<p>A resist\u00eancia belga veio ao de cima em outubro, quando De Wever deu uma <a href=\"https:\/\/pt.euronews.com\/my-europe\/2025\/10\/02\/podemos-comer-a-galinha-primeiro-ministro-belga-exige-respostas-sobre-ativos-russos-congel\" rel=\"nofollow noopener\" target=\"_blank\">confer\u00eancia de imprensa notavelmente franca<\/a> em Copenhaga, na qual argumentou que o empr\u00e9stimo de repara\u00e7\u00e3o privaria a UE da sua mais poderosa influ\u00eancia face ao Kremlin.<\/p>\n<p>&#8220;A quest\u00e3o agora \u00e9: podemos comer a galinha?&#8221; disse De Wever. &#8220;O primeiro problema, claro, \u00e9 que se perdem os ovos de ouro se comermos as galinhas. H\u00e1 que ter isso em conta. Se pusermos a galinha na mesa e a comermos, perdemos um ovo de ouro.&#8221;<\/p>\n<p>De Wever delineou ent\u00e3o, uma a uma, as suas exig\u00eancias para o projeto n\u00e3o testado: seguran\u00e7a jur\u00eddica \u00e0 prova de bala, plena mutualiza\u00e7\u00e3o dos riscos e uma verdadeira partilha de encargos entre todos os pa\u00edses detentores de ativos soberanos russos.<\/p>\n<p>Reiterou as suas preocupa\u00e7\u00f5es sobre o plano durante a cimeira de meados de outubro, onde os l\u00edderes esperavam aprovar o empr\u00e9stimo de repara\u00e7\u00e3o. <\/p>\n<p>De Wever <a href=\"https:\/\/pt.euronews.com\/my-europe\/2025\/10\/24\/resistencia-belga-impede-emprestimo-de-140-mil-milhoes-de-euros-a-ucrania-na-cimeira-da-ue\" rel=\"nofollow noopener\" target=\"_blank\">manteve a sua posi\u00e7\u00e3o<\/a> e a reuni\u00e3o terminou com um mandato vago que encarregava a Comiss\u00e3o de conceber v\u00e1rias &#8220;op\u00e7\u00f5es&#8221; que pudessem satisfazer as necessidades financeiras e militares da Ucr\u00e2nia para 2026 e 2027.<\/p>\n<p>Von der Leyen, no entanto, pareceu interpretar o mandato como uma afirma\u00e7\u00e3o impl\u00edcita da sua ideia arrojada, que enquadrou como a \u00fanica op\u00e7\u00e3o vi\u00e1vel.<\/p>\n<p>&#8220;H\u00e1 pontos a esclarecer e a aprofundar&#8221;, disse no final da cimeira. &#8220;Cheg\u00e1mos a acordo sobre o qu\u00ea, ou seja, sobre o empr\u00e9stimo de repara\u00e7\u00e3o, e temos de trabalhar sobre o como, como torn\u00e1-lo poss\u00edvel (e) qual \u00e9 a melhor op\u00e7\u00e3o para avan\u00e7ar.&#8221;<\/p>\n<p>Alguns dias mais tarde, os tr\u00eas l\u00edderes n\u00f3rdicos da UE <a href=\"https:\/\/pt.euronews.com\/my-europe\/2025\/10\/28\/lideres-nordicos-excluem-divida-conjunta-e-insistem-em-ativos-russos-para-apoiar-ucrania\" rel=\"nofollow noopener\" target=\"_blank\">exclu\u00edram publicamente a possibilidade de emitir d\u00edvida conjunta para apoiar a Ucr\u00e2nia<\/a>. <\/p>\n<p>A primeira-ministra dinamarquesa Mette Frederiksen chegou mesmo a declarar que &#8220;para mim, n\u00e3o h\u00e1 alternativa ao empr\u00e9stimo de indemniza\u00e7\u00e3o.&#8221;<\/p>\n<p>Novembro: o choque<\/p>\n<p>A cimeira inconclusiva revelou que, sem o consentimento da B\u00e9lgica, o empr\u00e9stimo de repara\u00e7\u00e3o n\u00e3o seria poss\u00edvel. <\/p>\n<p>A Comiss\u00e3o <a href=\"https:\/\/pt.euronews.com\/my-europe\/2025\/11\/07\/ue-e-belgica-continuam-em-desacordo-sobre-ativos-russos-congelados\" rel=\"nofollow noopener\" target=\"_blank\">acelerou as conversa\u00e7\u00f5es bilaterais<\/a><a href=\"https:\/\/www.euronews.com\/my-europe\/2025\/11\/07\/eu-commission-and-belgium-see-no-breakthrough-in-ukraine-reparation-loan-talks\" rel=\"nofollow noopener\" target=\"_blank\">com a equipa de De Wever para resolver os pontos fracos e delinear uma zona de aterragem.<\/p>\n<p>A 17 de novembro, von der Leyen enviou aos dirigentes uma carta com tr\u00eas op\u00e7\u00f5es para angariar 90 mil milh\u00f5es de euros para a Ucr\u00e2nia: contribui\u00e7\u00f5es volunt\u00e1rias bilaterais, d\u00edvida conjunta e empr\u00e9stimo de repara\u00e7\u00e3o.<\/p>\n<p>&#8220;As op\u00e7\u00f5es apresentadas nesta nota s\u00e3o muito claras, tanto na sua conce\u00e7\u00e3o como nas suas implica\u00e7\u00f5es. \u00c9 evidente que n\u00e3o existem op\u00e7\u00f5es f\u00e1ceis&#8221;, afirmou.<\/p>\n<p>A sec\u00e7\u00e3o dedicada ao empr\u00e9stimo de repara\u00e7\u00e3o foi explicitamente redigida para atenuar as preocupa\u00e7\u00f5es da B\u00e9lgica. Abordava duas das principais exig\u00eancias de De Wever: fornecer &#8220;garantias juridicamente vinculativas, incondicionais, irrevog\u00e1veis e a pedido&#8221; e assegurar a participa\u00e7\u00e3o de todos os pa\u00edses da UE e do G7 que det\u00eam ativos soberanos russos.<\/p>\n<p>A carta tamb\u00e9m reconhecia as desvantagens do empr\u00e9stimo de indemniza\u00e7\u00e3o, alertando para os danos \u00e0 reputa\u00e7\u00e3o da zona euro e para as &#8220;repercuss\u00f5es&#8221; na sua estabilidade financeira.<\/p>\n<p>No momento em que os diplomatas digeriam a avalia\u00e7\u00e3o objetiva de von der Leyen, um furac\u00e3o varreu a Europa: <a href=\"https:\/\/pt.euronews.com\/my-europe\/2025\/11\/21\/plano-de-paz-dos-eua-lanca-duvidas-sobre-plano-da-ue-de-usar-ativos-russos-congelados-para\" rel=\"nofollow noopener\" target=\"_blank\">o agora infame plano de 28 pontos<\/a> elaborado por funcion\u00e1rios norte-americanos e russos para p\u00f4r fim \u00e0 guerra na Ucr\u00e2nia que, entre outras coisas, <strong>propunha a utiliza\u00e7\u00e3o dos ativos imobilizados em benef\u00edcio comercial de Washington e Moscovo.<\/strong><\/p>\n<p>O plano enfureceu os l\u00edderes europeus, que rapidamente cerraram fileiras e sublinharam que qualquer quest\u00e3o sob jurisdi\u00e7\u00e3o europeia exigiria um envolvimento europeu total. Em vez de enfraquecer a defesa do empr\u00e9stimo de indemniza\u00e7\u00e3o, o plano de 28 pontos parecia refor\u00e7\u00e1-la.<\/p>\n<p>Mas, nessa altura, De Wever voltou a entrar em cena com uma <a href=\"https:\/\/pt.euronews.com\/my-europe\/2025\/11\/28\/fundamentalmente-errado-primeiro-ministro-belga-reitera-oposicao-ao-emprestimo-de-indemniz\" rel=\"nofollow noopener\" target=\"_blank\">carta muito dura dirigida <\/a>a von der Leyen, descrevendo o seu projeto como &#8220;fundamentalmente errado&#8221; e repleto de &#8220;m\u00faltiplos perigos.&#8221;<\/p>\n<p>&#8220;Avan\u00e7ar apressadamente com a proposta de empr\u00e9stimo de repara\u00e7\u00f5es teria, como dano colateral, o facto de n\u00f3s, enquanto UE, estarmos efetivamente a impedir um eventual acordo de paz&#8221;, afirmou De Wever no segmento mais controverso da carta.<\/p>\n<p>A sua invetiva revelou o fosso que ainda existia entre a B\u00e9lgica e a Comiss\u00e3o e elevou <a href=\"https:\/\/pt.euronews.com\/my-europe\/2025\/11\/29\/ue-pondera-plano-b-para-a-ucrania-com-a-belgica-a-levantar-a-fasquia-para-desbloquear-empr\" rel=\"nofollow noopener\" target=\"_blank\">ainda mais<\/a> a fasquia para um compromisso.<\/p>\n<p>Dezembro: o colapso<\/p>\n<p>Sem se deixar intimidar pelas cr\u00edticas de De Wever, von der Leyen avan\u00e7ou e revelou os textos legais do empr\u00e9stimo de repara\u00e7\u00e3o no in\u00edcio de dezembro, numa altura em que o Banco Central Europeu se recusava a fornecer uma garantia de liquidez para a medida.<\/p>\n<p>A <strong>complexa proposta<\/strong>, que, segundo os diplomatas, chegou demasiado tarde no processo, alargou as garantias para proteger a B\u00e9lgica, criou salvaguardas para anular a arbitragem e criou um mecanismo de &#8220;compensa\u00e7\u00e3o&#8221; para recuperar eventuais perdas.<\/p>\n<p>&#8220;Queremos garantir a todos os nossos Estados-membros, mas especificamente tamb\u00e9m \u00e0 B\u00e9lgica, que vamos partilhar o fardo de uma forma justa, como \u00e9 a forma europeia&#8221;, disse von der Leyen.<\/p>\n<p>Desta vez, a rea\u00e7\u00e3o veio da pr\u00f3pria Euroclear, e n\u00e3o de De Wever. Num comunicado enviado \u00e0 Euronews, o deposit\u00e1rio <a href=\"https:\/\/pt.euronews.com\/my-europe\/2025\/12\/05\/emprestimo-de-indemnizacao-a-ucrania-e-muito-fragil-e-corre-o-risco-de-provocar-o-exodo-do\" rel=\"nofollow noopener\" target=\"_blank\">classificou os textos como &#8220;muito fr\u00e1geis&#8221;<\/a>, descrevendo-os como excessivamente experimentais e suscet\u00edveis de desencadear um \u00eaxodo de investidores estrangeiros da zona euro.<\/p>\n<p>\u00c0 medida que a incerteza sobre o projeto se intensificava, os l\u00edderes da Est\u00f3nia, Finl\u00e2ndia, Irlanda, Let\u00f3nia, Litu\u00e2nia, Pol\u00f3nia e Su\u00e9cia uniram-se em sua defesa.<\/p>\n<p>&#8220;Para al\u00e9m de ser a solu\u00e7\u00e3o financeiramente mais vi\u00e1vel e politicamente mais realista, responde aos princ\u00edpios fundamentais do direito da Ucr\u00e2nia \u00e0 compensa\u00e7\u00e3o pelos danos causados pela agress\u00e3o&#8221;, escreveram numa declara\u00e7\u00e3o conjunta.<\/p>\n<p>Os altos funcion\u00e1rios da Comiss\u00e3o Europeia, desde Kaja Kallas a <a href=\"https:\/\/pt.euronews.com\/my-europe\/2025\/11\/26\/a-ue-deve-parar-de-discutir-e-avancar-com-o-emprestimo-de-indemnizacao-a-ucrania-diz-dombr\" rel=\"nofollow noopener\" target=\"_blank\">Valdis Dombrovskis<\/a>, fizeram eco da mensagem de von der Leyen e apresentaram o empr\u00e9stimo de indemniza\u00e7\u00e3o como a op\u00e7\u00e3o mais cred\u00edvel.<\/p>\n<p>A proposta foi refor\u00e7ada depois de os Estados-Membros, receando uma repeti\u00e7\u00e3o do plano de 28 pontos, terem invocado uma cl\u00e1usula de emerg\u00eancia para <a href=\"https:\/\/pt.euronews.com\/my-europe\/2025\/12\/13\/ao-bloquear-definitivamente-os-ativos-russos-a-ue-esta-finalmente-a-jogar-duro\" rel=\"nofollow noopener\" target=\"_blank\">imobilizar indefinidamente<\/a> os ativos russos, algo que, no papel, poderia ajudar a aliviar uma das preocupa\u00e7\u00f5es mais prementes da B\u00e9lgica.<\/p>\n<p>No entanto, o \u00edmpeto revelou-se de curta dura\u00e7\u00e3o.<\/p>\n<p>A It\u00e1lia, a Bulg\u00e1ria e Malta juntaram-se \u00e0 B\u00e9lgica e instaram a Comiss\u00e3o a explorar &#8220;solu\u00e7\u00f5es alternativas&#8221; para financiar a Ucr\u00e2nia com &#8220;par\u00e2metros previs\u00edveis&#8221; e &#8220;riscos significativamente menores.&#8221;<\/p>\n<p>Por outro lado, Andrej Babi\u0161, o rec\u00e9m-nomeado primeiro-ministro da Rep\u00fablica Checa, instou a Comiss\u00e3o a &#8220;encontrar outras solu\u00e7\u00f5es.&#8221;<\/p>\n<p>As reservas prepararam o terreno para a <a href=\"https:\/\/pt.euronews.com\/my-europe\/2025\/12\/17\/emprestimo-de-indemnizacao-para-a-ucrania-quem-esta-a-favor-e-quem-esta-contra\" rel=\"nofollow noopener\" target=\"_blank\">cimeira decisiva de 18 de dezembro<\/a>.<\/p>\n<p>Durante as conversa\u00e7\u00f5es \u00e0 porta fechada, os funcion\u00e1rios esfor\u00e7aram-se por resolver todas as preocupa\u00e7\u00f5es belgas pendentes e desbloquear o empr\u00e9stimo de repara\u00e7\u00e3o. <\/p>\n<p>Mas, no final, o &#8220;tiro saiu pela culatra&#8221;, pondo a nu o \u00e2mbito do compromisso que os governos tinham de assumir.<\/p>\n<p>A certa altura, foi proposto um compromisso: fornecer garantias &#8220;sem limite&#8221; e reembolsar &#8220;todos os montantes e danos&#8221; decorrentes do regime.<\/p>\n<p>A formula\u00e7\u00e3o foi demasiado forte para os dirigentes, que n\u00e3o conseguiam dormir: de repente, estavam perante a perspetiva de salvar todo o sistema banc\u00e1rio belga.<\/p>\n<p>Perante o aumento das concess\u00f5es e das responsabilidades, os dirigentes puseram de lado o empr\u00e9stimo de repara\u00e7\u00e3o e optaram <a href=\"https:\/\/pt.euronews.com\/my-europe\/2025\/12\/19\/temos-acordo-ue-garante-90-mil-milhoes-de-euros-de-apoio-a-ucrania-mas-nao-concede-emprest\" rel=\"nofollow noopener\" target=\"_blank\">por uma d\u00edvida comum<\/a>.<\/p>\n<p>&#8220;Eu sabia de antem\u00e3o que o entusiasmo pelo empr\u00e9stimo de repara\u00e7\u00e3o n\u00e3o era t\u00e3o grande como se pensava&#8221;, disse De Wever, sugerindo que von der Leyen, apesar de ter feito um &#8220;excelente trabalho&#8221;, tinha sido enganada pela Alemanha, pelos pa\u00edses n\u00f3rdicos e pelos Estados b\u00e1lticos.<\/p>\n<p>&#8220;Descobriu-se, como eu sabia que aconteceria, que muitos outros pa\u00edses que ainda n\u00e3o se tinham pronunciado eram extremamente cr\u00edticos em rela\u00e7\u00e3o a todos os aspetos financeiros, descobrindo uma verdade simples: n\u00e3o h\u00e1 dinheiro gr\u00e1tis no mundo. Ele simplesmente n\u00e3o existe.&#8221;<\/p>\n","protected":false},"excerpt":{"rendered":"Era t\u00e3o ousada que, por vezes, parecia imposs\u00edvel &#8211; e, no fim, era mesmo. A tentativa da Uni\u00e3o&hellip;\n","protected":false},"author":2,"featured_media":195956,"comment_status":"","ping_status":"","sticky":false,"template":"","format":"standard","meta":{"footnotes":""},"categories":[8],"tags":[35783,27,28,15,16,14,25,26,21,22,12,13,19,20,32,23,24,33,839,17,18,840,29,30,31,636,1153],"class_list":{"0":"post-195955","1":"post","2":"type-post","3":"status-publish","4":"format-standard","5":"has-post-thumbnail","7":"category-principais-noticias","8":"tag-bart-de-wever","9":"tag-breaking-news","10":"tag-breakingnews","11":"tag-featured-news","12":"tag-featurednews","13":"tag-headlines","14":"tag-latest-news","15":"tag-latestnews","16":"tag-main-news","17":"tag-mainnews","18":"tag-news","19":"tag-noticias","20":"tag-noticias-principais","21":"tag-noticiasprincipais","22":"tag-portugal","23":"tag-principais-noticias","24":"tag-principaisnoticias","25":"tag-pt","26":"tag-russia","27":"tag-top-stories","28":"tag-topstories","29":"tag-ucrania","30":"tag-ultimas","31":"tag-ultimas-noticias","32":"tag-ultimasnoticias","33":"tag-uniao-europeia","34":"tag-ursula-von-der-leyen"},"share_on_mastodon":{"url":"https:\/\/pubeurope.com\/@pt\/115751823915637694","error":""},"_links":{"self":[{"href":"https:\/\/www.europesays.com\/pt\/wp-json\/wp\/v2\/posts\/195955","targetHints":{"allow":["GET"]}}],"collection":[{"href":"https:\/\/www.europesays.com\/pt\/wp-json\/wp\/v2\/posts"}],"about":[{"href":"https:\/\/www.europesays.com\/pt\/wp-json\/wp\/v2\/types\/post"}],"author":[{"embeddable":true,"href":"https:\/\/www.europesays.com\/pt\/wp-json\/wp\/v2\/users\/2"}],"replies":[{"embeddable":true,"href":"https:\/\/www.europesays.com\/pt\/wp-json\/wp\/v2\/comments?post=195955"}],"version-history":[{"count":0,"href":"https:\/\/www.europesays.com\/pt\/wp-json\/wp\/v2\/posts\/195955\/revisions"}],"wp:featuredmedia":[{"embeddable":true,"href":"https:\/\/www.europesays.com\/pt\/wp-json\/wp\/v2\/media\/195956"}],"wp:attachment":[{"href":"https:\/\/www.europesays.com\/pt\/wp-json\/wp\/v2\/media?parent=195955"}],"wp:term":[{"taxonomy":"category","embeddable":true,"href":"https:\/\/www.europesays.com\/pt\/wp-json\/wp\/v2\/categories?post=195955"},{"taxonomy":"post_tag","embeddable":true,"href":"https:\/\/www.europesays.com\/pt\/wp-json\/wp\/v2\/tags?post=195955"}],"curies":[{"name":"wp","href":"https:\/\/api.w.org\/{rel}","templated":true}]}}