{"id":195959,"date":"2025-12-20T12:13:23","date_gmt":"2025-12-20T12:13:23","guid":{"rendered":"https:\/\/www.europesays.com\/pt\/195959\/"},"modified":"2025-12-20T12:13:23","modified_gmt":"2025-12-20T12:13:23","slug":"vem-ai-a-protegida-desaparecimento-inesperado-de-jd-provoca-tensao-maxima-novelas","status":"publish","type":"post","link":"https:\/\/www.europesays.com\/pt\/195959\/","title":{"rendered":"Vem a\u00ed \u00abA Protegida\u00bb: Desaparecimento inesperado de JD provoca tens\u00e3o m\u00e1xima &#8211; Novelas"},"content":{"rendered":"<p data-end=\"469\" data-start=\"150\">Em <strong data-end=\"170\" data-start=\"153\">\u00abA Protegida\u00bb<\/strong>, <strong data-end=\"190\" data-start=\"172\">\u00d3scar e Isabel<\/strong> est\u00e3o preocupados com <a href=\"https:\/\/tvi.iol.pt\/novelas\/ator\/jose-diogo\/67ac875bd34ef72ee4422589\" wbo-id=\"52\" rel=\"nofollow noopener\" target=\"_blank\">Jos\u00e9 Diogo (Pedro Sousa)<\/a>.\u00a0<a href=\"https:\/\/tvi.iol.pt\/novelas\/ator\/isabel-nobrega\/67adfe20d34e3f0bae9a67df\" rel=\"nofollow noopener\" target=\"_blank\">Isabel (Sara Barradas<\/a>) recorda que a \u00faltima vez que o viu foi na noite anterior, enquanto <a href=\"https:\/\/tvi.iol.pt\/novelas\/search?pagina=1&amp;pesquisa=joaquim+horta\" rel=\"nofollow noopener\" target=\"_blank\">\u00d3scar (Joaquim Horta)<\/a>\u00a0explica que bateu \u00e0 porta do quarto dele de manh\u00e3 e que JD respondeu. Mais tarde, <a href=\"https:\/\/tvi.iol.pt\/novelas\/fotos\/exclusivo-a-protegida-num-ato-de-protecao-anita-mata-manuel\/67ffa9abd34ef72ee444d10d\" rel=\"nofollow noopener\" target=\"_blank\">Anita (Marina Mota)<\/a>\u00a0<strong data-end=\"431\" data-start=\"383\">conta a Isabel e \u00d3scar que viu JD sair<\/strong>, o que leva Isabel a ir atr\u00e1s dele.<\/p>\n<p data-end=\"792\" data-start=\"471\">Anita questiona-os sobre o que se passa e porque querem manter segredo. \u00d3scar revela que <strong data-end=\"604\" data-start=\"560\">JD sofreu um acidente e perdeu a mem\u00f3ria<\/strong>, explicando que ainda n\u00e3o contaram nada a <a href=\"https:\/\/tvi.iol.pt\/novelas\/ator\/mariana-vilalobos\/67ac80ecd34ef72ee44224fe\" wbo-id=\"51\" rel=\"nofollow noopener\" target=\"_blank\">Mariana (Matilde Reym\u00e3o)<\/a> porque <strong data-end=\"688\" data-start=\"662\">ele n\u00e3o se lembra dela<\/strong>. Anita fica em choque, mas acredita que <strong data-end=\"789\" data-start=\"729\">a pol\u00edcia devia ser informada sobre o aparecimento de JD<\/strong>.<\/p>\n<p data-end=\"1094\" data-start=\"794\">Entretanto, <strong data-end=\"836\" data-start=\"806\">M\u00f3nica procura JD na praia<\/strong>, mas n\u00e3o consegue encontr\u00e1-lo. Liga-lhe, mas ele n\u00e3o atende. Questiona o nadador-salvador se viu Rodrigo, e ele nega. M\u00f3nica explica que JD <strong data-end=\"992\" data-start=\"977\">desapareceu<\/strong>, e o nadador-salvador sugere chamar a pol\u00edcia, mas ela pede para esperar e que a avise caso o veja.<\/p>\n<p data-end=\"1469\" data-start=\"1096\">Mais tarde, <a href=\"https:\/\/tvi.iol.pt\/novelas\/joao-bettencourt\/catarina-nifo\/vem-ai-a-protegida-goncalo-fica-paralisado-no-chao\" rel=\"nofollow noopener\" target=\"_blank\">Gon\u00e7alo (Jo\u00e3o Bettencourt)<\/a><strong data-end=\"1148\" data-start=\"1108\"> atende uma chamada de M\u00f3nica<\/strong>, que est\u00e1 a solu\u00e7ar e admite que fez algo errado. Gon\u00e7alo n\u00e3o se surpreende, pois j\u00e1 desconfiava que M\u00f3nica estava envolvida em algum problema. Ela conta que <strong data-end=\"1330\" data-start=\"1307\">o namorado a deixou<\/strong>, e quando Gon\u00e7alo quer ir ter com a irm\u00e3, M\u00f3nica pede-lhe para esquecer a conversa e insiste que <strong data-end=\"1466\" data-start=\"1428\">n\u00e3o pode encontr\u00e1-lo nesse momento<\/strong>.<\/p>\n<p data-end=\"1469\" data-start=\"1096\">Mariana, apesar da preocupa\u00e7\u00e3o, ainda tem esperan\u00e7a de encontrar JD:\u00a0<\/p>\n","protected":false},"excerpt":{"rendered":"Em \u00abA Protegida\u00bb, \u00d3scar e Isabel est\u00e3o preocupados com Jos\u00e9 Diogo (Pedro Sousa).\u00a0Isabel (Sara Barradas) recorda que a&hellip;\n","protected":false},"author":2,"featured_media":172594,"comment_status":"","ping_status":"","sticky":false,"template":"","format":"standard","meta":{"footnotes":""},"categories":[142],"tags":[160,166,114,115,157,167,1407,1406,164,3484,881,161,158,165,159,32,33,156,2907,163,151,162],"class_list":{"0":"post-195959","1":"post","2":"type-post","3":"status-publish","4":"format-standard","5":"has-post-thumbnail","7":"category-tv","8":"tag-ana-guiomar","9":"tag-cristina-ferreira","10":"tag-entertainment","11":"tag-entretenimento","12":"tag-festa-e-festa","13":"tag-ficcao","14":"tag-joao-bettencourt","15":"tag-joaquim-horta","16":"tag-jose-fidalgo","17":"tag-marina-mota","18":"tag-matilde-reymao","19":"tag-novelas","20":"tag-para-sempre","21":"tag-pedro-sousa","22":"tag-pedro-teixeira","23":"tag-portugal","24":"tag-pt","25":"tag-queridos-papas","26":"tag-sara-barradas","27":"tag-tiago-teotonio-pereira","28":"tag-tv","29":"tag-tvi"},"share_on_mastodon":{"url":"https:\/\/pubeurope.com\/@pt\/115751839535644599","error":""},"_links":{"self":[{"href":"https:\/\/www.europesays.com\/pt\/wp-json\/wp\/v2\/posts\/195959","targetHints":{"allow":["GET"]}}],"collection":[{"href":"https:\/\/www.europesays.com\/pt\/wp-json\/wp\/v2\/posts"}],"about":[{"href":"https:\/\/www.europesays.com\/pt\/wp-json\/wp\/v2\/types\/post"}],"author":[{"embeddable":true,"href":"https:\/\/www.europesays.com\/pt\/wp-json\/wp\/v2\/users\/2"}],"replies":[{"embeddable":true,"href":"https:\/\/www.europesays.com\/pt\/wp-json\/wp\/v2\/comments?post=195959"}],"version-history":[{"count":0,"href":"https:\/\/www.europesays.com\/pt\/wp-json\/wp\/v2\/posts\/195959\/revisions"}],"wp:featuredmedia":[{"embeddable":true,"href":"https:\/\/www.europesays.com\/pt\/wp-json\/wp\/v2\/media\/172594"}],"wp:attachment":[{"href":"https:\/\/www.europesays.com\/pt\/wp-json\/wp\/v2\/media?parent=195959"}],"wp:term":[{"taxonomy":"category","embeddable":true,"href":"https:\/\/www.europesays.com\/pt\/wp-json\/wp\/v2\/categories?post=195959"},{"taxonomy":"post_tag","embeddable":true,"href":"https:\/\/www.europesays.com\/pt\/wp-json\/wp\/v2\/tags?post=195959"}],"curies":[{"name":"wp","href":"https:\/\/api.w.org\/{rel}","templated":true}]}}