{"id":19596,"date":"2025-08-07T11:07:15","date_gmt":"2025-08-07T11:07:15","guid":{"rendered":"https:\/\/www.europesays.com\/pt\/19596\/"},"modified":"2025-08-07T11:07:15","modified_gmt":"2025-08-07T11:07:15","slug":"vem-ai-em-a-fazenda-eva-acorda-e-faz-revelacao-bombastica-que-vai-mudar-tudo-novelas","status":"publish","type":"post","link":"https:\/\/www.europesays.com\/pt\/19596\/","title":{"rendered":"Vem a\u00ed em \u00abA Fazenda\u00bb: Eva acorda e faz revela\u00e7\u00e3o bomb\u00e1stica que vai mudar tudo &#8211; Novelas"},"content":{"rendered":"<p>Em \u00abA Fazenda\u00bb, <a href=\"https:\/\/tvi.iol.pt\/novelas\/videos\/eva-visita-talu-na-prisao-so-queria-que-nao-me-odiasses\/676ac2b70cf2f130c299a684\" rel=\"nofollow noopener\" target=\"_blank\">Talu (Evandro Gomes)<\/a>\u00a0vinca a <a href=\"https:\/\/tvi.iol.pt\/novelas\/videos\/eva-e-joel-beijam-se-apaixonadamente\/6776a2000cf23e044af75c9b\" rel=\"nofollow noopener\" target=\"_blank\">Eva (Margarida Corceiro)<\/a>\u00a0que n\u00e3o vai deixar que a levem para Lisboa, dizendo que se for preciso a esconde. Eva acorda nesse momento.<\/p>\n<p>Talu conta a Eva que <a href=\"https:\/\/tvi.iol.pt\/novelas\/videos\/miguel-poe-alba-e-duarte-na-rua\/676ea9f90cf2f130c299a80b\" rel=\"nofollow noopener\" target=\"_blank\">Miguel (Diogo Infante)<\/a>\u00a0quer lev\u00e1-la para Lisboa, e ele estava a preparar-se para tir\u00e1-la dali para impedir isso. Eva diz n\u00e3o querer ir por n\u00e3o querer mais separar-se dele.<\/p>\n<p>Eva recusa a Talu que ele chame as enfermeiras para a ajudarem com as dores, n\u00e3o querendo ser posta a dormir at\u00e9 falar com Miguel para lhe dizer que n\u00e3o quer voltar para Lisboa.<\/p>\n<p>Miguel v\u00ea surpreso que Talu est\u00e1 com Eva no quarto. Eva diz a Miguel que se recusa a voltar para Lisboa.<\/p>\n<p>Recorde-se que Miguel anda a ser chantageado por Lukenia:<\/p>\n","protected":false},"excerpt":{"rendered":"Em \u00abA Fazenda\u00bb, Talu (Evandro Gomes)\u00a0vinca a Eva (Margarida Corceiro)\u00a0que n\u00e3o vai deixar que a levem para Lisboa,&hellip;\n","protected":false},"author":2,"featured_media":19597,"comment_status":"","ping_status":"","sticky":false,"template":"","format":"standard","meta":{"footnotes":""},"categories":[142],"tags":[657,160,166,656,114,115,722,681,157,167,164,719,659,161,158,165,159,32,33,156,683,163,151,162],"class_list":{"0":"post-19596","1":"post","2":"type-post","3":"status-publish","4":"format-standard","5":"has-post-thumbnail","7":"category-tv","8":"tag-a-fazenda","9":"tag-ana-guiomar","10":"tag-cristina-ferreira","11":"tag-diogo-infante","12":"tag-entertainment","13":"tag-entretenimento","14":"tag-eva","15":"tag-evandro-gomes","16":"tag-festa-e-festa","17":"tag-ficcao","18":"tag-jose-fidalgo","19":"tag-margarida-corceiro","20":"tag-miguel","21":"tag-novelas","22":"tag-para-sempre","23":"tag-pedro-sousa","24":"tag-pedro-teixeira","25":"tag-portugal","26":"tag-pt","27":"tag-queridos-papas","28":"tag-talu","29":"tag-tiago-teotonio-pereira","30":"tag-tv","31":"tag-tvi"},"share_on_mastodon":{"url":"","error":""},"_links":{"self":[{"href":"https:\/\/www.europesays.com\/pt\/wp-json\/wp\/v2\/posts\/19596","targetHints":{"allow":["GET"]}}],"collection":[{"href":"https:\/\/www.europesays.com\/pt\/wp-json\/wp\/v2\/posts"}],"about":[{"href":"https:\/\/www.europesays.com\/pt\/wp-json\/wp\/v2\/types\/post"}],"author":[{"embeddable":true,"href":"https:\/\/www.europesays.com\/pt\/wp-json\/wp\/v2\/users\/2"}],"replies":[{"embeddable":true,"href":"https:\/\/www.europesays.com\/pt\/wp-json\/wp\/v2\/comments?post=19596"}],"version-history":[{"count":0,"href":"https:\/\/www.europesays.com\/pt\/wp-json\/wp\/v2\/posts\/19596\/revisions"}],"wp:featuredmedia":[{"embeddable":true,"href":"https:\/\/www.europesays.com\/pt\/wp-json\/wp\/v2\/media\/19597"}],"wp:attachment":[{"href":"https:\/\/www.europesays.com\/pt\/wp-json\/wp\/v2\/media?parent=19596"}],"wp:term":[{"taxonomy":"category","embeddable":true,"href":"https:\/\/www.europesays.com\/pt\/wp-json\/wp\/v2\/categories?post=19596"},{"taxonomy":"post_tag","embeddable":true,"href":"https:\/\/www.europesays.com\/pt\/wp-json\/wp\/v2\/tags?post=19596"}],"curies":[{"name":"wp","href":"https:\/\/api.w.org\/{rel}","templated":true}]}}