{"id":195966,"date":"2025-12-20T12:22:08","date_gmt":"2025-12-20T12:22:08","guid":{"rendered":"https:\/\/www.europesays.com\/pt\/195966\/"},"modified":"2025-12-20T12:22:08","modified_gmt":"2025-12-20T12:22:08","slug":"desfibrilhadores-utilizados-pelos-sapadores-de-lisboa-tem-componentes-fora-de-validade-alerta-sindicato","status":"publish","type":"post","link":"https:\/\/www.europesays.com\/pt\/195966\/","title":{"rendered":"Desfibrilhadores utilizados pelos Sapadores de Lisboa t\u00eam componentes fora de validade, alerta sindicato"},"content":{"rendered":"<p>&#13;<br \/>\nA den\u00fancia foi feita \u00e0 Lusa pelo Sindicato Nacional dos Bombeiros Profissionais (SNBP) que, segundo o presidente, tem alertado, desde setembro, para a exist\u00eancia de equipamentos fora de validade.&#13;\n<\/p>\n<p>&#13;<br \/>\nEm causa, est\u00e3o os el\u00e9trodos de desfibrila\u00e7\u00e3o (as placas adesivas que se colocam no peito da v\u00edtima para que o desfibrilhador possa funcionar), utilizados no Desfibrilhador Autom\u00e1tico Externo (DAE).&#13;\n<\/p>\n<p>&#13;<br \/>\n\u00c0 ag\u00eancia Lusa, o presidente do SNBP, S\u00e9rgio Carvalho, explicou que em 2023, por ocasi\u00e3o da Jornada Mundial da Juventude, que se realizou em Lisboa, foram adquiridas centenas de el\u00e9trodos para DAE, que continuam a ser utilizados pelo Regimento.&#13;\n<\/p>\n<p>&#13;<br \/>\nCom uma validade de cerca de dois anos, a maioria j\u00e1 ultrapassou esse prazo, mas os equipamentos continuam sem ser substitu\u00eddos e, numa nota interna a que a Lusa teve acesso, o Regimento de Sapadores Bombeiros (RSB) de Lisboa\u00a0comunica que &#8220;devem manter-se nos ve\u00edculos para utiliza\u00e7\u00e3o normal, at\u00e9 \u00e0 normaliza\u00e7\u00e3o da situa\u00e7\u00e3o&#8221;.&#13;\n<\/p>\n<p>&#13;<br \/>\nNo e-mail interno, enviado na quarta-feira aos comandantes de batalh\u00e3o e de companhia pelo ajunto t\u00e9cnico do Comandante, Jo\u00e3o Carolino, \u00e9 referido que os el\u00e9trodos expirados podem continuar a ser utilizados &#8220;desde que passem no teste do equipamento (autom\u00e1tico) e no teste visual do utilizador&#8221;, remetendo para informa\u00e7\u00e3o partilhada pelo fabricante em 2023, quando a substitui\u00e7\u00e3o dos equipamentos sofreu atrasos.&#13;\n<\/p>\n<p>&#13;<br \/>\nA validade est\u00e1 relacionada com o gel condutor dos el\u00e9trodos que, passado o prazo, pode secar ou perder ader\u00eancia com o tempo, mas, segundo S\u00e9rgio Carvalho, s\u00f3 \u00e9 poss\u00edvel perceber se est\u00e1 em condi\u00e7\u00f5es no momento da utiliza\u00e7\u00e3o.&#13;\n<\/p>\n<p>&#13;<br \/>\n&#8220;O bombeiro s\u00f3 sabe\u00a0se aquilo funciona ou n\u00e3o quando abre o material e vai colocar na v\u00edtima.\u00a0E na altura o que \u00e9 que vai fazer? Se n\u00e3o funcionar, temos que chamar um carro que venha de outro lado&#8221;, explicou, recordando que cada viatura disp\u00f5e de apenas um DAE e alertando que &#8220;est\u00e3o em causa vidas humanas&#8221;.&#13;\n<\/p>\n<p>&#13;<br \/>\nSegundo S\u00e9rgio Carvalho, compete ao Instituto Nacional de Emerg\u00eancia M\u00e9dica (INEM) fiscalizar os DAE, mas o dirigente acredita que aquela entidade n\u00e3o est\u00e1 a par do problema.&#13;\n<\/p>\n<p>&#13;<br \/>\nDesconhecendo com que periodicidade \u00e9 feita a fiscaliza\u00e7\u00e3o aos equipamentos utilizados nas viaturas dos Sapadores de Lisboa, o dirigente sindical afirma, por outro lado, que na forma\u00e7\u00e3o dada aos bombeiros, a indica\u00e7\u00e3o do INEM \u00e9 que n\u00e3o devem ser utilizados materiais cujo prazo de validade tenha sido ultrapassado.&#13;\n<\/p>\n<p>&#13;<br \/>\nPor isso, acrescenta, a orienta\u00e7\u00e3o contradit\u00f3ria dada pelo adjunto t\u00e9cnico do comandante do RSB n\u00e3o tranquiliza os bombeiros.&#13;\n<\/p>\n<p>&#13;<br \/>\n&#8220;Se o bombeiro se recusar a usar este equipamento, leva a um processo disciplinar, mas correr alguma coisa mal e o INEM questionar, o bombeiro \u00e9 que \u00e9 respons\u00e1vel. Est\u00e1 entre a espada e a parede&#8221;, critica o presidente do SNBP.&#13;\n<\/p>\n<p>&#13;<br \/>\nQuestionado pela Lusa, o INEM esclareceu que os DAE devem ser verificados periodicamente, &#8220;cabendo \u00e0 entidade titular do programa assegurar que os equipamentos se encontram em condi\u00e7\u00f5es de correta utiliza\u00e7\u00e3o&#8221;.&#13;\n<\/p>\n<p>&#13;<br \/>\nNo caso do RSB de Lisboa, disp\u00f5e de 40 DAE (dois em ambul\u00e2ncias, 26 em viaturas First Responder e 12 em quart\u00e9is), 39 dos quais pr\u00f3prios e um do INEM.&#13;\n<\/p>\n<p>&#13;<br \/>\nSempre que sejam detetados fora do prazo de validade, &#8220;devem ser prontamente substitu\u00eddos&#8221;, acrescenta o INEM, sublinhando, por outro lado, que cabe ao respons\u00e1vel m\u00e9dico do programa de DAE assegurar a correta utiliza\u00e7\u00e3o dos equipamentos.&#13;\n<\/p>\n<p>&#13;<br \/>\n&#8220;Neste \u00e2mbito, deve ser garantido o respeito pelas especifica\u00e7\u00f5es t\u00e9cnicas e instru\u00e7\u00f5es do fabricante, as quais determinam, de forma expressa, que os el\u00e9trodos n\u00e3o devem ser utilizados ap\u00f3s o termo do respetivo prazo de validade&#8221;, clarifica.&#13;\n<\/p>\n<p>&#13;<br \/>\nNo e-mail dirigido aos comandantes, o adjunto Jo\u00e3o Carolino acrescenta ainda que &#8220;foi elaborado procedimento de aquisi\u00e7\u00e3o (&#8230;), aguardando-se disponibilidade de or\u00e7amento&#8221;.&#13;\n<\/p>\n<p>&#13;<br \/>\n&#8220;Eu alertei h\u00e1 meses atr\u00e1s. Sabem que o prazo est\u00e1 a terminar, \u00e9 preciso comprar com regularidade, at\u00e9 porque temos de ter em reserva&#8221;, defendeu, em resposta, S\u00e9rgio Carvalho.&#13;\n<\/p>\n<p>&#13;<br \/>\nPor outro lado, o dirigente sindical refere um protocolo de coopera\u00e7\u00e3o com o Hospital de Santa Maria, que prev\u00ea a &#8220;ced\u00eancia de material de consumo cl\u00ednico de emerg\u00eancia pr\u00e9-hospitalar ao RSB&#8221;, recurso que tamb\u00e9m n\u00e3o foi utilizado.&#13;\n<\/p>\n<p>&#13;<br \/>\nNa comunica\u00e7\u00e3o interna, n\u00e3o \u00e9 indicado qualquer prazo para a disponibiliza\u00e7\u00e3o de novos equipamentos.&#13;<\/p>\n","protected":false},"excerpt":{"rendered":"&#13; A den\u00fancia foi feita \u00e0 Lusa pelo Sindicato Nacional dos Bombeiros Profissionais (SNBP) que, segundo o presidente,&hellip;\n","protected":false},"author":2,"featured_media":195967,"comment_status":"","ping_status":"","sticky":false,"template":"","format":"standard","meta":{"footnotes":""},"categories":[10],"tags":[27,28,39131,15,16,14,7923,25,26,39134,21,22,12,13,19,20,32,23,24,33,39132,39133,17,18,29,30,31],"class_list":{"0":"post-195966","1":"post","2":"type-post","3":"status-publish","4":"format-standard","5":"has-post-thumbnail","7":"category-portugal","8":"tag-breaking-news","9":"tag-breakingnews","10":"tag-desfibrilhador-automatico-externo-dae-a","11":"tag-featured-news","12":"tag-featurednews","13":"tag-headlines","14":"tag-inem","15":"tag-latest-news","16":"tag-latestnews","17":"tag-lisboa-comunica","18":"tag-main-news","19":"tag-mainnews","20":"tag-news","21":"tag-noticias","22":"tag-noticias-principais","23":"tag-noticiasprincipais","24":"tag-portugal","25":"tag-principais-noticias","26":"tag-principaisnoticias","27":"tag-pt","28":"tag-regimento-sapadores","29":"tag-snbp-questionado","30":"tag-top-stories","31":"tag-topstories","32":"tag-ultimas","33":"tag-ultimas-noticias","34":"tag-ultimasnoticias"},"share_on_mastodon":{"url":"","error":"Validation failed: Text character limit of 500 exceeded"},"_links":{"self":[{"href":"https:\/\/www.europesays.com\/pt\/wp-json\/wp\/v2\/posts\/195966","targetHints":{"allow":["GET"]}}],"collection":[{"href":"https:\/\/www.europesays.com\/pt\/wp-json\/wp\/v2\/posts"}],"about":[{"href":"https:\/\/www.europesays.com\/pt\/wp-json\/wp\/v2\/types\/post"}],"author":[{"embeddable":true,"href":"https:\/\/www.europesays.com\/pt\/wp-json\/wp\/v2\/users\/2"}],"replies":[{"embeddable":true,"href":"https:\/\/www.europesays.com\/pt\/wp-json\/wp\/v2\/comments?post=195966"}],"version-history":[{"count":0,"href":"https:\/\/www.europesays.com\/pt\/wp-json\/wp\/v2\/posts\/195966\/revisions"}],"wp:featuredmedia":[{"embeddable":true,"href":"https:\/\/www.europesays.com\/pt\/wp-json\/wp\/v2\/media\/195967"}],"wp:attachment":[{"href":"https:\/\/www.europesays.com\/pt\/wp-json\/wp\/v2\/media?parent=195966"}],"wp:term":[{"taxonomy":"category","embeddable":true,"href":"https:\/\/www.europesays.com\/pt\/wp-json\/wp\/v2\/categories?post=195966"},{"taxonomy":"post_tag","embeddable":true,"href":"https:\/\/www.europesays.com\/pt\/wp-json\/wp\/v2\/tags?post=195966"}],"curies":[{"name":"wp","href":"https:\/\/api.w.org\/{rel}","templated":true}]}}