{"id":195968,"date":"2025-12-20T12:23:18","date_gmt":"2025-12-20T12:23:18","guid":{"rendered":"https:\/\/www.europesays.com\/pt\/195968\/"},"modified":"2025-12-20T12:23:18","modified_gmt":"2025-12-20T12:23:18","slug":"sis-e-sied-condecorados-pelo-presidente-da-republica","status":"publish","type":"post","link":"https:\/\/www.europesays.com\/pt\/195968\/","title":{"rendered":"SIS e SIED condecorados pelo Presidente da Rep\u00fablica"},"content":{"rendered":"<p>O Presidente da Rep\u00fablica atribuiu esta sexta-feira, 19 de dezembro, a condecora\u00e7\u00e3o de Membro Honor\u00e1rio da Ordem do M\u00e9rito ao Servi\u00e7o de Informa\u00e7\u00f5es de Seguran\u00e7a (SIS) e ao Servi\u00e7o de Informa\u00e7\u00f5es Estrat\u00e9gicas de Defesa (SIED).<\/p>\n<p>Foi a primeira vez que um Presidente da Rep\u00fablica condecorou os servi\u00e7os de informa\u00e7\u00f5es.<\/p>\n<p>Marcelo Rebelo de Sousa distinguiu &#8220;o contributo continuado e abnegado de ambos os servi\u00e7os para a defesa da democracia, da seguran\u00e7a interna e dos interesses estrat\u00e9gicos do Estado portugu\u00eas&#8221;, pode ler-se numa nota publicada no <a aria-label=\"content\" target=\"_blank\" href=\"https:\/\/sirp.pt\/sis-e-sied-condecorados-pelo-presidente-da-republica\/\" rel=\"nofollow noopener\">site oficial do Sistema de Informa\u00e7\u00f5es da Rep\u00fablica Portuguesa (SIRP)<\/a>.<\/p>\n<p>A cerim\u00f3nia teve lugar no Pal\u00e1cio de Bel\u00e9m, em Lisboa, e contou com a presen\u00e7a do Secret\u00e1rio-Geral do Sistema de Informa\u00e7\u00f5es da Rep\u00fablica Portuguesa, V\u00edtor Sereno, e dos Diretores e Diretores-Adjuntos do SIS e do SIED.<\/p>\n<p>&#8220;A atribui\u00e7\u00e3o desta condecora\u00e7\u00e3o reveste-se de especial significado num ano em que se assinalam os 40 anos do SIS e os 30 anos do SIED, simbolizando o reconhecimento institucional do profissionalismo, da dedica\u00e7\u00e3o e do sentido de miss\u00e3o demonstrados, ao longo de d\u00e9cadas, pelos homens e mulheres que servem o Estado portugu\u00eas no dom\u00ednio das informa\u00e7\u00f5es&#8221;, pode ler-se na publica\u00e7\u00e3o.<\/p>\n","protected":false},"excerpt":{"rendered":"O Presidente da Rep\u00fablica atribuiu esta sexta-feira, 19 de dezembro, a condecora\u00e7\u00e3o de Membro Honor\u00e1rio da Ordem do&hellip;\n","protected":false},"author":2,"featured_media":195969,"comment_status":"","ping_status":"","sticky":false,"template":"","format":"standard","meta":{"footnotes":""},"categories":[8],"tags":[27,28,39136,15,16,14,25,26,21,22,588,12,13,19,20,32,23,24,33,21417,39135,36446,17,18,29,30,31],"class_list":{"0":"post-195968","1":"post","2":"type-post","3":"status-publish","4":"format-standard","5":"has-post-thumbnail","7":"category-principais-noticias","8":"tag-breaking-news","9":"tag-breakingnews","10":"tag-condecoracoes","11":"tag-featured-news","12":"tag-featurednews","13":"tag-headlines","14":"tag-latest-news","15":"tag-latestnews","16":"tag-main-news","17":"tag-mainnews","18":"tag-marcelo-rebelo-de-sousa","19":"tag-news","20":"tag-noticias","21":"tag-noticias-principais","22":"tag-noticiasprincipais","23":"tag-portugal","24":"tag-principais-noticias","25":"tag-principaisnoticias","26":"tag-pt","27":"tag-sied","28":"tag-sirp","29":"tag-sis","30":"tag-top-stories","31":"tag-topstories","32":"tag-ultimas","33":"tag-ultimas-noticias","34":"tag-ultimasnoticias"},"share_on_mastodon":{"url":"https:\/\/pubeurope.com\/@pt\/115751879351322203","error":""},"_links":{"self":[{"href":"https:\/\/www.europesays.com\/pt\/wp-json\/wp\/v2\/posts\/195968","targetHints":{"allow":["GET"]}}],"collection":[{"href":"https:\/\/www.europesays.com\/pt\/wp-json\/wp\/v2\/posts"}],"about":[{"href":"https:\/\/www.europesays.com\/pt\/wp-json\/wp\/v2\/types\/post"}],"author":[{"embeddable":true,"href":"https:\/\/www.europesays.com\/pt\/wp-json\/wp\/v2\/users\/2"}],"replies":[{"embeddable":true,"href":"https:\/\/www.europesays.com\/pt\/wp-json\/wp\/v2\/comments?post=195968"}],"version-history":[{"count":0,"href":"https:\/\/www.europesays.com\/pt\/wp-json\/wp\/v2\/posts\/195968\/revisions"}],"wp:featuredmedia":[{"embeddable":true,"href":"https:\/\/www.europesays.com\/pt\/wp-json\/wp\/v2\/media\/195969"}],"wp:attachment":[{"href":"https:\/\/www.europesays.com\/pt\/wp-json\/wp\/v2\/media?parent=195968"}],"wp:term":[{"taxonomy":"category","embeddable":true,"href":"https:\/\/www.europesays.com\/pt\/wp-json\/wp\/v2\/categories?post=195968"},{"taxonomy":"post_tag","embeddable":true,"href":"https:\/\/www.europesays.com\/pt\/wp-json\/wp\/v2\/tags?post=195968"}],"curies":[{"name":"wp","href":"https:\/\/api.w.org\/{rel}","templated":true}]}}