{"id":195970,"date":"2025-12-20T12:24:32","date_gmt":"2025-12-20T12:24:32","guid":{"rendered":"https:\/\/www.europesays.com\/pt\/195970\/"},"modified":"2025-12-20T12:24:32","modified_gmt":"2025-12-20T12:24:32","slug":"filha-cacula-de-rafael-cardoso-esbanja-fofura-em-festa-de-aniversario-de-2-anos","status":"publish","type":"post","link":"https:\/\/www.europesays.com\/pt\/195970\/","title":{"rendered":"Filha ca\u00e7ula de Rafael Cardoso esbanja fofura em festa de anivers\u00e1rio de 2 anos"},"content":{"rendered":"<p>O ator <a href=\"https:\/\/caras.com.br\/tags\/rafael-cardoso\" rel=\"nofollow noopener\" target=\"_blank\"><strong>Rafael Cardoso<\/strong><\/a> usou as redes sociais para compartilhar com os seguidores alguns detalhes do anivers\u00e1rio da filha ca\u00e7ula, <strong>Helena<\/strong>. A pequena, fruto de sua uni\u00e3o com <strong>Carol Ferraz<\/strong>, completou 2 anos de vida e ganhou um fest\u00e3o com o tema da Turma da M\u00f4nica.<\/p>\n<p>Em seu perfil oficial, Rafael publicou um v\u00eddeo com momentos marcantes do evento, incluindo a chegada da aniversariante com os papais e a hora em que todos cantaram o famoso \u2018parab\u00e9ns para voc\u00ea\u2019. O artista tamb\u00e9m exibiu a decora\u00e7\u00e3o do local, que contou contou com diversos bal\u00f5es coloridos e um cen\u00e1rio encantador com imagens dos personagens da anima\u00e7\u00e3o infantil.<\/p>\n<p>No registro, tamb\u00e9m \u00e9 poss\u00edvel notar a mesa com docinhos personalizados em alus\u00e3o aos personagens M\u00f4nica, Magali, Casc\u00e3o e Cebolinha. O bolo de dois andares tamb\u00e9m foi decorado com figuras dos personagens, o n\u00famero 2 representando a idade da pequena e um letreiro no topo escrito \u2018Turma da Helena\u2019.<\/p>\n<p>A ca\u00e7ula de Rafael Cardoso ainda esbanjou fofura ao surgir na festa usando um look id\u00eantico ao da personagem M\u00f4nica. \u201cAgrade\u00e7o a todos que fizeram parte da festa da nossa pequena!\u201c, declarou o ator na legenda da publica\u00e7\u00e3o.<\/p>\n<p>Vale lembrar que al\u00e9m de Helena, Rafael Cardoso tamb\u00e9m \u00e9 pai de <strong>Aurora<\/strong>, de 10 anos, e <strong>Valentim<\/strong>, de 7, frutos de seu antigo casamento com a atriz <strong>Mari Bridi<\/strong>. Recentemente, o artista compartilhou <a href=\"https:\/\/caras.com.br\/atualidades\/pela-primeira-vez-rafael-cardoso-mostra-os-3-filhos-juntos.phtml\" rel=\"nofollow noopener\" target=\"_blank\">fotos in\u00e9ditas ao lado dos tr\u00eas herdeiros<\/a> em um momento de lazer.<\/p>\n<p> Veja as fotos do anivers\u00e1rio de Helena: <img loading=\"lazy\" decoding=\"async\" class=\"size-full wp-image-1047219 img-fluid lazy\" alt=\"Rafael Cardoso com a filha ca\u00e7ula, Helena - Foto: Reprodu\u00e7\u00e3o \/ Instagram @rafaelcardoso9\" width=\"450\" height=\"806\" src=\"https:\/\/www.europesays.com\/pt\/wp-content\/uploads\/2025\/12\/aniversario-filha-de-rafael-cardoso-4.jpg\"  \/>Rafael Cardoso com a filha ca\u00e7ula, Helena \u2013 Foto: Reprodu\u00e7\u00e3o \/ Instagram @rafaelcardoso9 <img loading=\"lazy\" decoding=\"async\" class=\"wp-image-1047220 size-full img-fluid lazy\" alt=\"Rafael Cardoso com a filha ca\u00e7ula, Helena - Foto: Reprodu\u00e7\u00e3o \/ Instagram @rafaelcardoso9\" width=\"451\" height=\"802\" src=\"https:\/\/www.europesays.com\/pt\/wp-content\/uploads\/2025\/12\/aniversario-filha-de-rafael-cardoso-3.jpg\"  \/>Rafael Cardoso e Carol com a filha, Helena \u2013 Foto: Reprodu\u00e7\u00e3o \/ Instagram @rafaelcardoso9 <img loading=\"lazy\" decoding=\"async\" class=\"size-full wp-image-1047223 img-fluid lazy\" alt=\"Rafael Cardoso com a filha ca\u00e7ula, Helena - Foto: Reprodu\u00e7\u00e3o \/ Instagram @rafaelcardoso9\" width=\"452\" height=\"806\" src=\"https:\/\/www.europesays.com\/pt\/wp-content\/uploads\/2025\/12\/rafael-cardoso-filha-cacula.jpeg\"  \/>Rafael Cardoso com a filha ca\u00e7ula, Helena \u2013 Foto: Reprodu\u00e7\u00e3o \/ Instagram @rafaelcardoso9 <img loading=\"lazy\" decoding=\"async\" class=\"size-full wp-image-1047222 img-fluid lazy\" alt=\"Filha ca\u00e7ula de Rafael Cardoso celebra 2 anos com fest\u00e3o - Foto: Reprodu\u00e7\u00e3o \/ Instagram @rafaelcardoso9\" width=\"452\" height=\"802\" src=\"https:\/\/www.europesays.com\/pt\/wp-content\/uploads\/2025\/12\/aniversario-filha-de-rafael-cardoso.jpg\"  \/>Filha ca\u00e7ula de Rafael Cardoso celebra 2 anos com fest\u00e3o \u2013 Foto: Reprodu\u00e7\u00e3o \/ Instagram @rafaelcardoso9 <img loading=\"lazy\" decoding=\"async\" class=\"size-full wp-image-1047221 img-fluid lazy\" alt=\"Filha ca\u00e7ula de Rafael Cardoso celebra 2 anos com fest\u00e3o - Foto: Reprodu\u00e7\u00e3o \/ Instagram @rafaelcardoso9\" width=\"452\" height=\"811\" src=\"https:\/\/www.europesays.com\/pt\/wp-content\/uploads\/2025\/12\/aniversario-filha-de-rafael-cardoso-2.jpg\"  \/>Filha ca\u00e7ula de Rafael Cardoso celebra 2 anos com fest\u00e3o \u2013 Foto: Reprodu\u00e7\u00e3o \/ Instagram @rafaelcardoso9 <\/p>\n<blockquote class=\"instagram-media\" style=\"background: #FFF; border: 0; border-radius: 3px; box-shadow: 0 0 1px 0 rgba(0,0,0,0.5),0 1px 10px 0 rgba(0,0,0,0.15); margin: 1px; max-width: 540px; min-width: 326px; padding: 0; width: calc(100% - 2px);\" data-instgrm-captioned=\"\" data-instgrm-permalink=\"https:\/\/www.instagram.com\/reel\/DSXsU-Rjnaq\/?utm_source=ig_embed&amp;utm_campaign=loading\" data-instgrm-version=\"14\"><\/blockquote>\n<p>  O reencontro de Rafael Cardoso com os filhos <\/p>\n<p>Em outubro de 2025, Rafael Cardoso revelou que <a href=\"https:\/\/caras.com.br\/atualidades\/pela-primeira-vez-rafael-cardoso-mostra-os-3-filhos-juntos.phtml\" rel=\"nofollow noopener\" target=\"_blank\">reuniu os tr\u00eas filhos pela primeira vez<\/a> ap\u00f3s um per\u00edodo de afastamento por quest\u00f5es judiciais decorrentes de sua separa\u00e7\u00e3o. O ator, que estava impedido de ver os herdeiros mais velhos presencialmente, compartilhou em seu perfil oficial registros in\u00e9ditos da fam\u00edlia reunida.<\/p>\n<p>Nas imagens, Rafael e os tr\u00eas herdeiros aparecem em um momento de descontra\u00e7\u00e3o na piscina. Na legenda, o ator destacou o significado do reencontro com as crian\u00e7as. \u201cVoltar pros meus filhos foi como acordar de um sonho longo demais. O tempo tentou apagar, mas o amor\u2026 o amor tem mem\u00f3ria pr\u00f3pria\u201c, iniciou ele.<\/p>\n<p>\u201cNos olhos deles, eu vi o mesmo brilho de antes \u2014 como se o tempo tivesse parado pra esperar a gente voltar. Rimos, cozinhamos, pintamos, mergulhamos\u2026 e em cada gesto, o reencontro. Eles n\u00e3o cobraram presen\u00e7a, s\u00f3 me deram amor. E ali eu entendi: o cora\u00e7\u00e3o das crian\u00e7as n\u00e3o guarda aus\u00eancia, ele guarda esperan\u00e7a. Aurora, Valentim e Helena \u2014 o que nos une n\u00e3o \u00e9 o sangue. \u00c9 algo muito maior: \u00e9 o milagre de ainda sermos n\u00f3s, apesar de tudo\u201c, completou Rafael Cardoso.<\/p>\n<p><strong>Leia tamb\u00e9m<\/strong>: <a href=\"https:\/\/caras.com.br\/atualidades\/namorada-de-rafael-cardoso-e-sincera-ao-ver-reencontro-do-ator-com-os-filhos-a-gente.phtml\" rel=\"nofollow noopener\" target=\"_blank\">Namorada de Rafael Cardoso \u00e9 sincera ao ver reencontro do ator com os filhos: \u2018A gente\u2026\u2019<\/a><\/p>\n<blockquote class=\"instagram-media\" style=\"background: #FFF; border: 0; border-radius: 3px; box-shadow: 0 0 1px 0 rgba(0,0,0,0.5),0 1px 10px 0 rgba(0,0,0,0.15); margin: 1px; max-width: 540px; min-width: 326px; padding: 0; width: calc(100% - 2px);\" data-instgrm-captioned=\"\" data-instgrm-permalink=\"https:\/\/www.instagram.com\/p\/DQSdf7SjnBK\/?utm_source=ig_embed&amp;utm_campaign=loading\" data-instgrm-version=\"14\"><\/blockquote>\n<p>        <a href=\"https:\/\/caras.com.br\/autor\/rafaela-oliveira\" rel=\"nofollow noopener\" target=\"_blank\">&#13;<br \/>\n          <img alt=\"Rafaela Oliveira\" src=\"https:\/\/www.europesays.com\/pt\/wp-content\/uploads\/2025\/12\/1766233472_805_49f5322875970d1e29e5ff2c3d4db4418044337871973cc6a09a25acab0e8ff7\"  class=\"avatar avatar-115 photo rounded-circle mr-3\" height=\"115\" width=\"115\" loading=\"lazy\" decoding=\"async\"\/>        <\/a><\/p>\n<p>        <strong>Rafaela Oliveira<\/strong> \u00e9 rep\u00f3rter de conte\u00fado do site CARAS. Formada em jornalismo, j\u00e1 passou por sites como MaisNovela, Portal M\u00e1rcia Piovesan, Purepeople Brasil e Jornal O Dia. Escreve sobre celebridades, TV e reality show. (email: <a href=\"https:\/\/caras.com.br\/cdn-cgi\/l\/email-protection\" class=\"__cf_email__\" data-cfemail=\"e496868b888d92818d9685bb878b888586a48785968597ca878b89ca8696\" rel=\"nofollow noopener\" target=\"_blank\">[email\u00a0protected]<\/a>)<\/p>\n<p>\t                                            <script async src=\"\/\/www.instagram.com\/embed.js\"><\/script><\/p>\n","protected":false},"excerpt":{"rendered":"O ator Rafael Cardoso usou as redes sociais para compartilhar com os seguidores alguns detalhes do anivers\u00e1rio da&hellip;\n","protected":false},"author":2,"featured_media":195971,"comment_status":"","ping_status":"","sticky":false,"template":"","format":"standard","meta":{"footnotes":""},"categories":[145],"tags":[39137,211,210,114,115,39138,32,33,18943],"class_list":{"0":"post-195970","1":"post","2":"type-post","3":"status-publish","4":"format-standard","5":"has-post-thumbnail","7":"category-celebridades","8":"tag-carol-ferraz","9":"tag-celebridades","10":"tag-celebrities","11":"tag-entertainment","12":"tag-entretenimento","13":"tag-filha-de-rafael-cardoso","14":"tag-portugal","15":"tag-pt","16":"tag-rafael-cardoso"},"share_on_mastodon":{"url":"https:\/\/pubeurope.com\/@pt\/115751883252494980","error":""},"_links":{"self":[{"href":"https:\/\/www.europesays.com\/pt\/wp-json\/wp\/v2\/posts\/195970","targetHints":{"allow":["GET"]}}],"collection":[{"href":"https:\/\/www.europesays.com\/pt\/wp-json\/wp\/v2\/posts"}],"about":[{"href":"https:\/\/www.europesays.com\/pt\/wp-json\/wp\/v2\/types\/post"}],"author":[{"embeddable":true,"href":"https:\/\/www.europesays.com\/pt\/wp-json\/wp\/v2\/users\/2"}],"replies":[{"embeddable":true,"href":"https:\/\/www.europesays.com\/pt\/wp-json\/wp\/v2\/comments?post=195970"}],"version-history":[{"count":0,"href":"https:\/\/www.europesays.com\/pt\/wp-json\/wp\/v2\/posts\/195970\/revisions"}],"wp:featuredmedia":[{"embeddable":true,"href":"https:\/\/www.europesays.com\/pt\/wp-json\/wp\/v2\/media\/195971"}],"wp:attachment":[{"href":"https:\/\/www.europesays.com\/pt\/wp-json\/wp\/v2\/media?parent=195970"}],"wp:term":[{"taxonomy":"category","embeddable":true,"href":"https:\/\/www.europesays.com\/pt\/wp-json\/wp\/v2\/categories?post=195970"},{"taxonomy":"post_tag","embeddable":true,"href":"https:\/\/www.europesays.com\/pt\/wp-json\/wp\/v2\/tags?post=195970"}],"curies":[{"name":"wp","href":"https:\/\/api.w.org\/{rel}","templated":true}]}}