{"id":195976,"date":"2025-12-20T12:32:08","date_gmt":"2025-12-20T12:32:08","guid":{"rendered":"https:\/\/www.europesays.com\/pt\/195976\/"},"modified":"2025-12-20T12:32:08","modified_gmt":"2025-12-20T12:32:08","slug":"shopping-center-lapa-tem-dia-d-de-vacinacao-contra-a-influenza-e-covid-19-neste-sabado-20","status":"publish","type":"post","link":"https:\/\/www.europesays.com\/pt\/195976\/","title":{"rendered":"SHOPPING CENTER LAPA TEM DIA D DE VACINA\u00c7\u00c3O CONTRA A INFLUENZA E COVID 19 NESTE S\u00c1BADO (20)"},"content":{"rendered":"<p>O Shopping Center Lapa realiza neste s\u00e1bado (20), das 9h \u00e0s 20h, o Dia D de Vacina\u00e7\u00e3o contra a Influenza e Covid 19 (para grupos priorit\u00e1rios). A a\u00e7\u00e3o, em parceria com a Secretaria Municipal de Sa\u00fade, \u00e9 no Espa\u00e7o Lapa Cultural, situado no piso L3, e tem o objetivo de ampliar o acesso da popula\u00e7\u00e3o \u00e0 imuniza\u00e7\u00e3o e refor\u00e7ar a import\u00e2ncia da preven\u00e7\u00e3o.<\/p>\n<p>A vacina\u00e7\u00e3o \u00e9 gratuita. Para se vacinar, \u00e9 importante apresentar documento de identifica\u00e7\u00e3o com foto e cart\u00e3o de vacina\u00e7\u00e3o, se houver. \u201cA iniciativa refor\u00e7a o compromisso do Shopping Center Lapa com a promo\u00e7\u00e3o da sa\u00fade, do bem-estar e do cuidado com a comunidade, utilizando seus espa\u00e7os para a\u00e7\u00f5es de impacto social e acesso a servi\u00e7os essenciais\u201d, afirma a gerente de marketing do empreendimento, Aline Ferraz.<\/p>\n<p>Servi\u00e7o:<\/p>\n<p>Dia D de Vacina\u00e7\u00e3o contra a Influenza e Covid 19<\/p>\n<p>Quando: S\u00e1bado, dia 20, das 9h \u00e0s 20h<\/p>\n<p>Onde: Shopping Center Lapa (Espa\u00e7o Lapa Cultural, piso L3)<\/p>\n<p>Quanto: Gratuito<\/p>\n<p>Influenza a partir de 12 anos<\/p>\n<p>Levar documento de identifica\u00e7\u00e3o com foto e cart\u00e3o de vacina\u00e7\u00e3o, se houver<\/p>\n<p>Shopping Center Lapa<\/p>\n<p>H\u00e1 29 anos em Salvador, o Shopping Center Lapa \u00e9 o centro de compras que faz parte da hist\u00f3ria dos baianos. Localizado no Centro da capital, o empreendimento conta com mais de 170 opera\u00e7\u00f5es com grandes marcas, al\u00e9m de presta\u00e7\u00e3o de servi\u00e7os e oportunidades de lazer e entretenimento como cinema, atra\u00e7\u00f5es musicais, eventos e apresenta\u00e7\u00f5es culturais. Com uma estrutura completa que agrega conforto, qualidade e comodidade para toda a fam\u00edlia, o shopping oferece diversas op\u00e7\u00f5es de restaurantes e quiosques, al\u00e9m de frald\u00e1rio e estacionamento, tudo para garantir uma experi\u00eancia incr\u00edvel aos clientes.<\/p>\n<p>Sobre a AD Shopping<\/p>\n<p>O AD Shopping est\u00e1 presente em todas as regi\u00f5es brasileiras. Seu portf\u00f3lio \u00e9 composto por 43 empreendimentos de diversos formatos, localizados tanto em capitais quanto no interior. S\u00e3o 32 anos de experi\u00eancia em desenvolvimento, planejamento, comercializa\u00e7\u00e3o e gest\u00e3o de shopping centers. O Grupo AD lan\u00e7ou recentemente a AlugueON, plataforma digital de loca\u00e7\u00e3o de lojas e merchandising, que vai facilitar a prospec\u00e7\u00e3o dos locat\u00e1rios na obten\u00e7\u00e3o do ponto comercial em sua estrat\u00e9gia de expans\u00e3o comercial, seja em lojas, seja em quiosques ou m\u00eddia no mall.<\/p>\n<p>Visite: www.adshopping.com.br, www.admall.com.br e www.alugueon.com.br.<\/p>\n<p>Foto: banco de imagens<\/p>\n","protected":false},"excerpt":{"rendered":"O Shopping Center Lapa realiza neste s\u00e1bado (20), das 9h \u00e0s 20h, o Dia D de Vacina\u00e7\u00e3o contra&hellip;\n","protected":false},"author":2,"featured_media":195977,"comment_status":"","ping_status":"","sticky":false,"template":"","format":"standard","meta":{"footnotes":""},"categories":[86],"tags":[726,116,32,33,117,1333],"class_list":{"0":"post-195976","1":"post","2":"type-post","3":"status-publish","4":"format-standard","5":"has-post-thumbnail","7":"category-saude","8":"tag-brasil","9":"tag-health","10":"tag-portugal","11":"tag-pt","12":"tag-saude","13":"tag-vacina"},"share_on_mastodon":{"url":"","error":""},"_links":{"self":[{"href":"https:\/\/www.europesays.com\/pt\/wp-json\/wp\/v2\/posts\/195976","targetHints":{"allow":["GET"]}}],"collection":[{"href":"https:\/\/www.europesays.com\/pt\/wp-json\/wp\/v2\/posts"}],"about":[{"href":"https:\/\/www.europesays.com\/pt\/wp-json\/wp\/v2\/types\/post"}],"author":[{"embeddable":true,"href":"https:\/\/www.europesays.com\/pt\/wp-json\/wp\/v2\/users\/2"}],"replies":[{"embeddable":true,"href":"https:\/\/www.europesays.com\/pt\/wp-json\/wp\/v2\/comments?post=195976"}],"version-history":[{"count":0,"href":"https:\/\/www.europesays.com\/pt\/wp-json\/wp\/v2\/posts\/195976\/revisions"}],"wp:featuredmedia":[{"embeddable":true,"href":"https:\/\/www.europesays.com\/pt\/wp-json\/wp\/v2\/media\/195977"}],"wp:attachment":[{"href":"https:\/\/www.europesays.com\/pt\/wp-json\/wp\/v2\/media?parent=195976"}],"wp:term":[{"taxonomy":"category","embeddable":true,"href":"https:\/\/www.europesays.com\/pt\/wp-json\/wp\/v2\/categories?post=195976"},{"taxonomy":"post_tag","embeddable":true,"href":"https:\/\/www.europesays.com\/pt\/wp-json\/wp\/v2\/tags?post=195976"}],"curies":[{"name":"wp","href":"https:\/\/api.w.org\/{rel}","templated":true}]}}