{"id":195978,"date":"2025-12-20T12:34:09","date_gmt":"2025-12-20T12:34:09","guid":{"rendered":"https:\/\/www.europesays.com\/pt\/195978\/"},"modified":"2025-12-20T12:34:09","modified_gmt":"2025-12-20T12:34:09","slug":"oculos-rayneo-x3-pro-combinam-ia-com-ecras-microled-para-experiencias-de-realidade-aumentada-mais-imersivas-equipamentos","status":"publish","type":"post","link":"https:\/\/www.europesays.com\/pt\/195978\/","title":{"rendered":"\u00d3culos RayNeo X3 Pro combinam IA com ecr\u00e3s microLED para experi\u00eancias de realidade aumentada mais imersivas &#8211; Equipamentos"},"content":{"rendered":"<p><strong>Depois do lan\u00e7amento na China em maio, os RayNeo X3 Pro chegam agora ao mercado internacional.<\/strong> Os novos \u00f3culos inteligentes e de realidade aumentada da marca, \u201cincubada\u201d pela <a href=\"https:\/\/tek.sapo.pt\/pesquisar?q=TCL\" target=\"_blank\" rel=\"noopener noreferrer nofollow\">TCL<\/a>, <strong>apostam na tecnologia de ecr\u00e3s microLED, bem como na integra\u00e7\u00e3o com o Gemini da Google. <\/strong><\/p>\n<p><b data-stringify-type=\"bold\">N\u00e3o perca nenhuma not\u00edcia importante da atualidade de tecnologia e\u00a0<\/b><b data-stringify-type=\"bold\"><a class=\"c-link\" href=\"https:\/\/tek.sapo.pt\/\" target=\"_blank\" rel=\"noopener noreferrer nofollow\" data-stringify-link=\"https:\/\/tek.sapo.pt\/\" data-sk=\"tooltip_parent\">acompanhe tudo em tek.sapo.pt<\/a><\/b><\/p>\n<p><strong>Com um peso de 76 gramas, o modelo \u00e9 36% mais leve do que a gera\u00e7\u00e3o anterior,<\/strong> contando com uma estrutura fabricada em liga de magn\u00e9sio e tit\u00e2nio de grau aeroespacial, al\u00e9m de um design que promete maior estabilidade durante o uso e resist\u00eancia ao suor.<\/p>\n<p>Clique nas imagens para ver com mais detalhe                     <\/p>\n<p>Os RayNeo X3 Pro est\u00e3o equipados com<strong> lentes que incorporam ecr\u00e3s microLED a cores, com resolu\u00e7\u00e3o de 640&#215;480 e brilho m\u00e1ximo de 6.000 nits.<\/strong> Em destaque est\u00e1 o <strong>Firefly Optical Engine<\/strong>, um motor \u00f3ptico MicroLED desenvolvido pela RayNeo e concebido para apresentar um <strong>ecr\u00e3 virtual de 43 polegadas com 16,7 milh\u00f5es de cores<\/strong>.<\/p>\n<p>O modelo, <strong>que recorre \u00e0 plataforma AR1 da Qualcomm, conta tamb\u00e9m com um sensor Sony IMX681 RGB<\/strong>, capaz de captar fotografias de 12 MP e v\u00eddeos a 4K\/3K. Um segundo sensor, usado pelo sistema de localiza\u00e7\u00e3o e mapeamento (Simultaneous Localization and Mapping, ou SLAM, em ingl\u00eas), trabalha em conjunto com a c\u00e2mara principal para oferecer experi\u00eancias de realidade aumentada mais imersivas.<\/p>\n<p>Segundo a marca, <strong>o assistente inteligente da Google assume um papel de relevo na experi\u00eancia, funcionando de forma cont\u00ednua para responder a perguntas e pedidos<\/strong>, assim como apresentar informa\u00e7\u00e3o sobre o que os utilizadores est\u00e3o a ver.<\/p>\n<p>Veja o v\u00eddeo  <\/p>\n<p>O sistema RayNeoOS 2.0 disp\u00f5e de v\u00e1rias funcionalidades \u201calimentadas\u201d por IA, incluindo <strong>tradu\u00e7\u00e3o em tempo real de texto e \u00e1udio em 14 idiomas<\/strong> (numa lista onde o portugu\u00eas ainda n\u00e3o faz parte); <strong>transcri\u00e7\u00e3o autom\u00e1tica de chamadas ou reuni\u00f5es<\/strong> e cria\u00e7\u00e3o de resumos ou notas; e <strong>navega\u00e7\u00e3o com indica\u00e7\u00f5es visuais.\u00a0<\/strong><\/p>\n<p>Outra das possibilidades \u00e9 a de <strong>aceder a apps como WhatsApp, Instagram ou TikTok atrav\u00e9s de interfaces adaptadas a realidade aumentada<\/strong>. A pensar nos developers, os \u00f3culos t\u00eam um modo espec\u00edfico que facilita o desenvolvimento de apps de realidade aumentada, com suporte para ferramentas como Unity e Android ARDK.<\/p>\n<p>Como detalha a RayNeo, os utilizadores podem <strong>interagir com os \u00f3culos atrav\u00e9s de um touchpad numa das hastes ou, ent\u00e3o, optar por comandos de voz<\/strong>. O modelo pode tamb\u00e9m ser controlado atrav\u00e9s de um smartphone emparelhado ou at\u00e9 de um Apple Watch.<\/p>\n<p>A <a href=\"https:\/\/eu.rayneo.com\/pages\/x3-pro-launch\" rel=\"nofollow noopener\" target=\"_blank\">marca promete<\/a> uma <strong>autonomia at\u00e9 5 horas cont\u00ednuas de grava\u00e7\u00e3o<\/strong>, 3 horas de reprodu\u00e7\u00e3o de m\u00fasica ou 36 minutos de v\u00eddeo, com os \u00f3culos a contarem com um modo de baixo consumo para prolongar a capacidade da bateria ao longo do dia.<\/p>\n<p>Os RayNeo X3 Pro est\u00e3o dispon\u00edveis, atrav\u00e9s do<a href=\"https:\/\/eu.rayneo.com\/products\/x3-pro-ai-display-glasses\" rel=\"nofollow noopener\" target=\"_blank\"> site da marca<\/a>, por um <strong>pre\u00e7o que, durante um per\u00edodo limitado, estar\u00e1 nos 1.199 euros.\u00a0<\/strong><\/p>\n<p>Assine a\u00a0<a class=\"c-link\" href=\"https:\/\/teknoticias.us15.list-manage.com\/subscribe?u=9a06a5af5e9150806abc02bae&amp;id=ef9b27090d\" target=\"_blank\" rel=\"noopener noreferrer nofollow\" data-stringify-link=\"https:\/\/teknoticias.us15.list-manage.com\/subscribe?u=9a06a5af5e9150806abc02bae&amp;id=ef9b27090d\" data-sk=\"tooltip_parent\">newsletter do TEK Not\u00edcias<\/a>\u00a0e receba todos os dias as principais not\u00edcias de tecnologia na sua caixa de correio.<\/p>\n","protected":false},"excerpt":{"rendered":"Depois do lan\u00e7amento na China em maio, os RayNeo X3 Pro chegam agora ao mercado internacional. Os novos&hellip;\n","protected":false},"author":2,"featured_media":195979,"comment_status":"","ping_status":"","sticky":false,"template":"","format":"standard","meta":{"footnotes":""},"categories":[84],"tags":[109,107,108,32,33,105,103,104,106,110],"class_list":{"0":"post-195978","1":"post","2":"type-post","3":"status-publish","4":"format-standard","5":"has-post-thumbnail","7":"category-ciencia-e-tecnologia","8":"tag-ciencia","9":"tag-ciencia-e-tecnologia","10":"tag-cienciaetecnologia","11":"tag-portugal","12":"tag-pt","13":"tag-science","14":"tag-science-and-technology","15":"tag-scienceandtechnology","16":"tag-technology","17":"tag-tecnologia"},"share_on_mastodon":{"url":"https:\/\/pubeurope.com\/@pt\/115751922074165453","error":""},"_links":{"self":[{"href":"https:\/\/www.europesays.com\/pt\/wp-json\/wp\/v2\/posts\/195978","targetHints":{"allow":["GET"]}}],"collection":[{"href":"https:\/\/www.europesays.com\/pt\/wp-json\/wp\/v2\/posts"}],"about":[{"href":"https:\/\/www.europesays.com\/pt\/wp-json\/wp\/v2\/types\/post"}],"author":[{"embeddable":true,"href":"https:\/\/www.europesays.com\/pt\/wp-json\/wp\/v2\/users\/2"}],"replies":[{"embeddable":true,"href":"https:\/\/www.europesays.com\/pt\/wp-json\/wp\/v2\/comments?post=195978"}],"version-history":[{"count":0,"href":"https:\/\/www.europesays.com\/pt\/wp-json\/wp\/v2\/posts\/195978\/revisions"}],"wp:featuredmedia":[{"embeddable":true,"href":"https:\/\/www.europesays.com\/pt\/wp-json\/wp\/v2\/media\/195979"}],"wp:attachment":[{"href":"https:\/\/www.europesays.com\/pt\/wp-json\/wp\/v2\/media?parent=195978"}],"wp:term":[{"taxonomy":"category","embeddable":true,"href":"https:\/\/www.europesays.com\/pt\/wp-json\/wp\/v2\/categories?post=195978"},{"taxonomy":"post_tag","embeddable":true,"href":"https:\/\/www.europesays.com\/pt\/wp-json\/wp\/v2\/tags?post=195978"}],"curies":[{"name":"wp","href":"https:\/\/api.w.org\/{rel}","templated":true}]}}