{"id":195982,"date":"2025-12-20T12:38:29","date_gmt":"2025-12-20T12:38:29","guid":{"rendered":"https:\/\/www.europesays.com\/pt\/195982\/"},"modified":"2025-12-20T12:38:29","modified_gmt":"2025-12-20T12:38:29","slug":"mariana-mortagua-despede-se-do-parlamento-com-elogios-observador","status":"publish","type":"post","link":"https:\/\/www.europesays.com\/pt\/195982\/","title":{"rendered":"Mariana Mort\u00e1gua despede-se do Parlamento com elogios \u2013 Observador"},"content":{"rendered":"<p>O presidente da Assembleia da Rep\u00fablica, Jos\u00e9 Pedro Aguiar Branco, despediu-se de Mariana Mort\u00e1gua e abriu uma ronda excecional para que todos os partidos pudessem deixar uma mensagem final. A ainda deputada do Bloco de Esquerda ouviu elogios de todas as bancadas com exce\u00e7\u00e3o do Chega e do CDS. No final, garantiu que vai \u201ccontinuar a luta pol\u00edtica\u201d, elogiou os trabalhadores do Parlamento e pediu que sejam \u201creconhecidos como trabalhadores da Assembleia\u201d.<\/p>\n<p>A iniciativa partiu do Livre, com a l\u00edder parlamentar, Isabel Mendes Lopes, a aproveitar os \u00faltimos segundos dispon\u00edveis nesta \u00faltima sess\u00e3o plen\u00e1ria do ano para deixar a Mariana Mort\u00e1gua a pergunta ret\u00f3rica sobre se \u201cvai continuar a lutar\u201d pelos ideais. Na resposta, Mariana Mort\u00e1gua disse que \u201cas vozes que se ouvem daquele lado [numa refer\u00eancia \u00e0 bancada do Chega] s\u00e3o o maior elogio ao trabalho feito\u201d e que, tamb\u00e9m por isso, \u201cpodem continuar a contar com empenho e com luta pol\u00edtica\u201d.<\/p>\n<p>No final da ordem do dia, Aguiar Branco juntou-se \u00e0 homenagem para destacar a \u201clealdadade\u201d no combate pol\u00edtico, recordando os tempos do Governo liderado por Passos Coelho e que \u201ca vis\u00e3o diferente n\u00e3o impede de respeitar a forma como defendeu as ideias e a forma como honrou o mandato\u201d recebido pelos portugueses, desejando felicidade \u00e0 agora antiga l\u00edder do Bloco de Esquerda.<\/p>\n<p>Tamb\u00e9m o l\u00edder parlamentar do PSD, Hugo Soares, n\u00e3o deixou de referir as diferen\u00e7as entre os dois partidos e at\u00e9 de responsabilizar Mariana Mort\u00e1gua \u201cpor v\u00e1rias decis\u00f5es que prejudicaram o pa\u00eds e os portugueses\u201d mas que este momento \u00e9 de \u201cencontrar o ch\u00e3o comum\u201d e, por isso, \u201ccom respeito e considera\u00e7\u00e3o pessoal dizer que foi de grande lealdade no debate pol\u00edtico e que engrandeceu a casa da democracia pela qualidade t\u00e9cnica\u201d, n\u00e3o desejando sorte ao partido mas sim \u00e0 deputada.<\/p>\n<p>Pelo PS, foi Marina Gon\u00e7alves a usar da palavra para \u201cagradecer por todos os momentos\u201d e por ter sido \u201cuma voz ativa com solu\u00e7\u00f5es\u201d e discordando do PSD para vincar que \u201calgumas das decis\u00f5es foram fundamentais para os portugueses\u201d e que \u201ca marca fica\u201d.<\/p>\n<p>A Iniciativa Liberal, pelo presidente da bancada, M\u00e1rio Amorim Lopes avisou que \u201ch\u00e1 um oceano que nos separa mas que n\u00e3o apaga a forma como, com combatividade e convic\u00e7\u00e3o, serviu todos os que votaram no BE\u201d, enquanto Rui Tavares diz que se \u201corgulha\u201d por saber que \u201ch\u00e1 mais que nos une do que aquilo que nos separa\u201d, despedindo-se com um \u201cat\u00e9 amanh\u00e3 e at\u00e9 sempre, camarada\u201d.<\/p>\n<p>J\u00e1 o PCP n\u00e3o deixou de recordar os \u201cmuitos momentos em que existiu converg\u00eancia de posi\u00e7\u00f5es\u201d, com Paula Santos a dizer que foi poss\u00edvel trabalhar \u201ccom cordialidade e respeito pelo debate\u201d. Filipe Sousa, do Juntos pelo Povo, apesar do pouco tempo em que coincidiu com o mandato de Mariana Mort\u00e1gua desejou tamb\u00e9m felicidades \u00e0 deputada.<\/p>\n<p>Na despedida, Mariana Mort\u00e1gua desejou \u201cpaci\u00eancia e firmeza aos bravos que insistem em defender a democracia na sua casa\u201d e destacou os funcion\u00e1rios da Assembleia da Rep\u00fablica deixando uma \u00faltima vontade de que \u201ctodos os trabalhadores possam ser reconhecidos dentro da carreira da Assembleia da Rep\u00fablica\u201d.<\/p>\n<p>Mariana Mort\u00e1gua foi aplaudida de p\u00e9 por todas as bancadas da esquerda e pela Iniciativa Liberal e tamb\u00e9m por v\u00e1rios deputados do PSD.<\/p>\n<p>Em sentido inverso ao tom geral, Pedro Pinto, l\u00edder parlamentar do Chega, critica a \u201caltera\u00e7\u00e3o clara \u00e0 ordem de trabalhos\u201d recordando que \u201cv\u00e1rios deputados j\u00e1 sa\u00edram e n\u00e3o tiveram esta defer\u00eancia, incluindo o deputado Pedro Nuno Santos\u201d, levando Aguiar Branco a recordar que o antigo l\u00edder do PS tem apenas o mandato suspenso. Pedro Pinto acrescentou que Mariana Mort\u00e1gua \u201cdevia ter cumprido o seu mandato at\u00e9 ao fim porque foi para isso que foi eleita\u201d e agradeceu por \u201cquase ter acabado com o Bloco de Esquerda\u201d.<\/p>\n<p>No mesmo tom, Paulo N\u00fancio, l\u00edder da bancada do CDS admitiu n\u00e3o ter \u201cnada de bom a dizer na despedida\u201d e fez uma men\u00e7\u00e3o ao pol\u00e9mico gesto que Mort\u00e1gua dirigiu a Paulo N\u00fancio desejando um \u201cfeliz e santo Natal e um bom futuro na cultura rock\u201d, o que mereceu um curto pux\u00e3o de orelhas de Aguiar Branco.<\/p>\n<p>Mariana Mort\u00e1gua vai renunciar ao mandato depois de ter deixado a lideran\u00e7a do Bloco de Esquerda, tendo sido eleita deputada pela primeira vez em 2013, cumprindo seis legislaturas. A ex-coordenadora vai ser substitu\u00edda no Parlamento por Fabian Figueiredo e, a espa\u00e7os, por Andreia Galv\u00e3o.<\/p>\n","protected":false},"excerpt":{"rendered":"O presidente da Assembleia da Rep\u00fablica, Jos\u00e9 Pedro Aguiar Branco, despediu-se de Mariana Mort\u00e1gua e abriu uma ronda&hellip;\n","protected":false},"author":2,"featured_media":195983,"comment_status":"","ping_status":"","sticky":false,"template":"","format":"standard","meta":{"footnotes":""},"categories":[8],"tags":[27,28,15,16,14,25,26,21,22,12,13,19,20,4532,302,32,23,24,33,17,18,29,30,31],"class_list":{"0":"post-195982","1":"post","2":"type-post","3":"status-publish","4":"format-standard","5":"has-post-thumbnail","7":"category-principais-noticias","8":"tag-breaking-news","9":"tag-breakingnews","10":"tag-featured-news","11":"tag-featurednews","12":"tag-headlines","13":"tag-latest-news","14":"tag-latestnews","15":"tag-main-news","16":"tag-mainnews","17":"tag-news","18":"tag-noticias","19":"tag-noticias-principais","20":"tag-noticiasprincipais","21":"tag-parlamento","22":"tag-polu00edtica","23":"tag-portugal","24":"tag-principais-noticias","25":"tag-principaisnoticias","26":"tag-pt","27":"tag-top-stories","28":"tag-topstories","29":"tag-ultimas","30":"tag-ultimas-noticias","31":"tag-ultimasnoticias"},"share_on_mastodon":{"url":"https:\/\/pubeurope.com\/@pt\/115751938000093458","error":""},"_links":{"self":[{"href":"https:\/\/www.europesays.com\/pt\/wp-json\/wp\/v2\/posts\/195982","targetHints":{"allow":["GET"]}}],"collection":[{"href":"https:\/\/www.europesays.com\/pt\/wp-json\/wp\/v2\/posts"}],"about":[{"href":"https:\/\/www.europesays.com\/pt\/wp-json\/wp\/v2\/types\/post"}],"author":[{"embeddable":true,"href":"https:\/\/www.europesays.com\/pt\/wp-json\/wp\/v2\/users\/2"}],"replies":[{"embeddable":true,"href":"https:\/\/www.europesays.com\/pt\/wp-json\/wp\/v2\/comments?post=195982"}],"version-history":[{"count":0,"href":"https:\/\/www.europesays.com\/pt\/wp-json\/wp\/v2\/posts\/195982\/revisions"}],"wp:featuredmedia":[{"embeddable":true,"href":"https:\/\/www.europesays.com\/pt\/wp-json\/wp\/v2\/media\/195983"}],"wp:attachment":[{"href":"https:\/\/www.europesays.com\/pt\/wp-json\/wp\/v2\/media?parent=195982"}],"wp:term":[{"taxonomy":"category","embeddable":true,"href":"https:\/\/www.europesays.com\/pt\/wp-json\/wp\/v2\/categories?post=195982"},{"taxonomy":"post_tag","embeddable":true,"href":"https:\/\/www.europesays.com\/pt\/wp-json\/wp\/v2\/tags?post=195982"}],"curies":[{"name":"wp","href":"https:\/\/api.w.org\/{rel}","templated":true}]}}