{"id":195991,"date":"2025-12-20T12:52:00","date_gmt":"2025-12-20T12:52:00","guid":{"rendered":"https:\/\/www.europesays.com\/pt\/195991\/"},"modified":"2025-12-20T12:52:00","modified_gmt":"2025-12-20T12:52:00","slug":"cgtp-in-convoca-manifestacao-contra-o-pacote-laboral-para-13-de-janeiro","status":"publish","type":"post","link":"https:\/\/www.europesays.com\/pt\/195991\/","title":{"rendered":"CGTP-IN convoca manifesta\u00e7\u00e3o contra o pacote laboral para 13 de janeiro"},"content":{"rendered":"<p>&#13;<br \/>\n&#8220;Depois da grande greve geral do passado dia 11 de dezembro, onde os trabalhadores se fizeram ouvir e afirmaram bem alto a sua rejei\u00e7\u00e3o ao pacote laboral e a exig\u00eancia da sua retirada, a CGTP-IN decidiu marcar para o pr\u00f3ximo dia 13 de janeiro de 2026 uma manifesta\u00e7\u00e3o, com in\u00edcio pelas 14:30 no Cam\u00f5es seguindo para S. Bento&#8221;, l\u00ea-se no comunicado divulgado hoje.&#13;\n<\/p>\n<p>&#13;<br \/>\nNum compromisso com os trabalhadores e no \u00e2mbito das a\u00e7\u00f5es de luta contra o pacote laboral, &#8220;a CGTP-IN desenvolveu ao longo destes \u00faltimos meses um abaixo-assinado onde milhares de trabalhadores foram contactados, esclarecidos, informados e mobilizados&#8221;.&#13;\n<\/p>\n<p>&#13;<br \/>\n&#8220;S\u00e3o dezenas de milhares os trabalhadores que, com a sua assinatura, expressaram a rejei\u00e7\u00e3o deste assalto aos direitos e \u00e0s condi\u00e7\u00f5es de trabalho que ser\u00e3o, no pr\u00f3ximo dia 13 de janeiro, entregues ao primeiro-ministro&#8221;, sublinha o comunicado.&#13;\n<\/p>\n<p>&#13;<br \/>\n\u00a0&#13;<\/p>\n","protected":false},"excerpt":{"rendered":"&#13; &#8220;Depois da grande greve geral do passado dia 11 de dezembro, onde os trabalhadores se fizeram ouvir&hellip;\n","protected":false},"author":2,"featured_media":195992,"comment_status":"","ping_status":"","sticky":false,"template":"","format":"standard","meta":{"footnotes":""},"categories":[10],"tags":[27,28,15,16,14,25,26,21,22,12,13,19,20,32,23,24,33,420,421,17,18,29,30,31],"class_list":{"0":"post-195991","1":"post","2":"type-post","3":"status-publish","4":"format-standard","5":"has-post-thumbnail","7":"category-portugal","8":"tag-breaking-news","9":"tag-breakingnews","10":"tag-featured-news","11":"tag-featurednews","12":"tag-headlines","13":"tag-latest-news","14":"tag-latestnews","15":"tag-main-news","16":"tag-mainnews","17":"tag-news","18":"tag-noticias","19":"tag-noticias-principais","20":"tag-noticiasprincipais","21":"tag-portugal","22":"tag-principais-noticias","23":"tag-principaisnoticias","24":"tag-pt","25":"tag-rtp","26":"tag-rtp-noticias","27":"tag-top-stories","28":"tag-topstories","29":"tag-ultimas","30":"tag-ultimas-noticias","31":"tag-ultimasnoticias"},"share_on_mastodon":{"url":"https:\/\/pubeurope.com\/@pt\/115751992854972085","error":""},"_links":{"self":[{"href":"https:\/\/www.europesays.com\/pt\/wp-json\/wp\/v2\/posts\/195991","targetHints":{"allow":["GET"]}}],"collection":[{"href":"https:\/\/www.europesays.com\/pt\/wp-json\/wp\/v2\/posts"}],"about":[{"href":"https:\/\/www.europesays.com\/pt\/wp-json\/wp\/v2\/types\/post"}],"author":[{"embeddable":true,"href":"https:\/\/www.europesays.com\/pt\/wp-json\/wp\/v2\/users\/2"}],"replies":[{"embeddable":true,"href":"https:\/\/www.europesays.com\/pt\/wp-json\/wp\/v2\/comments?post=195991"}],"version-history":[{"count":0,"href":"https:\/\/www.europesays.com\/pt\/wp-json\/wp\/v2\/posts\/195991\/revisions"}],"wp:featuredmedia":[{"embeddable":true,"href":"https:\/\/www.europesays.com\/pt\/wp-json\/wp\/v2\/media\/195992"}],"wp:attachment":[{"href":"https:\/\/www.europesays.com\/pt\/wp-json\/wp\/v2\/media?parent=195991"}],"wp:term":[{"taxonomy":"category","embeddable":true,"href":"https:\/\/www.europesays.com\/pt\/wp-json\/wp\/v2\/categories?post=195991"},{"taxonomy":"post_tag","embeddable":true,"href":"https:\/\/www.europesays.com\/pt\/wp-json\/wp\/v2\/tags?post=195991"}],"curies":[{"name":"wp","href":"https:\/\/api.w.org\/{rel}","templated":true}]}}