{"id":195993,"date":"2025-12-20T12:53:22","date_gmt":"2025-12-20T12:53:22","guid":{"rendered":"https:\/\/www.europesays.com\/pt\/195993\/"},"modified":"2025-12-20T12:53:22","modified_gmt":"2025-12-20T12:53:22","slug":"fc-porto-reavaliacao-da-boas-noticias-sobre-francisco-moura","status":"publish","type":"post","link":"https:\/\/www.europesays.com\/pt\/195993\/","title":{"rendered":"FC Porto: reavalia\u00e7\u00e3o d\u00e1 boas not\u00edcias sobre Francisco Moura"},"content":{"rendered":"<p>O lateral-esquerdo foi reavaliado no CTFD Jorge Costa, na manh\u00e3 desta sexta-feira, com o departamento m\u00e9dico portista a determinar que o lateral n\u00e3o ficou com mazelas. Ap\u00f3s o duelo com os minhotos, ali\u00e1s, o camisola 74 j\u00e1 tinha deixado boas indica\u00e7\u00f5es, apesar de ter recebido assist\u00eancia ainda no relvado, antes de ceder o respetivo lugar.<\/p>\n<p>Assim, <a target=\"_blank\" class=\"editor-link autolink-enabled\" href=\"https:\/\/www.abola.pt\/futebol\/jogador\/francisco-moura-189404\" data-resource-id=\"189404\" data-resource-type=\"player\" data-sport=\"football\" rel=\"nofollow noopener\">Moura<\/a> estar\u00e1 apto no regresso do plantel azul e branco aos treinos, este s\u00e1bado, e pronto para repetir a titularidade na desloca\u00e7\u00e3o de segunda-feira ao reduto do <a target=\"_blank\" class=\"editor-link autolink-enabled\" href=\"https:\/\/www.abola.pt\/futebol\/alverca-452\" data-resource-id=\"452\" data-resource-type=\"team\" data-sport=\"football\" rel=\"nofollow noopener\">Alverca<\/a>. Sinais positivos para Farioli, que, recorde-se, ficou limitado em termos de op\u00e7\u00f5es para o corredor canhoto da defesa, uma vez que <a target=\"_blank\" class=\"editor-link autolink-enabled\" href=\"https:\/\/www.abola.pt\/futebol\/jogador\/zaidu-212639\" data-resource-id=\"212639\" data-resource-type=\"player\" data-sport=\"football\" rel=\"nofollow noopener\">Zaidu<\/a> rumou \u00e0 <a target=\"_blank\" class=\"editor-link autolink-enabled\" href=\"https:\/\/www.abola.pt\/futebol\/competicao\/can-191\" data-resource-id=\"191\" data-resource-type=\"competition\" data-sport=\"football\" rel=\"nofollow noopener\">CAN<\/a>.<\/p>\n","protected":false},"excerpt":{"rendered":"O lateral-esquerdo foi reavaliado no CTFD Jorge Costa, na manh\u00e3 desta sexta-feira, com o departamento m\u00e9dico portista a&hellip;\n","protected":false},"author":2,"featured_media":195994,"comment_status":"","ping_status":"","sticky":false,"template":"","format":"standard","meta":{"footnotes":""},"categories":[8],"tags":[27,28,15,16,14,25,26,21,22,12,13,19,20,32,23,24,33,17,18,29,30,31],"class_list":{"0":"post-195993","1":"post","2":"type-post","3":"status-publish","4":"format-standard","5":"has-post-thumbnail","7":"category-principais-noticias","8":"tag-breaking-news","9":"tag-breakingnews","10":"tag-featured-news","11":"tag-featurednews","12":"tag-headlines","13":"tag-latest-news","14":"tag-latestnews","15":"tag-main-news","16":"tag-mainnews","17":"tag-news","18":"tag-noticias","19":"tag-noticias-principais","20":"tag-noticiasprincipais","21":"tag-portugal","22":"tag-principais-noticias","23":"tag-principaisnoticias","24":"tag-pt","25":"tag-top-stories","26":"tag-topstories","27":"tag-ultimas","28":"tag-ultimas-noticias","29":"tag-ultimasnoticias"},"share_on_mastodon":{"url":"https:\/\/pubeurope.com\/@pt\/115751996958233476","error":""},"_links":{"self":[{"href":"https:\/\/www.europesays.com\/pt\/wp-json\/wp\/v2\/posts\/195993","targetHints":{"allow":["GET"]}}],"collection":[{"href":"https:\/\/www.europesays.com\/pt\/wp-json\/wp\/v2\/posts"}],"about":[{"href":"https:\/\/www.europesays.com\/pt\/wp-json\/wp\/v2\/types\/post"}],"author":[{"embeddable":true,"href":"https:\/\/www.europesays.com\/pt\/wp-json\/wp\/v2\/users\/2"}],"replies":[{"embeddable":true,"href":"https:\/\/www.europesays.com\/pt\/wp-json\/wp\/v2\/comments?post=195993"}],"version-history":[{"count":0,"href":"https:\/\/www.europesays.com\/pt\/wp-json\/wp\/v2\/posts\/195993\/revisions"}],"wp:featuredmedia":[{"embeddable":true,"href":"https:\/\/www.europesays.com\/pt\/wp-json\/wp\/v2\/media\/195994"}],"wp:attachment":[{"href":"https:\/\/www.europesays.com\/pt\/wp-json\/wp\/v2\/media?parent=195993"}],"wp:term":[{"taxonomy":"category","embeddable":true,"href":"https:\/\/www.europesays.com\/pt\/wp-json\/wp\/v2\/categories?post=195993"},{"taxonomy":"post_tag","embeddable":true,"href":"https:\/\/www.europesays.com\/pt\/wp-json\/wp\/v2\/tags?post=195993"}],"curies":[{"name":"wp","href":"https:\/\/api.w.org\/{rel}","templated":true}]}}