{"id":196029,"date":"2025-12-20T13:35:14","date_gmt":"2025-12-20T13:35:14","guid":{"rendered":"https:\/\/www.europesays.com\/pt\/196029\/"},"modified":"2025-12-20T13:35:14","modified_gmt":"2025-12-20T13:35:14","slug":"eua-propoem-fechar-portos-a-espanha-apos-nega-de-escalas-a-navios-com-armas-para-israel","status":"publish","type":"post","link":"https:\/\/www.europesays.com\/pt\/196029\/","title":{"rendered":"EUA prop\u00f5em fechar portos a Espanha ap\u00f3s nega de escalas a navios com armas para Israel"},"content":{"rendered":"<p>        Uma ag\u00eancia reguladora dos Estados Unidos prop\u00f4s hoje o encerramento dos portos aos navios espanh\u00f3is, enquanto prossegue a investiga\u00e7\u00e3o sobre a recusa de Espanha em permitir que navios de carga norte-americanos, com armas para Israel, atracassem em Algeciras (C\u00e1dis).    <\/p>\n<p>A Comiss\u00e3o Mar\u00edtima Federal dos EUA (FMC, na sigla em ingl\u00eas) referiu, numa nota publicada no seu \u2018site\u2019, que est\u00e1 a examinar op\u00e7\u00f5es que incluem \u201climita\u00e7\u00f5es de carga, nega\u00e7\u00e3o de entrada a embarca\u00e7\u00f5es que operam sob bandeira espanhola ou imposi\u00e7\u00e3o de multas\u201d de 2,3 milh\u00f5es de d\u00f3lares (2 milh\u00f5es de euros, \u00e0 taxa de c\u00e2mbio atual) por viagem a embarca\u00e7\u00f5es com bandeira espanhola.<\/p>\n<p>No entanto, sublinhou que n\u00e3o foi emitida qualquer decis\u00e3o final e que a FMC est\u00e1 a avaliar \u201ccuidadosamente as provas e todas as considera\u00e7\u00f5es pertinentes\u201d.<\/p>\n<p>Washington observou que o governo espanhol impediu o acesso direto a pelo menos tr\u00eas embarca\u00e7\u00f5es norte-americanas em novembro de 2024, incluindo embarca\u00e7\u00f5es que operam no \u00e2mbito do Programa de Seguran\u00e7a Mar\u00edtima dos EUA, e enfatizou que \u201ca pol\u00edtica por detr\u00e1s destas negas continua em vigor\u201d.<\/p>\n<p>Para avaliar o impacto no com\u00e9rcio externo dos EUA, a comiss\u00e3o est\u00e1 a solicitar informa\u00e7\u00f5es adicionais \u00e0s transportadoras, comerciantes e outras partes interessadas relativamente \u00e0 \u201catual pol\u00edtica de Espanha de negar ou recusar o acesso a embarca\u00e7\u00f5es americanas\u201d.<\/p>\n<p>O relat\u00f3rio detalha as restri\u00e7\u00f5es impostas a determinadas embarca\u00e7\u00f5es que transportam carga de ou para Israel, as medidas adotadas para implementar esta pol\u00edtica e o impacto nas condi\u00e7\u00f5es de navega\u00e7\u00e3o mar\u00edtima.<\/p>\n<p>Com base nas informa\u00e7\u00f5es obtidas at\u00e9 \u00e0 data, esta ag\u00eancia independente do governo dos EUA indica que as regulamenta\u00e7\u00f5es aplicadas pelas autoridades espanholas podem estar a criar \u201ccondi\u00e7\u00f5es desfavor\u00e1veis gerais ou espec\u00edficas para a navega\u00e7\u00e3o mar\u00edtima no com\u00e9rcio externo dos EUA\u201d, raz\u00e3o pela qual \u201cdeveria examinar\u201d quais as \u201cmedidas corretivas que seriam apropriadas para ajustar estas condi\u00e7\u00f5es aparentes\u201d.<\/p>\n<p>Espanha foi um dos primeiros pa\u00edses europeus a reconhecer o Estado da Palestina depois do in\u00edcio da ofensiva militar de Israel na Faixa de Gaza, em outubro de 2023.<\/p>\n<p>A guerra em curso em Gaza foi iniciada quando o Hamas atacou solo israelita a 07 de outubro de 2023, provocando cerca de 1.200 mortos e 251 ref\u00e9ns.<\/p>\n<p>Em retalia\u00e7\u00e3o, Israel lan\u00e7ou uma opera\u00e7\u00e3o militar que provocou mais de 70 mil mortos, na maioria civis palestinianos, segundo as autoridades locais, a destrui\u00e7\u00e3o de quase todas as infraestruturas do territ\u00f3rio, um desastre humanit\u00e1rio e a desloca\u00e7\u00e3o for\u00e7ada de centenas de milhares de pessoas.<\/p>\n<p>\u00a0<\/p>\n<p>\u00a0<\/p>\n","protected":false},"excerpt":{"rendered":"Uma ag\u00eancia reguladora dos Estados Unidos prop\u00f4s hoje o encerramento dos portos aos navios espanh\u00f3is, enquanto prossegue a&hellip;\n","protected":false},"author":2,"featured_media":121791,"comment_status":"","ping_status":"","sticky":false,"template":"","format":"standard","meta":{"footnotes":""},"categories":[50],"tags":[27,28,235,15,16,14,25,26,21,22,62,10550,12,13,19,20,23,24,17,18,29,30,31,63,64,65],"class_list":{"0":"post-196029","1":"post","2":"type-post","3":"status-publish","4":"format-standard","5":"has-post-thumbnail","7":"category-mundo","8":"tag-breaking-news","9":"tag-breakingnews","10":"tag-estados-unidos","11":"tag-featured-news","12":"tag-featurednews","13":"tag-headlines","14":"tag-latest-news","15":"tag-latestnews","16":"tag-main-news","17":"tag-mainnews","18":"tag-mundo","19":"tag-navios","20":"tag-news","21":"tag-noticias","22":"tag-noticias-principais","23":"tag-noticiasprincipais","24":"tag-principais-noticias","25":"tag-principaisnoticias","26":"tag-top-stories","27":"tag-topstories","28":"tag-ultimas","29":"tag-ultimas-noticias","30":"tag-ultimasnoticias","31":"tag-world","32":"tag-world-news","33":"tag-worldnews"},"share_on_mastodon":{"url":"https:\/\/pubeurope.com\/@pt\/115752161985649593","error":""},"_links":{"self":[{"href":"https:\/\/www.europesays.com\/pt\/wp-json\/wp\/v2\/posts\/196029","targetHints":{"allow":["GET"]}}],"collection":[{"href":"https:\/\/www.europesays.com\/pt\/wp-json\/wp\/v2\/posts"}],"about":[{"href":"https:\/\/www.europesays.com\/pt\/wp-json\/wp\/v2\/types\/post"}],"author":[{"embeddable":true,"href":"https:\/\/www.europesays.com\/pt\/wp-json\/wp\/v2\/users\/2"}],"replies":[{"embeddable":true,"href":"https:\/\/www.europesays.com\/pt\/wp-json\/wp\/v2\/comments?post=196029"}],"version-history":[{"count":0,"href":"https:\/\/www.europesays.com\/pt\/wp-json\/wp\/v2\/posts\/196029\/revisions"}],"wp:featuredmedia":[{"embeddable":true,"href":"https:\/\/www.europesays.com\/pt\/wp-json\/wp\/v2\/media\/121791"}],"wp:attachment":[{"href":"https:\/\/www.europesays.com\/pt\/wp-json\/wp\/v2\/media?parent=196029"}],"wp:term":[{"taxonomy":"category","embeddable":true,"href":"https:\/\/www.europesays.com\/pt\/wp-json\/wp\/v2\/categories?post=196029"},{"taxonomy":"post_tag","embeddable":true,"href":"https:\/\/www.europesays.com\/pt\/wp-json\/wp\/v2\/tags?post=196029"}],"curies":[{"name":"wp","href":"https:\/\/api.w.org\/{rel}","templated":true}]}}