{"id":196034,"date":"2025-12-20T13:47:08","date_gmt":"2025-12-20T13:47:08","guid":{"rendered":"https:\/\/www.europesays.com\/pt\/196034\/"},"modified":"2025-12-20T13:47:08","modified_gmt":"2025-12-20T13:47:08","slug":"supergirl-papel-de-seth-rogen-pode-ter-sido-revelado","status":"publish","type":"post","link":"https:\/\/www.europesays.com\/pt\/196034\/","title":{"rendered":"Supergirl: Papel de Seth Rogen pode ter sido revelado"},"content":{"rendered":"<p class=\"wp-block-yoast-seo-estimated-reading-time yoast-reading-time__wrapper\">Estimated reading time: 2 minutos<\/p>\n<p>Ap\u00f3s anos dizendo que dificilmente trabalharia em <strong>Marvel <\/strong>ou <strong>DC<\/strong>, <a href=\"https:\/\/ovicio.com.br\/tag\/Seth-Rogen\/\" target=\"_blank\" rel=\"noreferrer noopener nofollow\">Seth Rogen<\/a> perdeu o medo e fez uma participa\u00e7\u00e3o especial em <a href=\"https:\/\/ovicio.com.br\/filme\/supergirl-a-mulher-do-amanha\/\" target=\"_blank\" rel=\"noreferrer noopener nofollow\">Supergirl (2025)<\/a>.<\/p>\n<p>O papel estava sendo guardado a sete chaves, mas parece que o segredo finalmente vazou por meio do insider <strong>Daniel RPK<\/strong>.<\/p>\n<p>Segundo <strong>RPK<\/strong>, <strong>Rogen <\/strong>empresta a sua voz a &#8220;<strong>um pequeno alien\u00edgena que ajuda a operar um \u00f4nibus espacial<\/strong>&#8220;. Ele seria respons\u00e1vel por algumas das principais piadas do filme.<\/p>\n<p>O nome do alien\u00edgena n\u00e3o foi revelado, mas lembro que na CCXP25 havia um certo destaque a um personagem chamado &#8220;<strong>C\u00e9drik, o inseto intergal\u00e1ctico<\/strong>&#8220;. \u00c9 uma possibilidade.<\/p>\n<p><img fetchpriority=\"high\" decoding=\"async\" width=\"1024\" height=\"565\" src=\"https:\/\/www.europesays.com\/pt\/wp-content\/uploads\/2025\/12\/20251220-image-1-1024x565.png\" alt=\"\" class=\"lazyload wp-image-877306\"  data-\/><strong>C\u00e9drik<\/strong> no estande da <strong>CCXP25 <\/strong>(Cr\u00e9ditos: Ramon Vitor)<\/p>\n<p><strong>Supergirl (2025)<\/strong>, vale ressaltar, chega aos cinemas em <strong>25 de junho<\/strong>.<\/p>\n<p>Leia mais sobre Supergirl:<\/p>\n<p><strong>Fonte:<\/strong> <a href=\"https:\/\/comicbookmovie.com\/supergirl\/rumor-seth-rogens-mystery-role-in-dc-studios-supergirl-has-been-revealed---possible-spoilers-a225644\" target=\"_blank\" rel=\"noreferrer noopener nofollow\">Comic Book Movie<\/a><\/p>\n","protected":false},"excerpt":{"rendered":"Estimated reading time: 2 minutos Ap\u00f3s anos dizendo que dificilmente trabalharia em Marvel ou DC, Seth Rogen perdeu&hellip;\n","protected":false},"author":2,"featured_media":196035,"comment_status":"","ping_status":"","sticky":false,"template":"","format":"standard","meta":{"footnotes":""},"categories":[140],"tags":[16248,7319,114,115,147,148,7320,4741,15714,25194,12242,146,12985,32,33,17014,7322,16261,37747,37694,16809],"class_list":{"0":"post-196034","1":"post","2":"type-post","3":"status-publish","4":"format-standard","5":"has-post-thumbnail","7":"category-filmes","8":"tag-ana-nogueira","9":"tag-dc-studios","10":"tag-entertainment","11":"tag-entretenimento","12":"tag-film","13":"tag-filmes","14":"tag-james-gunn","15":"tag-jason-momoa","16":"tag-lobo","17":"tag-matthias-schoenaerts","18":"tag-milly-alcock","19":"tag-movies","20":"tag-peter-safran","21":"tag-portugal","22":"tag-pt","23":"tag-seth-rogen","24":"tag-supergirl","25":"tag-supergirl-a-mulher-do-amanha","26":"tag-superman-filme","27":"tag-warner-bros-company","28":"tag-warner-bros-discovery"},"share_on_mastodon":{"url":"https:\/\/pubeurope.com\/@pt\/115752209771572687","error":""},"_links":{"self":[{"href":"https:\/\/www.europesays.com\/pt\/wp-json\/wp\/v2\/posts\/196034","targetHints":{"allow":["GET"]}}],"collection":[{"href":"https:\/\/www.europesays.com\/pt\/wp-json\/wp\/v2\/posts"}],"about":[{"href":"https:\/\/www.europesays.com\/pt\/wp-json\/wp\/v2\/types\/post"}],"author":[{"embeddable":true,"href":"https:\/\/www.europesays.com\/pt\/wp-json\/wp\/v2\/users\/2"}],"replies":[{"embeddable":true,"href":"https:\/\/www.europesays.com\/pt\/wp-json\/wp\/v2\/comments?post=196034"}],"version-history":[{"count":0,"href":"https:\/\/www.europesays.com\/pt\/wp-json\/wp\/v2\/posts\/196034\/revisions"}],"wp:featuredmedia":[{"embeddable":true,"href":"https:\/\/www.europesays.com\/pt\/wp-json\/wp\/v2\/media\/196035"}],"wp:attachment":[{"href":"https:\/\/www.europesays.com\/pt\/wp-json\/wp\/v2\/media?parent=196034"}],"wp:term":[{"taxonomy":"category","embeddable":true,"href":"https:\/\/www.europesays.com\/pt\/wp-json\/wp\/v2\/categories?post=196034"},{"taxonomy":"post_tag","embeddable":true,"href":"https:\/\/www.europesays.com\/pt\/wp-json\/wp\/v2\/tags?post=196034"}],"curies":[{"name":"wp","href":"https:\/\/api.w.org\/{rel}","templated":true}]}}