{"id":196042,"date":"2025-12-20T13:53:18","date_gmt":"2025-12-20T13:53:18","guid":{"rendered":"https:\/\/www.europesays.com\/pt\/196042\/"},"modified":"2025-12-20T13:53:18","modified_gmt":"2025-12-20T13:53:18","slug":"eua-atingem-alvos-do-isis-na-siria-em-declaracao-de-vinganca-observador","status":"publish","type":"post","link":"https:\/\/www.europesays.com\/pt\/196042\/","title":{"rendered":"EUA atingem alvos do ISIS na S\u00edria em declara\u00e7\u00e3o de vingan\u00e7a &#8211; Observador"},"content":{"rendered":"<ol>\n<li><a href=\"https:\/\/news.google.com\/rss\/articles\/CBMi-wFBVV95cUxNc3RfTFhhSEtMWnBpUW9mSGV3MTdBQkUxRUVOQzlldzBzN1huVExHbC1feWRYTWhfTm9CMm1lSm5jNzg5dlpuVUxnRmtmX1ZZZXhhVlh4UXEzRE5KM0NXX1dZRVdlM3hpUmJJX3l6azktbGxRQ2xpQ05tSGxJd2dPT19UdFdIWnJhZkdnYXNYRHZmaDNkei1Jd2UwOFh3bDlOS19nOGRqTTZyV0Vad2dUU2dmNThBWTNKVkF5VGZRRHNBdV9zY2NJM1M2bXhNS2dfeURMQ2ttVUh2dURLdVF4X0VSblFFU05TTVduMkJZZUNkMW4yZktPZkhwRQ?oc=5\" target=\"_blank\" rel=\"nofollow noopener\">EUA atingem alvos do ISIS na S\u00edria em declara\u00e7\u00e3o de vingan\u00e7a<\/a>&nbsp;&nbsp;Observador<\/li>\n<li><a href=\"https:\/\/news.google.com\/rss\/articles\/CBMiowFBVV95cUxQbzVLMnNrVl9rYjJyOTN4MWMxVG5lX0ppYW9kWFlocDhNeFlWX0owX1lHM2ZZQy1MZ1VXbm83eldwa1RuRzNMUm5uMW9uV29GSGxaSE9SSUhjdm9CQkxMX2hfbE5YamJ0RXUxN2dldENYVl9uOTZIdXBGODQ3WDMxaFRLalBtSGJzRWZUWnRzNEt6R2VSc3htUG8wS0ZodzlLckE40gGyAUFVX3lxTE5CS3BPMkhVZmt0eUFXNmpMeU02emVFZkZZQ01oa0tnZk55cVFFRHZXaV9lQjFDZDZZRzlOSzN1MDU2ZXBIV0ZyWkhQcVBaQzRRRzNpaFQyQlRiSG05cERrOXpYd1NsYWlvMjFiOXIwMUJjWVc0Qzk2MmJtU1pIbXdiSjl1T1lxWW84dW83bWppMzhUT2o1MXhUa2lka2EtaGlPMU9qMVIzQmFtWUJOWGRBUWc?oc=5\" target=\"_blank\" rel=\"nofollow noopener\">EUA atacam Estado Isl\u00e2mico na S\u00edria; o que se sabe<\/a>&nbsp;&nbsp;G1<\/li>\n<li><a href=\"https:\/\/news.google.com\/rss\/articles\/CBMi0wFBVV95cUxPREI4V1VvZGxPT1hZVjNmOENEMjdGUTYwLXZJV0tzZmlQQzU5aFNIa0RDd1kwX1ZpTmljRG5kcG1wMWMxUFVCdGozZkM1aDJCUVVCc2xpUV9XYW9jeE5tcmd1bVR1cEs4RHJMc0diU2RPb05uWW5ySnd5bFdvQmFRSTEyZHhWekFEclY2WHlzMjllQ0xRcjZ6MDFSYUM1WHR4ZF9CSzFlRTlCMVE0NTFSRTJLcldrYTV1c3hUWDdWUHJ2OUpVMnM5N3BKRFJKc3RvV3A4?oc=5\" target=\"_blank\" rel=\"nofollow noopener\">Ap\u00f3s mortes de soldados, EUA fazem ataques em larga escala contra o Estado Isl\u00e2mico na S\u00edria<\/a>&nbsp;&nbsp;Estad\u00e3o<\/li>\n<li><a href=\"https:\/\/news.google.com\/rss\/articles\/CBMi4AFBVV95cUxPdVdmVTg4VW8xelh4TjVKNDZCTVppVkFxUy1yRkV6NHdRMGlGQTk3Tkc4OFFMMjZlXy02d1ZvV3RZdzhtVWktY0c2ZHpRV1QwY2VoRV9uTlc4QkNvcWVRRlpuQm9GZVFVV3E2TElQTTdPMTFSZ1hMYzA4bUlRTlBaYUNqUzhqUGdjd24zQVVsdTBlSlFJMzdfWVlTZWdLeUpTMzJIeHdBdmk4clRDMWN5N1ZrWVprSGhlM3J1SjJuSzlBeEJJLUpKczZMUEpwcWdZV000ZU00aGtjTGlDdHNzZA?oc=5\" target=\"_blank\" rel=\"nofollow noopener\">EUA bombardeiam S\u00edria em vingan\u00e7a contra EI ap\u00f3s morte de militares<\/a>&nbsp;&nbsp;UOL Not\u00edcias<\/li>\n<li><a href=\"https:\/\/news.google.com\/rss\/articles\/CBMipwFBVV95cUxQV1l2dDJVd3Z5TjJaaV80UHNKaVNydk84MDlXSEYxVFFKODBhYXNacjFUNmgwM2M4ek9Bb1lwcUNPMjd3XzhvWUlTYU01NkI2ZDhCMjZtZzNUYUUwc25TZDZNcnA4YkhhQTVkd0hCdVdFMDdhMF9wRU54RVNHQ2xmVzNMVC1UVWNCbVpIMktuMGN3Uy1uYnNtTFJacG9aaTRoczZOVHJFQQ?oc=5\" target=\"_blank\" rel=\"nofollow noopener\">S\u00edria refor\u00e7a combate ao Estado Isl\u00e2mico ap\u00f3s ataque dos EUA<\/a>&nbsp;&nbsp;CNN Brasil<\/li>\n<\/ol>\n","protected":false},"excerpt":{"rendered":"EUA atingem alvos do ISIS na S\u00edria em declara\u00e7\u00e3o de vingan\u00e7a&nbsp;&nbsp;Observador EUA atacam Estado Isl\u00e2mico na S\u00edria; o&hellip;\n","protected":false},"author":2,"featured_media":191528,"comment_status":"","ping_status":"","sticky":false,"template":"","format":"standard","meta":{"footnotes":""},"categories":[50],"tags":[27,28,15,16,14,25,26,21,22,62,12,13,19,20,23,24,17,18,29,30,31,63,64,65],"class_list":{"0":"post-196042","1":"post","2":"type-post","3":"status-publish","4":"format-standard","5":"has-post-thumbnail","7":"category-mundo","8":"tag-breaking-news","9":"tag-breakingnews","10":"tag-featured-news","11":"tag-featurednews","12":"tag-headlines","13":"tag-latest-news","14":"tag-latestnews","15":"tag-main-news","16":"tag-mainnews","17":"tag-mundo","18":"tag-news","19":"tag-noticias","20":"tag-noticias-principais","21":"tag-noticiasprincipais","22":"tag-principais-noticias","23":"tag-principaisnoticias","24":"tag-top-stories","25":"tag-topstories","26":"tag-ultimas","27":"tag-ultimas-noticias","28":"tag-ultimasnoticias","29":"tag-world","30":"tag-world-news","31":"tag-worldnews"},"share_on_mastodon":{"url":"https:\/\/pubeurope.com\/@pt\/115752232714768290","error":""},"_links":{"self":[{"href":"https:\/\/www.europesays.com\/pt\/wp-json\/wp\/v2\/posts\/196042","targetHints":{"allow":["GET"]}}],"collection":[{"href":"https:\/\/www.europesays.com\/pt\/wp-json\/wp\/v2\/posts"}],"about":[{"href":"https:\/\/www.europesays.com\/pt\/wp-json\/wp\/v2\/types\/post"}],"author":[{"embeddable":true,"href":"https:\/\/www.europesays.com\/pt\/wp-json\/wp\/v2\/users\/2"}],"replies":[{"embeddable":true,"href":"https:\/\/www.europesays.com\/pt\/wp-json\/wp\/v2\/comments?post=196042"}],"version-history":[{"count":0,"href":"https:\/\/www.europesays.com\/pt\/wp-json\/wp\/v2\/posts\/196042\/revisions"}],"wp:featuredmedia":[{"embeddable":true,"href":"https:\/\/www.europesays.com\/pt\/wp-json\/wp\/v2\/media\/191528"}],"wp:attachment":[{"href":"https:\/\/www.europesays.com\/pt\/wp-json\/wp\/v2\/media?parent=196042"}],"wp:term":[{"taxonomy":"category","embeddable":true,"href":"https:\/\/www.europesays.com\/pt\/wp-json\/wp\/v2\/categories?post=196042"},{"taxonomy":"post_tag","embeddable":true,"href":"https:\/\/www.europesays.com\/pt\/wp-json\/wp\/v2\/tags?post=196042"}],"curies":[{"name":"wp","href":"https:\/\/api.w.org\/{rel}","templated":true}]}}