{"id":196043,"date":"2025-12-20T13:55:41","date_gmt":"2025-12-20T13:55:41","guid":{"rendered":"https:\/\/www.europesays.com\/pt\/196043\/"},"modified":"2025-12-20T13:55:41","modified_gmt":"2025-12-20T13:55:41","slug":"britanica-surfa-onda-gigante-em-nazare-e-pode-superar-recorde-mundial-feminino-da-brasileira-maya-gabeira-veja-video","status":"publish","type":"post","link":"https:\/\/www.europesays.com\/pt\/196043\/","title":{"rendered":"Brit\u00e2nica surfa onda gigante em Nazar\u00e9 e pode superar recorde mundial feminino da brasileira Maya Gabeira; veja v\u00eddeo"},"content":{"rendered":"\n<p class=\" content-text__container theme-color-primary-first-letter\" data-track-category=\"Link no Texto\" data-track-links=\"\"> A brit\u00e2nica Laura Crane, de 30 anos, pode ter surfado a maior onda j\u00e1 registrada por uma mulher. Ex-participante do reality show Love Island, ela enfrentou uma ondula\u00e7\u00e3o gigantesca em Nazar\u00e9, em Portugal, durante o Nazar\u00e9 Big Wave Challenge, no fim de semana, e agora aguarda a an\u00e1lise do Guinness World Records. <\/p>\n<ul class=\"content-unordered-list\">\n<li><strong>Surf Brasil <\/strong><a class=\"\" href=\"https:\/\/oglobo.globo.com\/esportes\/surfe\/noticia\/2025\/12\/18\/surf-brasil-divide-atletas-ao-reformular-circuito-nacional-e-desidratar-numero-de-etapas-e-premiacao-entenda.ghtml\" rel=\"nofollow noopener\" target=\"_blank\">divide atletas ao reformular circuito nacional e &#8216;desidratar&#8217; n\u00famero de etapas e premia\u00e7\u00e3o; entenda<\/a><\/li>\n<li><strong>Quem \u00e9 a surfista brit\u00e2nica<\/strong><a class=\"\" href=\"https:\/\/oglobo.globo.com\/esportes\/surfe\/noticia\/2025\/12\/19\/quem-e-a-surfista-britanica-que-pode-desbancar-o-recorde-de-maior-onda-surfada-da-brasileira-maya-gabeira-video.ghtml\" rel=\"nofollow noopener\" target=\"_blank\"> que pode desbancar Maya Gabeira e bater o recorde de maior onda surfada do mundo; v\u00eddeo<\/a><\/li>\n<\/ul>\n<p class=\" content-text__container \" data-track-category=\"Link no Texto\" data-track-links=\"\"> Caso o feito seja homologado, Laura superar\u00e1 o recorde de 22,4 metros (73,5 p\u00e9s) estabelecido pela brasileira Maya Gabeira em 2020, tamb\u00e9m em Nazar\u00e9 \u2014 marco hist\u00f3rico para o surfe feminino e refer\u00eancia mundial na modalidade de ondas grandes. <\/p>\n<p class=\" content-text__container \" data-track-category=\"Link no Texto\" data-track-links=\"\"> \u2014 \u00c9 simplesmente insano, uma experi\u00eancia totalmente transcendental \u2014 disse Laura ao The Times. \u2014 Voc\u00ea se move muito r\u00e1pido e precisa confiar no treinamento, no corpo, na mente e no oceano. <\/p>\n<p class=\" content-text__container \" data-track-category=\"Link no Texto\" data-track-links=\"\"> A surfista foi rebocada por um jet ski, alcan\u00e7ando cerca de 48 km\/h, m\u00e9todo comum nas sess\u00f5es de ondas gigantes. Segundo ela, o maior desafio foi controlar o medo ao olhar para tr\u00e1s e visualizar a dimens\u00e3o da onda. <\/p>\n<p class=\" content-text__container \" data-track-category=\"Link no Texto\" data-track-links=\"\"> \u2014 O primeiro sentimento \u00e9 o medo. Depois, \u00e9 preciso controlar isso e estar o mais presente poss\u00edvel \u2014 afirmou. <\/p>\n<p class=\" content-text__container \" data-track-category=\"Link no Texto\" data-track-links=\"\"> Conhecida por produzir algumas das maiores ondas do planeta, Nazar\u00e9 \u00e9 considerada um dos picos mais desafiadores do surfe mundial. Um erro pode ter consequ\u00eancias graves. Em 2023, o surfista brasileiro M\u00e1rcio Freire morreu ap\u00f3s um acidente durante uma sess\u00e3o de ondas grandes no local, epis\u00f3dio que refor\u00e7ou os riscos envolvidos na pr\u00e1tica. <\/p>\n<p>    Gabriel Medina \u00e9 bronze no surfe das Olimp\u00edadas 2024; veja fotos do atleta         <\/p>\n<p>Brasileiro teve foto ic\u00f4nica registrada durante as oitavas de final dos Jogos Ol\u00edmpicos de Paris<\/p>\n<p class=\" content-text__container \" data-track-category=\"Link no Texto\" data-track-links=\"\"> Laura, que no in\u00edcio do ano fraturou o tornozelo surfando em Nazar\u00e9, acredita que as semelhan\u00e7as entre seu drop e o de Maya Gabeira podem facilitar a valida\u00e7\u00e3o do recorde. A avalia\u00e7\u00e3o, no entanto, pode levar anos at\u00e9 uma decis\u00e3o final. <\/p>\n<p class=\" content-text__container \" data-track-category=\"Link no Texto\" data-track-links=\"\"> Ap\u00f3s sair da onda, a brit\u00e2nica contou que chorou de emo\u00e7\u00e3o, aliviada por ter conseguido manter o controle durante a descida. <\/p>\n<p class=\" content-text__container \" data-track-category=\"Link no Texto\" data-track-links=\"\"> \u2014 Fiz o m\u00e1ximo para n\u00e3o entrar em p\u00e2nico \u2014 disse. <\/p>\n","protected":false},"excerpt":{"rendered":"A brit\u00e2nica Laura Crane, de 30 anos, pode ter surfado a maior onda j\u00e1 registrada por uma mulher.&hellip;\n","protected":false},"author":2,"featured_media":196044,"comment_status":"","ping_status":"","sticky":false,"template":"","format":"standard","meta":{"footnotes":""},"categories":[8],"tags":[27,28,15,16,319,14,25,26,21,22,12,13,19,20,32,23,24,33,318,17,18,29,30,31],"class_list":{"0":"post-196043","1":"post","2":"type-post","3":"status-publish","4":"format-standard","5":"has-post-thumbnail","7":"category-principais-noticias","8":"tag-breaking-news","9":"tag-breakingnews","10":"tag-featured-news","11":"tag-featurednews","12":"tag-hard-news","13":"tag-headlines","14":"tag-latest-news","15":"tag-latestnews","16":"tag-main-news","17":"tag-mainnews","18":"tag-news","19":"tag-noticias","20":"tag-noticias-principais","21":"tag-noticiasprincipais","22":"tag-portugal","23":"tag-principais-noticias","24":"tag-principaisnoticias","25":"tag-pt","26":"tag-radar","27":"tag-top-stories","28":"tag-topstories","29":"tag-ultimas","30":"tag-ultimas-noticias","31":"tag-ultimasnoticias"},"share_on_mastodon":{"url":"https:\/\/pubeurope.com\/@pt\/115752240954609078","error":""},"_links":{"self":[{"href":"https:\/\/www.europesays.com\/pt\/wp-json\/wp\/v2\/posts\/196043","targetHints":{"allow":["GET"]}}],"collection":[{"href":"https:\/\/www.europesays.com\/pt\/wp-json\/wp\/v2\/posts"}],"about":[{"href":"https:\/\/www.europesays.com\/pt\/wp-json\/wp\/v2\/types\/post"}],"author":[{"embeddable":true,"href":"https:\/\/www.europesays.com\/pt\/wp-json\/wp\/v2\/users\/2"}],"replies":[{"embeddable":true,"href":"https:\/\/www.europesays.com\/pt\/wp-json\/wp\/v2\/comments?post=196043"}],"version-history":[{"count":0,"href":"https:\/\/www.europesays.com\/pt\/wp-json\/wp\/v2\/posts\/196043\/revisions"}],"wp:featuredmedia":[{"embeddable":true,"href":"https:\/\/www.europesays.com\/pt\/wp-json\/wp\/v2\/media\/196044"}],"wp:attachment":[{"href":"https:\/\/www.europesays.com\/pt\/wp-json\/wp\/v2\/media?parent=196043"}],"wp:term":[{"taxonomy":"category","embeddable":true,"href":"https:\/\/www.europesays.com\/pt\/wp-json\/wp\/v2\/categories?post=196043"},{"taxonomy":"post_tag","embeddable":true,"href":"https:\/\/www.europesays.com\/pt\/wp-json\/wp\/v2\/tags?post=196043"}],"curies":[{"name":"wp","href":"https:\/\/api.w.org\/{rel}","templated":true}]}}