{"id":196055,"date":"2025-12-20T14:13:29","date_gmt":"2025-12-20T14:13:29","guid":{"rendered":"https:\/\/www.europesays.com\/pt\/196055\/"},"modified":"2025-12-20T14:13:29","modified_gmt":"2025-12-20T14:13:29","slug":"andre-ventura-assumiu-mesmo-que-votou-em-jose-socrates-observador","status":"publish","type":"post","link":"https:\/\/www.europesays.com\/pt\/196055\/","title":{"rendered":"Andr\u00e9 Ventura assumiu mesmo que votou em Jos\u00e9 S\u00f3crates \u2013 Observador"},"content":{"rendered":"<p>Andr\u00e9 Ventura chegou a votar em Jos\u00e9 S\u00f3crates quando o socialista, na altura l\u00edder do PS, se candidatou a primeiro-ministro e venceu. No livro Dias de Raiva, do jornalista Alexandre R. Malhado, o presidente do Chega n\u00e3o s\u00f3 o assumiu como confessou que se sentiu enganado, como <a href=\"https:\/\/www.sabado.pt\/portugal\/detalhe\/sim-andre-ventura-admitiu-que-ja-votou-em-jose-socrates\" rel=\"nofollow noopener\" target=\"_blank\">recorda a revista S\u00e1bado<\/a>, que publica um \u00e1udio dessa mesma grava\u00e7\u00e3o.<\/p>\n<p>O agora l\u00edder do Chega, na altura candidato \u00e0 C\u00e2mara Municipal de Loures pelo PSD, revelou pela primeira vez o sentido de voto em 2017: \u201cEra jovem e parecia uma voz do povo. Aqui entre n\u00f3s, fui um dos muitos que votou nele.\u201d E na entrevista para o livro Dias de Raiva (gravada e divulgada pela revista S\u00e1bado <a href=\"https:\/\/www.sabado.pt\/portugal\/detalhe\/sim-andre-ventura-admitiu-que-ja-votou-em-jose-socrates\" rel=\"nofollow noopener\" target=\"_blank\">aqui<\/a>) Andr\u00e9 Ventura confirmou-o:<\/p>\n<p>\u201c<strong>Alexandre R. Malhado (AM):<\/strong> Havia dentro do PS um discurso populista, na medida em que tivemos o l\u00edder Jos\u00e9 S\u00f3crates.<\/p>\n<p><strong>Andr\u00e9 Ventura (AV):<\/strong> Enganou-me a mim.<\/p>\n<p><strong>AM:<\/strong> Pois, exato. Chegaste a votar e lembro-me de teres dito que te enganou.<\/p>\n<p><strong>AV:<\/strong> Mas enganou mesmo. Foi o \u00fanico l\u00edder socialista que me enganou. Porque na altura, de facto, via-o com firmeza, coragem. Gostava da forma de ele se exprimir e tudo. Mas depois com a quest\u00e3o da licenciatura e do caso Freeport, fiquei com um p\u00e9 atr\u00e1s. Enganou-me uma vez, mas n\u00e3o me enganou mais.\u201d<\/p>\n<p>O tema surgiu no debate entre Andr\u00e9 Ventura e Jo\u00e3o Cotrim Figueiredo, onde\u00a0 ambos tentaram capitalizar com um trunfo j\u00e1 usado por outros protagonistas presidenciais nesta pr\u00e9-campanha: <strong>Jos\u00e9 S\u00f3crates<\/strong>. O primeiro a faz\u00ea-lo foi o ex-presidente da IL que, depois de ouvir que era o \u201ccandidato do Pr\u00edncipe Real\u201d e que \u201cfala para um segmento de pessoas de elite e malta amigalha\u00e7a que se representa nos bairros mais importantes de Lisboa e do Porto\u201d, acusou Ventura de ter passado \u201cde ser inspetor tribut\u00e1rio para dar conselhos a milion\u00e1rios para fugir aos impostos\u201d e de ter defendido\u00a0\u201cLalanda de Castro, o grande amigo de Jos\u00e9 S\u00f3crates\u201d.<\/p>\n<p>Aproveitando o embalo, Cotrim Figueiredo meteu a farpa: \u201cN\u00e3o \u00e9 surpresa, tu j\u00e1 confessaste que votaste no Jos\u00e9 S\u00f3crates.\u201d Andr\u00e9 Ventura desmentiu, dizendo que \u201c\u00e9 falso\u201d, que nunca o confessou e que s\u00e3o \u201cnot\u00edcias falsas que andam a espalhar\u201d, o que deixou o advers\u00e1rio liberal boquiaberto. \u201cSaiu num livro e num jornal\u201d, argumentou Cotrim, com Ventura a sublinhar que \u201ca maior parte dos livros\u201d sobre si e o Chega \u201cs\u00e3o falsos\u201d.<\/p>\n<p>Nos minutos seguintes, Cotrim iria recuperar o tema para esclarecer: \u201cSe por acaso n\u00e3o \u00e9 verdade que votaste no Jos\u00e9 S\u00f3crates e que as not\u00edcias s\u00e3o falsas\u2026 assumes aqui que nunca votaste em Jos\u00e9 S\u00f3crates?\u201d \u201cN\u00e3o, <strong>nunca votei em Jos\u00e9 S\u00f3crates<\/strong>\u201c, concluiu Ventura. O l\u00edder do Chega recuperaria Jos\u00e9 S\u00f3crates para o atirar contra o advers\u00e1rio: \u201cNa altura [a que Cotrim se referiu] eu era inspetor tribut\u00e1rio e tinha acabado de fazer um est\u00e1gio, n\u00e3o sei se sabe o que \u00e9 isso. <strong>N\u00e3o estava na TVI a despedir a Manuela Moura Guedes a pedido do S\u00f3crates<\/strong>.\u201d \u201cIsso \u00e9 falso\u201d, assegurou Cotrim, justificando que saiu \u201cincompatibilizado com os acionistas, esses sim amigos do S\u00f3crates\u201d.<\/p>\n<p>Jos\u00e9 S\u00f3crates j\u00e1 tinha entrado na campanha presidencial quando assumiu publicamente que iria votar em Henrique Gouveia e Melo e voltou a entrar no debate entre Cotrim e Ventura, sempre usado como uma arma de arremesso e uma esp\u00e9cie de ativo t\u00f3xico. No rescaldo, o ex-l\u00edder liberal acabou por levar a melhor, tendo em conta que o \u00e1udio agora conhecido prova que Ventura assumiu mesmo ter votado no ex-primeiro-ministro socialista.<\/p>\n<blockquote class=\"wp-embedded-content\" data-secret=\"SqPKLpRT1X\">\n<p><a href=\"https:\/\/observador.pt\/2025\/12\/19\/ventura-e-cotrim-o-debate-entre-um-presidente-que-nao-o-quer-ser-e-uma-reforma-dourada\/\" rel=\"nofollow noopener\" target=\"_blank\">Ventura e Cotrim, o debate entre um \u201cPresidente que n\u00e3o o quer ser\u201d e uma \u201creforma dourada\u201d<\/a><\/p>\n<\/blockquote>\n","protected":false},"excerpt":{"rendered":"Andr\u00e9 Ventura chegou a votar em Jos\u00e9 S\u00f3crates quando o socialista, na altura l\u00edder do PS, se candidatou&hellip;\n","protected":false},"author":2,"featured_media":196056,"comment_status":"","ping_status":"","sticky":false,"template":"","format":"standard","meta":{"footnotes":""},"categories":[8],"tags":[3368,27,28,1077,15,16,14,4578,7606,25,26,21,22,12,13,19,20,3369,302,32,1076,23,24,33,17,18,29,30,31],"class_list":{"0":"post-196055","1":"post","2":"type-post","3":"status-publish","4":"format-standard","5":"has-post-thumbnail","7":"category-principais-noticias","8":"tag-andru00e9-ventura","9":"tag-breaking-news","10":"tag-breakingnews","11":"tag-eleiu00e7u00f5es","12":"tag-featured-news","13":"tag-featurednews","14":"tag-headlines","15":"tag-iniciativa-liberal","16":"tag-jou00e3o-cotrim-de-figueiredo","17":"tag-latest-news","18":"tag-latestnews","19":"tag-main-news","20":"tag-mainnews","21":"tag-news","22":"tag-noticias","23":"tag-noticias-principais","24":"tag-noticiasprincipais","25":"tag-partido-chega","26":"tag-polu00edtica","27":"tag-portugal","28":"tag-presidenciais-2026","29":"tag-principais-noticias","30":"tag-principaisnoticias","31":"tag-pt","32":"tag-top-stories","33":"tag-topstories","34":"tag-ultimas","35":"tag-ultimas-noticias","36":"tag-ultimasnoticias"},"share_on_mastodon":{"url":"","error":"Validation failed: Text character limit of 500 exceeded"},"_links":{"self":[{"href":"https:\/\/www.europesays.com\/pt\/wp-json\/wp\/v2\/posts\/196055","targetHints":{"allow":["GET"]}}],"collection":[{"href":"https:\/\/www.europesays.com\/pt\/wp-json\/wp\/v2\/posts"}],"about":[{"href":"https:\/\/www.europesays.com\/pt\/wp-json\/wp\/v2\/types\/post"}],"author":[{"embeddable":true,"href":"https:\/\/www.europesays.com\/pt\/wp-json\/wp\/v2\/users\/2"}],"replies":[{"embeddable":true,"href":"https:\/\/www.europesays.com\/pt\/wp-json\/wp\/v2\/comments?post=196055"}],"version-history":[{"count":0,"href":"https:\/\/www.europesays.com\/pt\/wp-json\/wp\/v2\/posts\/196055\/revisions"}],"wp:featuredmedia":[{"embeddable":true,"href":"https:\/\/www.europesays.com\/pt\/wp-json\/wp\/v2\/media\/196056"}],"wp:attachment":[{"href":"https:\/\/www.europesays.com\/pt\/wp-json\/wp\/v2\/media?parent=196055"}],"wp:term":[{"taxonomy":"category","embeddable":true,"href":"https:\/\/www.europesays.com\/pt\/wp-json\/wp\/v2\/categories?post=196055"},{"taxonomy":"post_tag","embeddable":true,"href":"https:\/\/www.europesays.com\/pt\/wp-json\/wp\/v2\/tags?post=196055"}],"curies":[{"name":"wp","href":"https:\/\/api.w.org\/{rel}","templated":true}]}}