{"id":196059,"date":"2025-12-20T14:17:09","date_gmt":"2025-12-20T14:17:09","guid":{"rendered":"https:\/\/www.europesays.com\/pt\/196059\/"},"modified":"2025-12-20T14:17:09","modified_gmt":"2025-12-20T14:17:09","slug":"leandro-recusa-sentar-se-com-pedro-e-marisa-secret-story","status":"publish","type":"post","link":"https:\/\/www.europesays.com\/pt\/196059\/","title":{"rendered":"Leandro recusa sentar-se com Pedro e Marisa &#8211; Secret Story"},"content":{"rendered":"<p>No Secret Story, Leandro continua magoado com Pedro e Marisa e acaba a protagonizar um momento caricato. O concorrente recusa a sentar-se ao lado dos amigos, mesmo ap\u00f3s um convite claro para o fazer. Veja as imagens.\u00a0<\/p>\n<p><strong>J\u00e1 pode votar para salvar o seu concorrente favorito. Vote atrav\u00e9s da App TVI Reality ou das linhas telef\u00f3nicas.<\/strong><\/p>\n<p>VOTA\u00c7\u00c3O PARA SALVAR:<\/p>\n<p>F\u00c1BIO \u2013 761 20 20 08<\/p>\n<p>IN\u00caS \u2013 761 20 20 10<\/p>\n<p>PEDRO \u2013 761 20 20 18<\/p>\n<p><a href=\"https:\/\/tvi.iol.pt\/secretstory\/aominuto\" rel=\"nofollow noopener\" target=\"_blank\">Acompanhe ao minuto, tudo o que se passa dentro da casa mais vigiada do Pa\u00eds.<\/a>\u00a0<\/p>\n","protected":false},"excerpt":{"rendered":"No Secret Story, Leandro continua magoado com Pedro e Marisa e acaba a protagonizar um momento caricato. O&hellip;\n","protected":false},"author":2,"featured_media":196060,"comment_status":"","ping_status":"","sticky":false,"template":"","format":"standard","meta":{"footnotes":""},"categories":[142],"tags":[114,115,19033,12397,19184,19034,14646,32,33,151,19032],"class_list":{"0":"post-196059","1":"post","2":"type-post","3":"status-publish","4":"format-standard","5":"has-post-thumbnail","7":"category-tv","8":"tag-entertainment","9":"tag-entretenimento","10":"tag-galas-em-video","11":"tag-leandro","12":"tag-marisa","13":"tag-melhores-momentos-casa-dos-segredos","14":"tag-pedro","15":"tag-portugal","16":"tag-pt","17":"tag-tv","18":"tag-videos-secret-story-tvi"},"share_on_mastodon":{"url":"https:\/\/pubeurope.com\/@pt\/115752327166700462","error":""},"_links":{"self":[{"href":"https:\/\/www.europesays.com\/pt\/wp-json\/wp\/v2\/posts\/196059","targetHints":{"allow":["GET"]}}],"collection":[{"href":"https:\/\/www.europesays.com\/pt\/wp-json\/wp\/v2\/posts"}],"about":[{"href":"https:\/\/www.europesays.com\/pt\/wp-json\/wp\/v2\/types\/post"}],"author":[{"embeddable":true,"href":"https:\/\/www.europesays.com\/pt\/wp-json\/wp\/v2\/users\/2"}],"replies":[{"embeddable":true,"href":"https:\/\/www.europesays.com\/pt\/wp-json\/wp\/v2\/comments?post=196059"}],"version-history":[{"count":0,"href":"https:\/\/www.europesays.com\/pt\/wp-json\/wp\/v2\/posts\/196059\/revisions"}],"wp:featuredmedia":[{"embeddable":true,"href":"https:\/\/www.europesays.com\/pt\/wp-json\/wp\/v2\/media\/196060"}],"wp:attachment":[{"href":"https:\/\/www.europesays.com\/pt\/wp-json\/wp\/v2\/media?parent=196059"}],"wp:term":[{"taxonomy":"category","embeddable":true,"href":"https:\/\/www.europesays.com\/pt\/wp-json\/wp\/v2\/categories?post=196059"},{"taxonomy":"post_tag","embeddable":true,"href":"https:\/\/www.europesays.com\/pt\/wp-json\/wp\/v2\/tags?post=196059"}],"curies":[{"name":"wp","href":"https:\/\/api.w.org\/{rel}","templated":true}]}}