{"id":196067,"date":"2025-12-20T14:33:02","date_gmt":"2025-12-20T14:33:02","guid":{"rendered":"https:\/\/www.europesays.com\/pt\/196067\/"},"modified":"2025-12-20T14:33:02","modified_gmt":"2025-12-20T14:33:02","slug":"contas-do-psd-dizem-que-sim-mas-ex-secretaria-de-marques-mendes-garante-que-nao-deu-8-mil-euros-ao-partido","status":"publish","type":"post","link":"https:\/\/www.europesays.com\/pt\/196067\/","title":{"rendered":"Contas do PSD dizem que sim, mas ex-secret\u00e1ria de Marques Mendes garante que n\u00e3o deu 8 mil euros ao partido"},"content":{"rendered":"<p>\t                A lista de financiadores do PSD no ano em que Marques Mendes chegou \u00e0 lideran\u00e7a do partido revela os nomes de uma ex-secret\u00e1ria e uma ex-colaboradora nomeadas pelo pr\u00f3prio para trabalharem consigo no governo<\/p>\n<p>A investiga\u00e7\u00e3o \u00e0 contrata\u00e7\u00e3o at\u00e9 agora nunca revelada <a href=\"https:\/\/cnnportugal.iol.pt\/marques-mendes\/alberto-couto-alves\/nem-o-dono-da-empresa-se-lembrava-que-pagou-cinco-mil-euros-por-mes-durante-cinco-anos-a-marques-mendes\/20251218\/69446095d34e3caad84c91a7\" target=\"_blank\" rel=\"nofollow noopener\">de Marques Mendes por uma empresa de constru\u00e7\u00e3o civil, com uma aven\u00e7a de 5 mil euros por m\u00eas<\/a>, entre 2010 e 2016, levou a TVI\/CNN Portugal a pesquisar um outro nome que o acompanhou no contrato inicial assinado com a Alberto Couto Alves, SGPS.<\/p>\n<p>No mesmo dia em que Marques Mendes assinou com a construtora para fazer consultoria durante cinco anos, tamb\u00e9m a sua secret\u00e1ria pessoal \u2013 que o acompanhava h\u00e1 pelo menos duas d\u00e9cadas, em v\u00e1rios governos \u2013 foi contratada pela mesma construtora para servi\u00e7os de secretariado em Lisboa, incluindo a realiza\u00e7\u00e3o de reuni\u00f5es e tratamento de documenta\u00e7\u00e3o, numa contrata\u00e7\u00e3o aparentemente l\u00f3gica tendo em conta que j\u00e1 trabalhava, noutras fun\u00e7\u00f5es privadas, com o agora candidato presidencial.<\/p>\n<p>A pesquisa sobre a secret\u00e1ria detetou, por\u00e9m, um facto estranho: a lista oficial de donativos do PSD em 2005 \u2013 ano em que Marques Mendes foi eleito l\u00edder do partido \u2013 indica o nome de Francisca Lima como uma das financiadoras dos social-democratas, com um donativo de 8 mil euros.<\/p>\n<p>Secret\u00e1ria sublinha que tem cinco filhos<\/p>\n<p>A secret\u00e1ria de Marques Mendes, \u00e0 \u00e9poca nomeada como funcion\u00e1ria do grupo parlamentar, surge entre os 30 maiores doadores do PSD numa longa lista com mais de 600 nomes, a esmagadora maioria donativos muit\u00edssimo mais pequenos.<\/p>\n<p>Contactada, Francisca Lima nega completamente que alguma vez tenha doado dinheiro ao PSD, admitindo-se estupefacta com aquilo que a TVI\/CNN Portugal lhe revelou, mas confirmando que o nome completo e o n\u00famero de contribuinte s\u00e3o os seus.<\/p>\n<p>A antiga secret\u00e1ria de Marques Mendes admite como hip\u00f3tese que algu\u00e9m tenha usado os seus dados, pois sempre esteve muito longe de ter dinheiro para um donativo deste g\u00e9nero, sublinhando que tem cinco filhos.<\/p>\n<p>Usar o nome de outra pessoa num donativo partid\u00e1rio arrisca-se a ser crime, podendo ser uma forma de esconder financiamentos proibidos. A lei \u00e9 muito clara: donativos de montantes mais elevados, como este, t\u00eam de ser feitos por algum meio banc\u00e1rio para ser poss\u00edvel confirmar a origem.<\/p>\n<p>Outra ex-colaboradora deu 9 mil euros<\/p>\n<p>A lista de doadores do PSD de 2005 tem outro nome que corresponde ao de uma antiga colaboradora de Marques Mendes no anterior governo \u2013 tamb\u00e9m agraciada com um louvor do pr\u00f3prio, publicado em Di\u00e1rio da Rep\u00fablica \u2013, que surge na lista com uma doa\u00e7\u00e3o ainda mais elevada (9 mil euros).<\/p>\n<p>Ao contr\u00e1rio da ex-secret\u00e1ria Francisca Lima, neste caso a pr\u00f3pria Clara Costa confirma que doou mesmo 9 mil euros ao partido, explicando que \u00e9 do mesmo munic\u00edpio de Marques Mendes, conhecem-se h\u00e1 muito tempo e s\u00e3o amigos.<\/p>\n<p>Na altura, o maior donativo permitido por lei rondava os 9.300 euros e muito poucos andavam pr\u00f3ximos destes montantes.<br \/>\u00a0<br \/>A lista oficial de doadores do PSD permite perceber que ambos os donativos \u2013 da ex-secret\u00e1ria e da ex-colaboradora \u2013 ter\u00e3o sido registados na mesma altura pois t\u00eam uma refer\u00eancia num\u00e9rica quase id\u00eantica (H0011 e H0012).<\/p>\n<p>Contactado pela TVI\/CNN Portugal, ao telefone, o agora candidato presidencial diz que desconhecia por completo que os nomes das suas antigas colaboradoras constavam na lista de doadores no ano em que foi eleito l\u00edder dos sociais-democratas. \u00a0<\/p>\n","protected":false},"excerpt":{"rendered":"A lista de financiadores do PSD no ano em que Marques Mendes chegou \u00e0 lideran\u00e7a do partido revela&hellip;\n","protected":false},"author":2,"featured_media":196068,"comment_status":"","ping_status":"","sticky":false,"template":"","format":"standard","meta":{"footnotes":""},"categories":[10],"tags":[39154,609,836,611,27,28,607,608,333,832,604,135,610,476,15,16,301,830,14,603,25,26,570,17461,21,22,831,833,24788,62,834,12,13,19,20,835,602,52,32,5215,1076,23,24,4579,33,17,18,29,30,31],"class_list":{"0":"post-196067","1":"post","2":"type-post","3":"status-publish","4":"format-standard","5":"has-post-thumbnail","7":"category-portugal","8":"tag-alberto-couto-alves","9":"tag-alerta","10":"tag-analise","11":"tag-ao-minuto","12":"tag-breaking-news","13":"tag-breakingnews","14":"tag-cnn","15":"tag-cnn-portugal","16":"tag-comentadores","17":"tag-costa","18":"tag-crime","19":"tag-desporto","20":"tag-direto","21":"tag-economia","22":"tag-featured-news","23":"tag-featurednews","24":"tag-governo","25":"tag-guerra","26":"tag-headlines","27":"tag-justica","28":"tag-latest-news","29":"tag-latestnews","30":"tag-live","31":"tag-luis-marques-mendes","32":"tag-main-news","33":"tag-mainnews","34":"tag-mais-vistas","35":"tag-marcelo","36":"tag-marques-mendes","37":"tag-mundo","38":"tag-negocios","39":"tag-news","40":"tag-noticias","41":"tag-noticias-principais","42":"tag-noticiasprincipais","43":"tag-opiniao","44":"tag-pais","45":"tag-politica","46":"tag-portugal","47":"tag-presidenciais","48":"tag-presidenciais-2026","49":"tag-principais-noticias","50":"tag-principaisnoticias","51":"tag-psd","52":"tag-pt","53":"tag-top-stories","54":"tag-topstories","55":"tag-ultimas","56":"tag-ultimas-noticias","57":"tag-ultimasnoticias"},"share_on_mastodon":{"url":"","error":"Validation failed: Text character limit of 500 exceeded"},"_links":{"self":[{"href":"https:\/\/www.europesays.com\/pt\/wp-json\/wp\/v2\/posts\/196067","targetHints":{"allow":["GET"]}}],"collection":[{"href":"https:\/\/www.europesays.com\/pt\/wp-json\/wp\/v2\/posts"}],"about":[{"href":"https:\/\/www.europesays.com\/pt\/wp-json\/wp\/v2\/types\/post"}],"author":[{"embeddable":true,"href":"https:\/\/www.europesays.com\/pt\/wp-json\/wp\/v2\/users\/2"}],"replies":[{"embeddable":true,"href":"https:\/\/www.europesays.com\/pt\/wp-json\/wp\/v2\/comments?post=196067"}],"version-history":[{"count":0,"href":"https:\/\/www.europesays.com\/pt\/wp-json\/wp\/v2\/posts\/196067\/revisions"}],"wp:featuredmedia":[{"embeddable":true,"href":"https:\/\/www.europesays.com\/pt\/wp-json\/wp\/v2\/media\/196068"}],"wp:attachment":[{"href":"https:\/\/www.europesays.com\/pt\/wp-json\/wp\/v2\/media?parent=196067"}],"wp:term":[{"taxonomy":"category","embeddable":true,"href":"https:\/\/www.europesays.com\/pt\/wp-json\/wp\/v2\/categories?post=196067"},{"taxonomy":"post_tag","embeddable":true,"href":"https:\/\/www.europesays.com\/pt\/wp-json\/wp\/v2\/tags?post=196067"}],"curies":[{"name":"wp","href":"https:\/\/api.w.org\/{rel}","templated":true}]}}