{"id":196071,"date":"2025-12-20T14:36:11","date_gmt":"2025-12-20T14:36:11","guid":{"rendered":"https:\/\/www.europesays.com\/pt\/196071\/"},"modified":"2025-12-20T14:36:11","modified_gmt":"2025-12-20T14:36:11","slug":"dylan-fonte-reage-a-importante-novidade-sobre-bruna-basto-ainda-por-cima","status":"publish","type":"post","link":"https:\/\/www.europesays.com\/pt\/196071\/","title":{"rendered":"Dylan Fonte reage a importante novidade&#8230; sobre Bruna Basto: &#8220;Ainda por cima&#8230;&#8221;"},"content":{"rendered":"<p>Desde que saiu da casa de &#8220;<a href=\"https:\/\/tvi.iol.pt\/secretstory\/\" target=\"_blank\" rel=\"nofollow noopener\">Secret Story<\/a>&#8220;, h\u00e1 cerca de 15 dias, que <a href=\"https:\/\/selfie.iol.pt\/famosos\/casa-dos-segredos\/bruna-rendida-a-conhecido-apresentador-veja-a-foto-inedita\/20251214\/693e83e2d34e2bd5c6d5149c\" target=\"_blank\" rel=\"nofollow noopener\">Bruna Basto<\/a> tem o h\u00e1bito de partilhar novidades sobre o respetivo dia a dia.<\/p>\n<p>Desta vez, a ex-concorrente do reality show da <a href=\"https:\/\/tvi.iol.pt\/\" target=\"_blank\" rel=\"nofollow noopener\">TVI<\/a> destacou a participa\u00e7\u00e3o na edi\u00e7\u00e3o da passada sexta-feira, dia 19, do programa &#8220;<a href=\"https:\/\/tvi.iol.pt\/doisas10\/\" target=\"_blank\" rel=\"nofollow noopener\">Dois \u00e0s 10<\/a>&#8220;.<\/p>\n<p>&#8220;Hoje, tive a oportunidade de comentar a semana dos nomeados da casa mais vigiada do pa\u00eds&#8221;, assinalou Bruna Basto na legenda de uma imagem dos bastidores do talk show matinal.<\/p>\n<p>E, na caixa de coment\u00e1rios da publica\u00e7\u00e3o, <a href=\"https:\/\/selfie.iol.pt\/famosos\/casa-dos-segredos-9\/amor-fora-de-secret-story-dylan-fonte-faz-tatuagem-igual-a-de-ines-gama\/20251209\/69389e80d34e3caad84c30a5\" target=\"_blank\" rel=\"nofollow noopener\">Dylan Fonte<\/a> reagiu a esta novidade. &#8220;A melhor comentadora. Ainda por cima a defender a minha Nesinha [In\u00eas Gama]&#8221;, assinalou o jovem.<\/p>\n<p>Recorde-se que, esta semana, est\u00e3o tr\u00eas concorrentes nomeados: In\u00eas Gama; F\u00e1bio Pereira e Pedro Jorge. Um deles ser\u00e1 expulso no pr\u00f3ximo domingo, dia 21.<\/p>\n<p>Veja, agora, a imagem partilhada por Bruna Basto na galeria de fotografias que prepar\u00e1mos para si.<\/p>\n","protected":false},"excerpt":{"rendered":"Desde que saiu da casa de &#8220;Secret Story&#8220;, h\u00e1 cerca de 15 dias, que Bruna Basto tem o&hellip;\n","protected":false},"author":2,"featured_media":196072,"comment_status":"","ping_status":"","sticky":false,"template":"","format":"standard","meta":{"footnotes":""},"categories":[145],"tags":[22807,2632,211,210,21040,114,115,980,1015,619,32,33,1014,1315,1012,162],"class_list":{"0":"post-196071","1":"post","2":"type-post","3":"status-publish","4":"format-standard","5":"has-post-thumbnail","7":"category-celebridades","8":"tag-bruna-basto","9":"tag-casa-dos-segredos","10":"tag-celebridades","11":"tag-celebrities","12":"tag-dylan-fonte","13":"tag-entertainment","14":"tag-entretenimento","15":"tag-famosos","16":"tag-instagram","17":"tag-nacional","18":"tag-portugal","19":"tag-pt","20":"tag-reality-show","21":"tag-secret-story","22":"tag-selfie","23":"tag-tvi"},"share_on_mastodon":{"url":"https:\/\/pubeurope.com\/@pt\/115752402002758543","error":""},"_links":{"self":[{"href":"https:\/\/www.europesays.com\/pt\/wp-json\/wp\/v2\/posts\/196071","targetHints":{"allow":["GET"]}}],"collection":[{"href":"https:\/\/www.europesays.com\/pt\/wp-json\/wp\/v2\/posts"}],"about":[{"href":"https:\/\/www.europesays.com\/pt\/wp-json\/wp\/v2\/types\/post"}],"author":[{"embeddable":true,"href":"https:\/\/www.europesays.com\/pt\/wp-json\/wp\/v2\/users\/2"}],"replies":[{"embeddable":true,"href":"https:\/\/www.europesays.com\/pt\/wp-json\/wp\/v2\/comments?post=196071"}],"version-history":[{"count":0,"href":"https:\/\/www.europesays.com\/pt\/wp-json\/wp\/v2\/posts\/196071\/revisions"}],"wp:featuredmedia":[{"embeddable":true,"href":"https:\/\/www.europesays.com\/pt\/wp-json\/wp\/v2\/media\/196072"}],"wp:attachment":[{"href":"https:\/\/www.europesays.com\/pt\/wp-json\/wp\/v2\/media?parent=196071"}],"wp:term":[{"taxonomy":"category","embeddable":true,"href":"https:\/\/www.europesays.com\/pt\/wp-json\/wp\/v2\/categories?post=196071"},{"taxonomy":"post_tag","embeddable":true,"href":"https:\/\/www.europesays.com\/pt\/wp-json\/wp\/v2\/tags?post=196071"}],"curies":[{"name":"wp","href":"https:\/\/api.w.org\/{rel}","templated":true}]}}