{"id":196084,"date":"2025-12-20T14:51:21","date_gmt":"2025-12-20T14:51:21","guid":{"rendered":"https:\/\/www.europesays.com\/pt\/196084\/"},"modified":"2025-12-20T14:51:21","modified_gmt":"2025-12-20T14:51:21","slug":"o-video-salvou-o-sporting-da-eliminacao-na-taca-cronica-de-jogo","status":"publish","type":"post","link":"https:\/\/www.europesays.com\/pt\/196084\/","title":{"rendered":"O v\u00eddeo salvou o Sporting da elimina\u00e7\u00e3o na Ta\u00e7a | Cr\u00f3nica de jogo"},"content":{"rendered":"<p>Nos \u00faltimos tempos, sempre que o Sporting vai aos A\u00e7ores vem de l\u00e1 com a sensa\u00e7\u00e3o de que podia facilmente ter perdido. Nesta quinta-feira, tal como acontecera no jogo para o campeonato em Novembro, os \u201cle\u00f5es\u201d estiveram em grandes apuros frente ao Santa Clara, mas foram salvos por uma decis\u00e3o arbitral que ser\u00e1 pol\u00e9mica. Foi preciso um prolongamento, mais 19 minutos de compensa\u00e7\u00e3o, para os \u201cle\u00f5es\u201d seguirem em frente na Ta\u00e7a de Portugal, para os quartos-de-final, com um triunfo por 2-3 sobre os a\u00e7orianos. Ioannidis marcou o golo da vit\u00f3ria que mant\u00e9m o detentor do trof\u00e9u em prova, mas do que toda a gente vai falar \u00e9 do golo do empate, um pen\u00e1lti convertido por Su\u00e1rez \u2013 e que Jo\u00e3o Pinheiro s\u00f3 deu ap\u00f3s 12 minutos a ver repeti\u00e7\u00f5es.<\/p>\n<p>        &#13;<br \/>\n            &#13;<\/p>\n<p>O Santa Clara tem sido um problema para o Sporting. Porque \u00e9 uma equipa com pontos fortes para combater os pontos fortes do Sporting e aproveitar os seus pontos fracos. Passamos a explicar. A forma\u00e7\u00e3o a\u00e7oriana, tal como \u00e9 idealizada por Vasco Matos (um antigo extremo\/lateral formado nos \u201cle\u00f5es\u201d, sabe defender bem com muitos e atacar bem com poucos, o que encaixa bem no estilo \u201cleonino\u201d, de ataque posicional e press\u00e3o alta, sempre com muita gente no meio-campo advers\u00e1rio \u2013 j\u00e1 provou ser eficaz, mas tamb\u00e9m j\u00e1 mostrou alguma vulnerabilidade em equipas que apostam no jogo directo.<\/p>\n<p>E foi assim que o Santa Clara criou as primeiras aproxima\u00e7\u00f5es de perigo logo nos primeiros minutos, um remate de Gabriel Silva aos 2\u2019 e outro, de Lucas Soares, aos 4\u2019, este com alguma dificuldade para o guarda-redes Virg\u00ednia. Aos momentos de perigo dos a\u00e7orianos, o Sporting respondeu com um golo. Jogada pela direita com cruzamento de Fresneda, Jo\u00e3o Sim\u00f5es recebeu na \u00e1rea e, ao segundo toque, fez o 0-1 \u2013 um grande remate \u00e0 meia-volta do jovem m\u00e9dio \u201cleonino\u201d.<\/p>\n<p>Foi um grande golo, a surgir do dom\u00ednio territorial do Sporting, mas a verdade \u00e9 que os \u201cle\u00f5es\u201d pareciam mergulhados num mar de pouca genica e muitos erros individuais e colectivos. E foi o Santa Clara a aproveitar para se aproximar com perigo mais um par de vezes, uma que s\u00f3 n\u00e3o deu golo porque Eduardo Quaresma tirou a bola a Gabriel Silva. A outra deu o golo do empate, precisamente numa daquelas situa\u00e7\u00f5es em que o Sporting ficou curto atr\u00e1s.<\/p>\n<p>        &#13;<br \/>\n            &#13;<\/p>\n<p>Aos 28\u2019, uma bola longa quase desde a grande \u00e1rea chegou a Lucas Soares, o lateral brasileiro tirou Matheus Reis do caminho e ficou com via aberta para o remate. P\u00e9 esquerdo na bola, Virg\u00ednia com a vis\u00e3o tapada e remate cruzado para o 1-1. Uma grande resposta da forma\u00e7\u00e3o a\u00e7oriana ao golo sofrido, resistindo \u00e0 tenta\u00e7\u00e3o de arriscar demasiado com tanto tempo para jogar. O Sporting, por seu lado, estava a ser v\u00edtima da sua pr\u00f3pria sobranceria. At\u00e9 ao final da primeira parte, uma ou outra arrancada de Alisson pela esquerda, outras de Maxi pela direita \u2013 mas nenhum com perigo imediato para Neneca. Trinc\u00e3o e Su\u00e1rez, homens habitualmente muito em jogo, andavam escondidos.<\/p>\n<p>Na segunda parte, os \u201cle\u00f5es\u201d foram ligeiramente melhores, o Santa Clara manteve o n\u00edvel colectivo alto \u2013 e, quando foi preciso, o seu guarda-redes Neneca, habitual suplente, tamb\u00e9m disse presente. Aos 52\u2019, o guardi\u00e3o brasileiro aplicou-se para deter um remate perigoso de Maxi, ap\u00f3s cruzamento de Matheus Reis. Foi o melhor que o Sporting conseguiu fazer durante largos minutos, mesmo com o refor\u00e7o do ataque, primeiro com Ioannidis, depois com o jovem Blopa.<\/p>\n<p>Avancemos at\u00e9 aos 85\u2019. Numa situa\u00e7\u00e3o de adiantamento ofensivo sem grande prop\u00f3sito, o Sporting perde a bola e o Santa Clara, sentindo que tinha aqui uma janela, foi com tudo. A bola parecia sair pela linha lateral, mas n\u00e3o saiu e foi para Luquinhas, que fez o passe perfeito para Gabriel Silva \u00e0 entrada da \u00e1rea. O avan\u00e7ado brasileiro rodou, tirou In\u00e1cio do caminho e rematou \u2013 a bola bateu em Quaresma e entrou na baliza. Vantagem para o Santa Clara, e n\u00e3o se podia dizer que era injusto.<\/p>\n<p>Agora, o Sporting tinha de lutar para n\u00e3o ser eliminado. Pouco depois de fazer o 2-1, o Santa Clara ficou reduzido a dez \u2013 expuls\u00e3o de Paulo Victor num daqueles lances de molhada em que um jogador do Sporting acabou no ch\u00e3o. Logo a seguir, uma das mais longas tomadas de decis\u00e3o arbitral desde que foi introduzido o VAR. Lance na \u00e1rea do Santa Clara, entre Tiago Duarte e Hjulmand, com o defesa a tocar na cara do dinamarqu\u00eas com a m\u00e3o.<\/p>\n<p>Entre as revis\u00f5es do VAR e o visionamento directo de Jo\u00e3o Pinheiro, foram 12 minutos e meio. Situa\u00e7\u00e3o clara e \u00f3bvia? Pelo tempo que demorou a decis\u00e3o, n\u00e3o era. Mas Jo\u00e3o Pinheiro decidiu-se por assinalar o castigo \u2013 e n\u00e3o vamos julgar a justi\u00e7a da decis\u00e3o, mas antecipamos que esta ser\u00e1 muito comentada nos pr\u00f3ximos tempos. Mais um bocado at\u00e9 Su\u00e1rez avan\u00e7ar para marcar dos 11 metros e fazer o empate para o Sporting. Tempo de jogo decorrido: 116 minutos. E ainda ter\u00edamos mais 30.<\/p>\n<p>Com mais um, o Sporting finalmente conseguiu fazer um cerco eficaz e permanente \u00e0 \u00e1rea a\u00e7oriana. Aos 93\u2019, Mangas atirou por cima, aos 98\u2019, Ioannidis fez o 2-3, ap\u00f3s cruzamento de Trinc\u00e3o. E o Sporting, no tempo extra depois do tempo extra, recuperou a lideran\u00e7a do marcador, algo que j\u00e1 n\u00e3o tinha desde a primeira parte. E o Santa Clara, j\u00e1 fraco de pernas, n\u00e3o conseguiu responder.<\/p>\n","protected":false},"excerpt":{"rendered":"Nos \u00faltimos tempos, sempre que o Sporting vai aos A\u00e7ores vem de l\u00e1 com a sensa\u00e7\u00e3o de que&hellip;\n","protected":false},"author":2,"featured_media":196085,"comment_status":"","ping_status":"","sticky":false,"template":"","format":"standard","meta":{"footnotes":""},"categories":[8],"tags":[27,28,2610,135,15,16,524,280,14,25,26,21,22,12,13,19,20,32,23,24,33,10804,423,34,3142,17,18,29,30,31],"class_list":{"0":"post-196084","1":"post","2":"type-post","3":"status-publish","4":"format-standard","5":"has-post-thumbnail","7":"category-principais-noticias","8":"tag-breaking-news","9":"tag-breakingnews","10":"tag-cronica-de-jogo","11":"tag-desporto","12":"tag-featured-news","13":"tag-featurednews","14":"tag-futebol","15":"tag-futebol-nacional","16":"tag-headlines","17":"tag-latest-news","18":"tag-latestnews","19":"tag-main-news","20":"tag-mainnews","21":"tag-news","22":"tag-noticias","23":"tag-noticias-principais","24":"tag-noticiasprincipais","25":"tag-portugal","26":"tag-principais-noticias","27":"tag-principaisnoticias","28":"tag-pt","29":"tag-resultados-jogos","30":"tag-santa-clara","31":"tag-sporting","32":"tag-taca-de-portugal","33":"tag-top-stories","34":"tag-topstories","35":"tag-ultimas","36":"tag-ultimas-noticias","37":"tag-ultimasnoticias"},"share_on_mastodon":{"url":"https:\/\/pubeurope.com\/@pt\/115752461148711980","error":""},"_links":{"self":[{"href":"https:\/\/www.europesays.com\/pt\/wp-json\/wp\/v2\/posts\/196084","targetHints":{"allow":["GET"]}}],"collection":[{"href":"https:\/\/www.europesays.com\/pt\/wp-json\/wp\/v2\/posts"}],"about":[{"href":"https:\/\/www.europesays.com\/pt\/wp-json\/wp\/v2\/types\/post"}],"author":[{"embeddable":true,"href":"https:\/\/www.europesays.com\/pt\/wp-json\/wp\/v2\/users\/2"}],"replies":[{"embeddable":true,"href":"https:\/\/www.europesays.com\/pt\/wp-json\/wp\/v2\/comments?post=196084"}],"version-history":[{"count":0,"href":"https:\/\/www.europesays.com\/pt\/wp-json\/wp\/v2\/posts\/196084\/revisions"}],"wp:featuredmedia":[{"embeddable":true,"href":"https:\/\/www.europesays.com\/pt\/wp-json\/wp\/v2\/media\/196085"}],"wp:attachment":[{"href":"https:\/\/www.europesays.com\/pt\/wp-json\/wp\/v2\/media?parent=196084"}],"wp:term":[{"taxonomy":"category","embeddable":true,"href":"https:\/\/www.europesays.com\/pt\/wp-json\/wp\/v2\/categories?post=196084"},{"taxonomy":"post_tag","embeddable":true,"href":"https:\/\/www.europesays.com\/pt\/wp-json\/wp\/v2\/tags?post=196084"}],"curies":[{"name":"wp","href":"https:\/\/api.w.org\/{rel}","templated":true}]}}