{"id":196088,"date":"2025-12-20T14:53:12","date_gmt":"2025-12-20T14:53:12","guid":{"rendered":"https:\/\/www.europesays.com\/pt\/196088\/"},"modified":"2025-12-20T14:53:12","modified_gmt":"2025-12-20T14:53:12","slug":"apos-39-anos-de-espera-estatua-recebe-a-cabeca-no-ceara-portal-ig","status":"publish","type":"post","link":"https:\/\/www.europesays.com\/pt\/196088\/","title":{"rendered":"Ap\u00f3s 39 anos de espera, est\u00e1tua recebe a cabe\u00e7a no Cear\u00e1 &#8211; Portal iG"},"content":{"rendered":"<ol>\n<li><a href=\"https:\/\/news.google.com\/rss\/articles\/CBMivgFBVV95cUxPT0MwY3BSOU0tTFJfSjNlREJqTjNxa2xWbzJUN2xYbHR1QldoSVR3WEpKeGxkZllJOWkxTW5fQ0tZcnF1ZmtXZ3hyVGlHbzgzdllLNWRMNXQtSmUycDFsZFhHVFZ0VEN4bjdfWVFMSVRCQU9rSlZJWDJMeWJKUHpQdTFSSzBQeGxRVjU3UVNRd1JCMDVrbkpaVVBjWVBGWFFCSG9SUjhWSWVQUTVHaHZDM2FGeUlkRkJrQXk1UXpB0gHDAUFVX3lxTE04Z3BaNkczRU9INDlra2NVYXVxdFRVR3h2Q2IxY2toZVJqVGdVNFRqZEpZLXNSaFJVLXJxZE9LYUNWbnMtbjY3cXItWHZsX2w2bTgydnRiMURCRHd1a09HdFNYSzZRY1V3TkxEYzlVMEw0djBvRy1hTDY4RjdGVHVETmFmc29JSHV4cHc5eWYxTE5QdHROcm92OWR5ZFJoV0lGN3I1LUVVc0tnZXI2UTh0U3RpRjZPTksyc2hpanhURVNYZw?oc=5\" target=\"_blank\" rel=\"nofollow noopener\">Ap\u00f3s 39 anos de espera, est\u00e1tua recebe a cabe\u00e7a no Cear\u00e1<\/a>&nbsp;&nbsp;Portal iG<\/li>\n<li><a href=\"https:\/\/news.google.com\/rss\/articles\/CBMi4wFBVV95cUxQT0I1SEVkTUNLVHA1ZkNHbnpDaE5qZDZ6UGo3bDlyRDN0Z2pnYWhCbWtrdlZrMFVobkkza1ZjdkVDckg1QkhVYnhsSzM3YW9LTVZUdGU4SEE0ODdNNHBwemd1VDlfaXh6eDlWcGNLUWpKZXNienJydjB0M1V5N211WEh6TGJLTUI1MmxOaDdudUxQbk9GamlfRF94c3FWYTRGbXNKczM1U2ExOUtSblc5clJTTnJPQXZrZ1JwTHhoZzRoUHYtSVNNc0xWZF9YYi1ieWN1ZXRfT0Z6WWNrM3BTaHBSc9IB4wFBVV95cUxQT0I1SEVkTUNLVHA1ZkNHbnpDaE5qZDZ6UGo3bDlyRDN0Z2pnYWhCbWtrdlZrMFVobkkza1ZjdkVDckg1QkhVYnhsSzM3YW9LTVZUdGU4SEE0ODdNNHBwemd1VDlfaXh6eDlWcGNLUWpKZXNienJydjB0M1V5N211WEh6TGJLTUI1MmxOaDdudUxQbk9GamlfRF94c3FWYTRGbXNKczM1U2ExOUtSblc5clJTTnJPQXZrZ1JwTHhoZzRoUHYtSVNNc0xWZF9YYi1ieWN1ZXRfT0Z6WWNrM3BTaHBScw?oc=5\" target=\"_blank\" rel=\"nofollow noopener\">Ap\u00f3s 39 anos de espera, est\u00e1tua de Santo Ant\u00f4nio recebe a cabe\u00e7a no Cear\u00e1<\/a>&nbsp;&nbsp;Correio Braziliense<\/li>\n<li><a href=\"https:\/\/news.google.com\/rss\/articles\/CBMiwAFBVV95cUxPSFdBamdjZlVVSlBZRExlTXZNMDJWRk1kTGRzUDhDclR2bm4wZW1tUDNSUmVSbXJZRm1XckR1c0NEc0RvM3lTa1F2S01qYzRYa2I5b0FWdWhHdlZwN3FZQ256Ny1MUDJlSjJPZm02aGQyckpIbEp0bnA4TFd2WDh4NFg4RDJQd1k1WE84NGxZYjRYVTQ2RG5IdzUxWWhwdDVjMjNvcExQZV9ISV9RX3lndHVaWHRLVnlCTHltd1NVWHnSAc8BQVVfeXFMTndxa2M1MjhrbkVRSUVWS2JWSFR2V1BDYkpFNWtQZ3RYVmxYUzRnRUVlSDkySm13NEtvNFRGV0RSdnRLYkVXY1RQLVduaHFkRzRubWUwazU5NWs5UDVtMkE2VFg5UUZqbUtvMzZfYTZZb3VDaDdDVUxWOF9NRml0LUM5YktJejRoOHNMUFhidXBHeEVfc2ZCRHlkaGJmOUF4anJnWERXOTVjOUNiU2VDVkxLaG5JandzcndkSVlOMWRKeDNKcHExdjVWNlhEeHRB?oc=5\" target=\"_blank\" rel=\"nofollow noopener\">Est\u00e1tua gigante de Santo Ant\u00f4nio no Cear\u00e1 recebe cabe\u00e7a ap\u00f3s 39 anos<\/a>&nbsp;&nbsp;G1<\/li>\n<li><a href=\"https:\/\/news.google.com\/rss\/articles\/CBMiwwFBVV95cUxPTDRhWmlRMGQxeDMyVGpEQ0ZzQWRQTS04Y0tCdW1xZjBQbW5BSW9yRURBSGZXWEM2Y1NFRFRQUWFVTmxRUXAtellvMU9yMkc5NVlqVTJpMEl5MzFBRDRlUi1iTVkzcXJtcHkyTDZidjVaTWs4cXM1RXZ5N2QwUGdPOXBVNFRvYjFiLUo2dzZxaXlMSDYwclFTR2o1NkxpZmhTVURKOC1QNUg0M3RVRWtxZDhZc2VGRlJCNC1fUGlYWklfQlU?oc=5\" target=\"_blank\" rel=\"nofollow noopener\">Santo Ant\u00f4nio de Caridade recebe cabe\u00e7a ap\u00f3s mais de tr\u00eas d\u00e9cadas<\/a>&nbsp;&nbsp;Di\u00e1rio do Nordeste<\/li>\n<li><a href=\"https:\/\/news.google.com\/rss\/articles\/CBMixwFBVV95cUxNd1VqX1FZMWtadmRtZ01xWWVXWWF4RXNjRUV5cE1LUVVHdmZ6dU1qdmVvQUpQbzNJR3JxeDlab3V6UUgzUjFFZUNhMEI1aTNULXVWSkJhYm1DbzZtTm5EeGdIVS1FNXA4VzBFU0t4LTNmdW1PbHFvWlJFNEktcEExamY3Qk1RMmROeXQwZEhfSGQwV3hHeUE3ZDRoWndaRGlTaEV1QmpCWFBETFdDbU5NV3Q1aGFuZW5FUU1WLTZUangzNWxOYzVJ?oc=5\" target=\"_blank\" rel=\"nofollow noopener\">Cear\u00e1: est\u00e1tua gigante de Santo Ant\u00f4nio ganha cabe\u00e7a ap\u00f3s 39 anos<\/a>&nbsp;&nbsp;Aventuras na Hist\u00f3ria<\/li>\n<\/ol>\n","protected":false},"excerpt":{"rendered":"Ap\u00f3s 39 anos de espera, est\u00e1tua recebe a cabe\u00e7a no Cear\u00e1&nbsp;&nbsp;Portal iG Ap\u00f3s 39 anos de espera, est\u00e1tua&hellip;\n","protected":false},"author":2,"featured_media":196089,"comment_status":"","ping_status":"","sticky":false,"template":"","format":"standard","meta":{"footnotes":""},"categories":[144],"tags":[207,205,206,203,201,202,204,114,115,32,33,38796,7982],"class_list":{"0":"post-196088","1":"post","2":"type-post","3":"status-publish","4":"format-standard","5":"has-post-thumbnail","7":"category-arte-e-design","8":"tag-arte","9":"tag-arte-e-design","10":"tag-artedesign","11":"tag-arts","12":"tag-arts-and-design","13":"tag-artsanddesign","14":"tag-design","15":"tag-entertainment","16":"tag-entretenimento","17":"tag-portugal","18":"tag-pt","19":"tag-santo-antonio","20":"tag-santos"},"share_on_mastodon":{"url":"https:\/\/pubeurope.com\/@pt\/115752468683810667","error":""},"_links":{"self":[{"href":"https:\/\/www.europesays.com\/pt\/wp-json\/wp\/v2\/posts\/196088","targetHints":{"allow":["GET"]}}],"collection":[{"href":"https:\/\/www.europesays.com\/pt\/wp-json\/wp\/v2\/posts"}],"about":[{"href":"https:\/\/www.europesays.com\/pt\/wp-json\/wp\/v2\/types\/post"}],"author":[{"embeddable":true,"href":"https:\/\/www.europesays.com\/pt\/wp-json\/wp\/v2\/users\/2"}],"replies":[{"embeddable":true,"href":"https:\/\/www.europesays.com\/pt\/wp-json\/wp\/v2\/comments?post=196088"}],"version-history":[{"count":0,"href":"https:\/\/www.europesays.com\/pt\/wp-json\/wp\/v2\/posts\/196088\/revisions"}],"wp:featuredmedia":[{"embeddable":true,"href":"https:\/\/www.europesays.com\/pt\/wp-json\/wp\/v2\/media\/196089"}],"wp:attachment":[{"href":"https:\/\/www.europesays.com\/pt\/wp-json\/wp\/v2\/media?parent=196088"}],"wp:term":[{"taxonomy":"category","embeddable":true,"href":"https:\/\/www.europesays.com\/pt\/wp-json\/wp\/v2\/categories?post=196088"},{"taxonomy":"post_tag","embeddable":true,"href":"https:\/\/www.europesays.com\/pt\/wp-json\/wp\/v2\/tags?post=196088"}],"curies":[{"name":"wp","href":"https:\/\/api.w.org\/{rel}","templated":true}]}}