{"id":196094,"date":"2025-12-20T15:05:11","date_gmt":"2025-12-20T15:05:11","guid":{"rendered":"https:\/\/www.europesays.com\/pt\/196094\/"},"modified":"2025-12-20T15:05:11","modified_gmt":"2025-12-20T15:05:11","slug":"voce-nao-e-dono-nem-da-sua-geladeira","status":"publish","type":"post","link":"https:\/\/www.europesays.com\/pt\/196094\/","title":{"rendered":"Voc\u00ea n\u00e3o \u00e9 dono nem da sua geladeira"},"content":{"rendered":"<p>Um relato no Reddit descreveu o caso de uma mulher com diagn\u00f3stico de esquizofrenia que teria sido internada ap\u00f3s ver um an\u00fancio da Apple TV na tela de sua geladeira Samsung. A mensagem dizia \u201csentimos muito por ter chateado voc\u00ea, Carol\u201d e era uma propaganda da s\u00e9rie Pluribus.<\/p>\n<p>S\u00f3 que Carol tamb\u00e9m era o nome da dona da geladeira. Ela interpretou como comunica\u00e7\u00e3o pessoal e entrou em crise. Nenhum ve\u00edculo confirmou a hist\u00f3ria, mas pouco importa. Se n\u00e3o aconteceu ainda, \u00e9 quest\u00e3o de tempo at\u00e9 equipamentos conectados gerarem esse tipo de intera\u00e7\u00e3o invasiva.<\/p>\n<p>Por conta da repercuss\u00e3o, a Samsung passou a oferecer op\u00e7\u00e3o para desativar an\u00fancios nas geladeiras apenas em novembro. Mesmo assim, o problema persiste. Voc\u00ea compra um produto, paga por ele, leva para casa, e a empresa decide remotamente exibir propaganda na tela. N\u00e3o \u00e9 subsidiado, n\u00e3o \u00e9 emprestado. \u00c9 seu.<\/p>\n<p>Em um outro caso, um homem nos EUA precisou criar seu pr\u00f3prio sistema de garagem porque a empresa MyQ cortou integra\u00e7\u00e3o com Apple Home e Google Home, exigindo assinatura para controlar o port\u00e3o. Ele fundou a RATGDO (Rage Against the Garage Door Opener) e vendeu dezenas de milhares de unidades para quem tamb\u00e9m perdeu controle sobre a pr\u00f3pria casa.<\/p>\n<p>A Kohler, fabricante de lou\u00e7as de banheiro e equipamentos de cozinha, lan\u00e7ou uma c\u00e2mera inteligente que fotografa o interior do vaso sanit\u00e1rio e analisa fezes para orientar sobre sa\u00fade intestinal.<\/p>\n<p>A empresa anunciou criptografia de ponta a ponta, mas um pesquisador de seguran\u00e7a revelou que era apenas criptografia em tr\u00e2nsito. A Kohler tinha acesso aos dados nos pr\u00f3prios servidores e poderia us\u00e1-los inclusive pra para treinar sistema de intelig\u00eancia artificial. Ap\u00f3s den\u00fancia, a empresa mudou a descri\u00e7\u00e3o no site.<\/p>\n<p>E pensar que o produto custa US$ 599 mais uma assinatura obrigat\u00f3ria de US$ 6,99 mensais. Voc\u00ea paga centenas de d\u00f3lares e uma mensalidade para ter suas fezes analisadas por algoritmos treinados com dados de outros usu\u00e1rios.<\/p>\n<p>Tudo vira assinatura. Carros da Tesla cobram por recursos que j\u00e1 est\u00e3o no ve\u00edculo. A BMW tentou cobrar pelo aquecimento do banco na Alemanha. Nossos livros, discos, filmes\u2026 todos na nuvem atr\u00e1s de um paywall. Quando h\u00e1 reclama\u00e7\u00e3o, a resposta \u00e9 \u201cest\u00e1 nos termos de uso\u201d ou \u201cvoc\u00ea pode desativar nas configura\u00e7\u00f5es\u201d em algum lugar enterrado em 47 cliques.<\/p>\n<p>A pergunta deixou de ser \u201cquanto custa\u201d e virou \u201cpor quanto tempo ser\u00e1 meu\u201d.<\/p>\n<p>\u2014<\/p>\n<p>\u00a0<\/p>\n<p>Obs: Obrigado pela leitura ao longo do ano! A coluna dar\u00e1 uma breve pausa e retorno em fevereiro. Enquanto isso, fiquemos conectados atrav\u00e9s do https:\/\/www.resumido.cc.<\/p>\n<p>* Bruno Natal \u00e9 jornalista, documentarista e apresentador do podcast RESUMIDO (www.resumido.cc), sobre o impacto da tecnologia em todos os aspectos das nossas vidas. Dispon\u00edvel nas principais plataformas de streaming.<\/p>\n","protected":false},"excerpt":{"rendered":"Um relato no Reddit descreveu o caso de uma mulher com diagn\u00f3stico de esquizofrenia que teria sido internada&hellip;\n","protected":false},"author":2,"featured_media":196095,"comment_status":"","ping_status":"","sticky":false,"template":"","format":"standard","meta":{"footnotes":""},"categories":[84],"tags":[109,107,108,32,33,105,103,104,106,110],"class_list":{"0":"post-196094","1":"post","2":"type-post","3":"status-publish","4":"format-standard","5":"has-post-thumbnail","7":"category-ciencia-e-tecnologia","8":"tag-ciencia","9":"tag-ciencia-e-tecnologia","10":"tag-cienciaetecnologia","11":"tag-portugal","12":"tag-pt","13":"tag-science","14":"tag-science-and-technology","15":"tag-scienceandtechnology","16":"tag-technology","17":"tag-tecnologia"},"share_on_mastodon":{"url":"https:\/\/pubeurope.com\/@pt\/115752515852212236","error":""},"_links":{"self":[{"href":"https:\/\/www.europesays.com\/pt\/wp-json\/wp\/v2\/posts\/196094","targetHints":{"allow":["GET"]}}],"collection":[{"href":"https:\/\/www.europesays.com\/pt\/wp-json\/wp\/v2\/posts"}],"about":[{"href":"https:\/\/www.europesays.com\/pt\/wp-json\/wp\/v2\/types\/post"}],"author":[{"embeddable":true,"href":"https:\/\/www.europesays.com\/pt\/wp-json\/wp\/v2\/users\/2"}],"replies":[{"embeddable":true,"href":"https:\/\/www.europesays.com\/pt\/wp-json\/wp\/v2\/comments?post=196094"}],"version-history":[{"count":0,"href":"https:\/\/www.europesays.com\/pt\/wp-json\/wp\/v2\/posts\/196094\/revisions"}],"wp:featuredmedia":[{"embeddable":true,"href":"https:\/\/www.europesays.com\/pt\/wp-json\/wp\/v2\/media\/196095"}],"wp:attachment":[{"href":"https:\/\/www.europesays.com\/pt\/wp-json\/wp\/v2\/media?parent=196094"}],"wp:term":[{"taxonomy":"category","embeddable":true,"href":"https:\/\/www.europesays.com\/pt\/wp-json\/wp\/v2\/categories?post=196094"},{"taxonomy":"post_tag","embeddable":true,"href":"https:\/\/www.europesays.com\/pt\/wp-json\/wp\/v2\/tags?post=196094"}],"curies":[{"name":"wp","href":"https:\/\/api.w.org\/{rel}","templated":true}]}}