{"id":196096,"date":"2025-12-20T15:08:23","date_gmt":"2025-12-20T15:08:23","guid":{"rendered":"https:\/\/www.europesays.com\/pt\/196096\/"},"modified":"2025-12-20T15:08:23","modified_gmt":"2025-12-20T15:08:23","slug":"suspeito-de-assassinar-mulher-a-paulada-fica-na-cadeia-em-prisao-preventiva","status":"publish","type":"post","link":"https:\/\/www.europesays.com\/pt\/196096\/","title":{"rendered":"Suspeito de assassinar mulher \u00e0 paulada fica na cadeia em pris\u00e3o preventiva"},"content":{"rendered":"<p>A Pol\u00edcia Judici\u00e1ria (PJ) deteve um homem de 51 anos suspeito da autoria do homic\u00eddio de uma idosa em Ada\u00fafe, Braga, ocorrido na passada segunda-feira, e o tribunal aplicou-lhe pris\u00e3o preventiva, anunciou hoje aquela for\u00e7a.<\/p>\n<p>&#13;<br \/>\n&#13;<br \/>\n&#13;<\/p>\n<p>Em comunicado, a PJ refere que o suspeito, residente na mesma freguesia, \u201cfrequentava esporadicamente a casa da v\u00edtima, fazendo pequenos trabalhos ou recados\u201d.<\/p>\n<p>O m\u00f3bil do crime poder\u00e1 estar relacionado com o pagamento de um destes trabalhos.<\/p>\n<p>\u201cA v\u00edtima, uma idosa com 71 anos, foi encontrada ao fim do dia seguinte [ter\u00e7a-feira], j\u00e1 cad\u00e1ver, no interior do logradouro da sua resid\u00eancia, ap\u00f3s alerta \u00e0 GNR efetuado por um vizinho, que estranhou a falta das movimenta\u00e7\u00f5es habituais da mesma\u201d, acrescenta.<\/p>\n<p>A PJ diz ainda que o cad\u00e1ver apresentava \u201cferimentos extensos na cabe\u00e7a, compat\u00edveis com golpes de objeto corto-contundente e reveladores da interven\u00e7\u00e3o de terceiros\u201d.<\/p>\n<p>Segundo fonte da PJ, a agress\u00e3o ter\u00e1 sido perpetrada com uma enxada.<\/p>\n<p>\u201cDas dilig\u00eancias imediatas e ininterruptas, realizadas pelo Departamento de Investiga\u00e7\u00e3o Criminal de Braga da PJ, que dirige a investiga\u00e7\u00e3o, resultaram fortes ind\u00edcios da autoria dos factos por parte do suspeito, o qual, ap\u00f3s cumprimento de busca domicili\u00e1ria, judicialmente determinada e realizada em sua casa, foi detido fora de flagrante delito\u201d, l\u00ea-se ainda no comunicado.<\/p>\n<p>O detido foi hoje presente ao Tribunal de Guimar\u00e3es, tendo-lhe sido aplicada a medida de coa\u00e7\u00e3o de pris\u00e3o preventiva.<\/p>\n","protected":false},"excerpt":{"rendered":"A Pol\u00edcia Judici\u00e1ria (PJ) deteve um homem de 51 anos suspeito da autoria do homic\u00eddio de uma idosa&hellip;\n","protected":false},"author":2,"featured_media":196097,"comment_status":"","ping_status":"","sticky":false,"template":"","format":"standard","meta":{"footnotes":""},"categories":[10],"tags":[27,28,15,16,14,25,26,21,22,12,13,19,20,32,23,24,33,17,18,29,30,31],"class_list":{"0":"post-196096","1":"post","2":"type-post","3":"status-publish","4":"format-standard","5":"has-post-thumbnail","7":"category-portugal","8":"tag-breaking-news","9":"tag-breakingnews","10":"tag-featured-news","11":"tag-featurednews","12":"tag-headlines","13":"tag-latest-news","14":"tag-latestnews","15":"tag-main-news","16":"tag-mainnews","17":"tag-news","18":"tag-noticias","19":"tag-noticias-principais","20":"tag-noticiasprincipais","21":"tag-portugal","22":"tag-principais-noticias","23":"tag-principaisnoticias","24":"tag-pt","25":"tag-top-stories","26":"tag-topstories","27":"tag-ultimas","28":"tag-ultimas-noticias","29":"tag-ultimasnoticias"},"share_on_mastodon":{"url":"https:\/\/pubeurope.com\/@pt\/115752527876242305","error":""},"_links":{"self":[{"href":"https:\/\/www.europesays.com\/pt\/wp-json\/wp\/v2\/posts\/196096","targetHints":{"allow":["GET"]}}],"collection":[{"href":"https:\/\/www.europesays.com\/pt\/wp-json\/wp\/v2\/posts"}],"about":[{"href":"https:\/\/www.europesays.com\/pt\/wp-json\/wp\/v2\/types\/post"}],"author":[{"embeddable":true,"href":"https:\/\/www.europesays.com\/pt\/wp-json\/wp\/v2\/users\/2"}],"replies":[{"embeddable":true,"href":"https:\/\/www.europesays.com\/pt\/wp-json\/wp\/v2\/comments?post=196096"}],"version-history":[{"count":0,"href":"https:\/\/www.europesays.com\/pt\/wp-json\/wp\/v2\/posts\/196096\/revisions"}],"wp:featuredmedia":[{"embeddable":true,"href":"https:\/\/www.europesays.com\/pt\/wp-json\/wp\/v2\/media\/196097"}],"wp:attachment":[{"href":"https:\/\/www.europesays.com\/pt\/wp-json\/wp\/v2\/media?parent=196096"}],"wp:term":[{"taxonomy":"category","embeddable":true,"href":"https:\/\/www.europesays.com\/pt\/wp-json\/wp\/v2\/categories?post=196096"},{"taxonomy":"post_tag","embeddable":true,"href":"https:\/\/www.europesays.com\/pt\/wp-json\/wp\/v2\/tags?post=196096"}],"curies":[{"name":"wp","href":"https:\/\/api.w.org\/{rel}","templated":true}]}}