{"id":196098,"date":"2025-12-20T15:09:14","date_gmt":"2025-12-20T15:09:14","guid":{"rendered":"https:\/\/www.europesays.com\/pt\/196098\/"},"modified":"2025-12-20T15:09:14","modified_gmt":"2025-12-20T15:09:14","slug":"assassinatos-nos-eua-e-suicidio-de-portugues","status":"publish","type":"post","link":"https:\/\/www.europesays.com\/pt\/196098\/","title":{"rendered":"Assassinatos nos EUA e Suic\u00eddio de Portugu\u00eas"},"content":{"rendered":"<p>O mediotejo.net tamb\u00e9m com falou com um dos professores de Cl\u00e1udio Valente,  Jos\u00e9 Morgado, que lhe deu aulas na Escola Secund\u00e1ria Maria Lamas entre 1992 e 1995, e diz que <strong>foi  o melhor aluno que alguma vez teve. \u201cN\u00e3o apenas em termos acad\u00e9micos, mas em termos pessoais, humanos\u2026 era uma pessoa muito carinhosa com os seus amigos, solid\u00e1rio, sempre bem-disposto e preocupado com o bem-estar dos outros.\u201d<\/strong> <\/p>\n<p>Entretanto, as autoridades norte-americanas revelaram que <strong>Cl\u00e1udio Valente entrou nos Estados Unidos a abrigo do programa <\/strong><strong>Diversity Visa Lottery<\/strong><strong>,<\/strong> que atribui anualmente vistos de resid\u00eancia permanente a quem queira imigrar para o pa\u00eds.  O portugu\u00eas ter\u00e1 sido um dos contemplados com o visto em 2017. Quem entra no pa\u00eds por esta via recebe um green card, um documento de residente permanente que confere quase os mesmos direitos de um cidad\u00e3o nacional.<\/p>\n<p>Na sequ\u00eancia dos assassinatos cometidos por Cl\u00e1udio Valente, o programa de lotaria de vistos foi suspenso. Ontem, sexta-feira, dia 19, um porta-voz do Departamento de Estado informou que Marco Rubio &#8220;suspendeu indefinidamente a emiss\u00e3o de vistos diversity at\u00e9 se ter a certeza a quem \u00e9 que estamos a deixar entrar no pa\u00eds&#8221;. <\/p>\n<p>A secret\u00e1ria de Seguran\u00e7a Interna, Kristi Noem, deixou uma mensagem na rede social X a anunciar a <strong>suspens\u00e3o do programa, &#8220;para garantir que n\u00e3o haja mais americanos feridos por este programa desastroso&#8221;.<\/strong> A respons\u00e1vel recordou ainda que em 2017 Trump tentou acabar com este regime de vistos, na sequ\u00eancia do ataque, no dia 31 de outubro, por parte de Sayfullo Habibullaevic Saipov, imigrante do Uzbequist\u00e3o, que entrou nos EUA com um visto diversity e matou oito pessoas com uma carrinha em Nova Iorque.<\/p>\n","protected":false},"excerpt":{"rendered":"O mediotejo.net tamb\u00e9m com falou com um dos professores de Cl\u00e1udio Valente, Jos\u00e9 Morgado, que lhe deu aulas&hellip;\n","protected":false},"author":2,"featured_media":196099,"comment_status":"","ping_status":"","sticky":false,"template":"","format":"standard","meta":{"footnotes":""},"categories":[8],"tags":[27,28,38951,235,15,16,14,25,26,21,22,12,13,19,20,38572,32,23,24,33,17,18,29,30,31],"class_list":{"0":"post-196098","1":"post","2":"type-post","3":"status-publish","4":"format-standard","5":"has-post-thumbnail","7":"category-principais-noticias","8":"tag-breaking-news","9":"tag-breakingnews","10":"tag-claudio-valente","11":"tag-estados-unidos","12":"tag-featured-news","13":"tag-featurednews","14":"tag-headlines","15":"tag-latest-news","16":"tag-latestnews","17":"tag-main-news","18":"tag-mainnews","19":"tag-news","20":"tag-noticias","21":"tag-noticias-principais","22":"tag-noticiasprincipais","23":"tag-nuno-loureiro","24":"tag-portugal","25":"tag-principais-noticias","26":"tag-principaisnoticias","27":"tag-pt","28":"tag-top-stories","29":"tag-topstories","30":"tag-ultimas","31":"tag-ultimas-noticias","32":"tag-ultimasnoticias"},"share_on_mastodon":{"url":"https:\/\/pubeurope.com\/@pt\/115752531747460487","error":""},"_links":{"self":[{"href":"https:\/\/www.europesays.com\/pt\/wp-json\/wp\/v2\/posts\/196098","targetHints":{"allow":["GET"]}}],"collection":[{"href":"https:\/\/www.europesays.com\/pt\/wp-json\/wp\/v2\/posts"}],"about":[{"href":"https:\/\/www.europesays.com\/pt\/wp-json\/wp\/v2\/types\/post"}],"author":[{"embeddable":true,"href":"https:\/\/www.europesays.com\/pt\/wp-json\/wp\/v2\/users\/2"}],"replies":[{"embeddable":true,"href":"https:\/\/www.europesays.com\/pt\/wp-json\/wp\/v2\/comments?post=196098"}],"version-history":[{"count":0,"href":"https:\/\/www.europesays.com\/pt\/wp-json\/wp\/v2\/posts\/196098\/revisions"}],"wp:featuredmedia":[{"embeddable":true,"href":"https:\/\/www.europesays.com\/pt\/wp-json\/wp\/v2\/media\/196099"}],"wp:attachment":[{"href":"https:\/\/www.europesays.com\/pt\/wp-json\/wp\/v2\/media?parent=196098"}],"wp:term":[{"taxonomy":"category","embeddable":true,"href":"https:\/\/www.europesays.com\/pt\/wp-json\/wp\/v2\/categories?post=196098"},{"taxonomy":"post_tag","embeddable":true,"href":"https:\/\/www.europesays.com\/pt\/wp-json\/wp\/v2\/tags?post=196098"}],"curies":[{"name":"wp","href":"https:\/\/api.w.org\/{rel}","templated":true}]}}