{"id":196110,"date":"2025-12-20T15:26:46","date_gmt":"2025-12-20T15:26:46","guid":{"rendered":"https:\/\/www.europesays.com\/pt\/196110\/"},"modified":"2025-12-20T15:26:46","modified_gmt":"2025-12-20T15:26:46","slug":"11-prompts-para-voce-testar","status":"publish","type":"post","link":"https:\/\/www.europesays.com\/pt\/196110\/","title":{"rendered":"11 prompts para voc\u00ea testar"},"content":{"rendered":"<p>\t\t\t\t<img data-perfmatters-preload=\"\" width=\"910\" height=\"568\" src=\"https:\/\/www.europesays.com\/pt\/wp-content\/uploads\/2025\/12\/como-criar-fotos-de-estudio-realistas-nano-banana-pro-prompts-912x569.jpg\" class=\"attachment-910x568 size-910x568\" alt=\"Como criar fotos de est\u00fadio realistas no Nano Banana Pro: 11 prompts para voc\u00ea testar\"   decoding=\"async\" fetchpriority=\"high\"\/>Cr\u00e9ditos: Reprodu\u00e7\u00e3o\/Nano Banana Pro\t\t<\/p>\n<p>No universo da <a href=\"http:\/\/mundoconectado.com.br\/inteligencia-artificial\" rel=\"nofollow noopener\" target=\"_blank\">intelig\u00eancia artificial<\/a> aplicada \u00e0 cria\u00e7\u00e3o de imagens, um dos temas mais comentados nas \u00faltimas semanas tem sido a capacidade de gerar fotos de est\u00fadio com alto grau de realismo usando comandos de texto espec\u00edficos. <\/p>\n<p>Entre as ferramentas que concentram essa aten\u00e7\u00e3o est\u00e1 o <strong>Nano Banana Pro<\/strong>, o modelo de gera\u00e7\u00e3o e edi\u00e7\u00e3o visual mais recente ligado ao <a href=\"https:\/\/www.mundoconectado.com.br\/inteligencia-artificial\/google-gemini-3-raciocinio-codigo-automacao-lancamento\/\" rel=\"nofollow noopener\" target=\"_blank\">Gemini 3 Pro<\/a>, preparado para interpretar instru\u00e7\u00f5es detalhadas e produzir imagens com controle de ilumina\u00e7\u00e3o, composi\u00e7\u00e3o, foco e at\u00e9 simula\u00e7\u00e3o de c\u00e2meras reais. <\/p>\n<p>O que \u00e9 o Nano Banana Pro e por que os prompts importam<\/p>\n<p>O Nano Banana Pro \u00e9 a designa\u00e7\u00e3o de mercado para o modelo Gemini 3 Pro Image do Google, que combina mecanismos de interpreta\u00e7\u00e3o de linguagem com capacidades visuais avan\u00e7adas. <\/p>\n<p>Ele aceita tanto texto quanto imagens de entrada para criar ou editar cenas de acordo com as instru\u00e7\u00f5es do usu\u00e1rio. A clareza e estrutura do comando determinam grande parte da qualidade final, motivo pelo qual prompts detalhados s\u00e3o essenciais para alcan\u00e7ar resultados sofisticados em fotos de est\u00fadio. <\/p>\n<p><img loading=\"lazy\" decoding=\"async\" width=\"1200\" height=\"675\" alt=\"\" class=\"wp-image-535643 perfmatters-lazy\" src=\"https:\/\/www.europesays.com\/pt\/wp-content\/uploads\/2025\/12\/maxresdefault-1200x675.jpg\"  data-\/>Divulga\u00e7\u00e3o\/Google<\/p>\n<p>A pesquisa e experimenta\u00e7\u00e3o que circulam entre criadores e plataformas especializadas mostram que a forma como voc\u00ea descreve elementos como cen\u00e1rio, ilumina\u00e7\u00e3o, \u00e2ngulo de c\u00e2mera e apar\u00eancia do objeto ou modelo influencia diretamente o resultado produzido pelo Nano Banana Pro. <\/p>\n<p>Tais orienta\u00e7\u00f5es t\u00eam sido organizadas em guias de prompting que v\u00e3o desde imagens t\u00e9cnicas at\u00e9 fotografia art\u00edstica ou de produtos. <\/p>\n<p>Como estruturar prompts para fotos em est\u00fadio<\/p>\n<p>Prompts eficientes para fotografias de est\u00fadio usadas no Nano Banana Pro s\u00e3o caractrizados por algumas pr\u00e1ticas comuns: <\/p>\n<ol class=\"wp-block-list\">\n<li>Especificar claramente os <strong>tipos de ilumina\u00e7\u00e3o<\/strong> que voc\u00ea quer no est\u00fadio, como luz principal, luz de preenchimento ou luz de fundo, para orientar a IA sobre sombras e contrastes na cena (quanto mais detalhado, mais o modelo segue sua inten\u00e7\u00e3o)<a href=\"https:\/\/www.tencentcloud.com\/techpedia\/125092?utm_source=chatgpt.com\" target=\"_blank\" rel=\"noreferrer noopener nofollow\">.<\/a><\/li>\n<li>Descrever a cena usando <strong>termos fotogr\u00e1ficos precisos<\/strong>, incluindo onde o foco deve estar, a profundidade de campo desejada e a perspectiva da c\u00e2mera, para simular t\u00e9cnicas de fotografia realistas.<\/li>\n<li>indicar <strong>\u00e2ngulos de c\u00e2mera ou ponto de vista<\/strong>, como close-up, tr\u00eas quartos ou flat lay, porque isso ajuda a IA a compor a imagem de maneira consistente e visualmente coerente.<\/li>\n<li>Mencionar detalhes est\u00e9ticos do objeto ou pessoa, como textura da pele, material de superf\u00edcies ou movimento do tecido, para que o modelo tenha elementos concretos para trabalhar na cria\u00e7\u00e3o<a href=\"https:\/\/elements.envato.com\/learn\/ai-photography-prompts?utm_source=chatgpt.com\" target=\"_blank\" rel=\"noreferrer noopener nofollow\">.<\/a><\/li>\n<li>Incluir refer\u00eancias a <strong>lentes ou c\u00e2meras imagin\u00e1rias<\/strong>, como \u201clente 85 mm\u201d ou \u201ccom efeito de profundidade de campo rasa\u201d, que ajudam a IA a replicar caracter\u00edsticas de fotografia profissional.<\/li>\n<li>Adicionar termos de qualidade ou estilo como \u201cfotorealista\u201d, \u201cilumina\u00e7\u00e3o cinematogr\u00e1fica\u201d ou \u201c4K\u201d para influenciar a renderiza\u00e7\u00e3o final com mais fidelidade visual.<\/li>\n<\/ol>\n<p>Exemplos pr\u00e1ticos de prompts de est\u00fadio<\/p>\n<p>1. Minimalismo com foco em textura<\/p>\n<p><strong>Prompt: <\/strong><\/p>\n<p>\u201cFotografia de est\u00fadio ultra-realista de um vaso de cer\u00e2mica fosca, design minimalista, cor neutra. Ilumina\u00e7\u00e3o suave difusa vinda da lateral esquerda, fundo cinza claro uniforme. Profundidade de campo curta, foco extremamente n\u00edtido na superf\u00edcie do vaso, destacando microtexturas, poros e imperfei\u00e7\u00f5es do material. Sombras suaves e naturais, est\u00e9tica clean, lente 85mm, f\/1.8, qualidade de fotografia profissional de est\u00fadio.\u201d<\/p>\n<p><img loading=\"lazy\" decoding=\"async\" width=\"1200\" height=\"670\" alt=\"\" class=\"wp-image-535632 perfmatters-lazy\" src=\"https:\/\/www.europesays.com\/pt\/wp-content\/uploads\/2025\/12\/freepik__fotografia-de-estdio-ultrarealista-de-um-vaso-de-c__27909-1200x670.jpg\"  data-\/>Reprodu\u00e7\u00e3o\/Nano Banana Pro<\/p>\n<p>2. Retrato com ilumina\u00e7\u00e3o dram\u00e1tica<\/p>\n<p><strong>Prompt: <\/strong><\/p>\n<p>\u201cRetrato fotogr\u00e1fico realista de uma pessoa adulta em est\u00fadio, enquadramento do busto, express\u00e3o neutra e confiante. Ilumina\u00e7\u00e3o Rembrandt cl\u00e1ssica, com luz principal lateral criando tri\u00e2ngulo de luz no rosto e sombras profundas do lado oposto. Fundo escuro e discreto, alto contraste, pele com textura natural vis\u00edvel, sem suaviza\u00e7\u00e3o excessiva. Estilo fotografia editorial, lente 85mm, f\/2, apar\u00eancia de retrato profissional de alto n\u00edvel.\u201d<\/p>\n<p><img loading=\"lazy\" decoding=\"async\" width=\"1200\" height=\"670\" alt=\"\" class=\"wp-image-535633 perfmatters-lazy\" src=\"https:\/\/www.europesays.com\/pt\/wp-content\/uploads\/2025\/12\/freepik__retrato-fotogrfico-realista-de-uma-pessoa-adulta-e__27910-1200x670.jpg\"  data-\/>Reprodu\u00e7\u00e3o\/Nano Banana Pro<\/p>\n<p>3. Fotografia de produto din\u00e2mica<\/p>\n<p><strong>Prompt:<\/strong><\/p>\n<p>\u201cFotografia de est\u00fadio hiper-realista de um frasco de vidro transparente em suspens\u00e3o, com gotas de \u00e1gua congeladas no ar ao redor. Ilumina\u00e7\u00e3o de fundo forte para destacar reflexos e contornos do vidro, luz principal frontal suave para equil\u00edbrio. Fundo escuro uniforme, alto controle de reflexos, sensa\u00e7\u00e3o de movimento congelado. Nitidez extrema no produto, est\u00e9tica premium, fotografia comercial profissional, lente macro, f\/4.\u201d<\/p>\n<p><img loading=\"lazy\" decoding=\"async\" width=\"1200\" height=\"670\" alt=\"\" class=\"wp-image-535635 perfmatters-lazy\" src=\"https:\/\/www.europesays.com\/pt\/wp-content\/uploads\/2025\/12\/freepik__fotografia-de-estdio-hiperrealista-de-um-frasco-de__27911-1-1200x670.jpg\"  data-\/>Reprodu\u00e7\u00e3o\/Nano Banana Pro<\/p>\n<p><strong>4. Retrato de beleza com foco em textura de pele<\/strong><\/p>\n<p><strong>Prompt: <\/strong><\/p>\n<p>\u201cRetrato de est\u00fadio close-up de um rosto humano com pele natural e <strong>textura de poros vis\u00edvel<\/strong>, maquiagem leve, <strong>luz clamshell suave<\/strong> sobre fundo cinza neutro, lente de retrato com efeito de profundidade de campo curta, foco n\u00edtido nos olhos e nos detalhes faciais, apar\u00eancia realista de fotografia profissional.\u201d<\/p>\n<p><img loading=\"lazy\" decoding=\"async\" width=\"1200\" height=\"670\" alt=\"\" class=\"wp-image-535636 perfmatters-lazy\" src=\"https:\/\/www.europesays.com\/pt\/wp-content\/uploads\/2025\/12\/freepik__retrato-de-estdio-closeup-de-um-rosto-humano-com-p__27912-1200x670.jpg\"  data-\/>Reprodu\u00e7\u00e3o\/Nano Banana Pro<\/p>\n<p><strong>5. Foto editorial de corpo inteiro com movimento<\/strong><\/p>\n<p><strong>Prompt:<\/strong> <\/p>\n<p>\u201cImagem editorial de corpo inteiro de uma modelo girando em um fundo preto mate, luz de tr\u00eas pontos com <strong>backlight marcante<\/strong> destacando o contorno do tecido esvoa\u00e7ante, pose din\u00e2mica congelada como em fotografia de moda, lente de 50 mm simulada com foco no movimento do vestido e profundidade de campo suave.\u201d<\/p>\n<p><img loading=\"lazy\" decoding=\"async\" width=\"1200\" height=\"670\" alt=\"\" class=\"wp-image-535637 perfmatters-lazy\" src=\"https:\/\/www.europesays.com\/pt\/wp-content\/uploads\/2025\/12\/freepik__imagem-editorial-de-corpo-inteiro-de-uma-modelo-gi__27913-1200x670.jpg\"  data-\/>Reprodu\u00e7\u00e3o\/Nano Banana Pro<\/p>\n<p>6. <strong>Produto em est\u00fadio com splash de \u00e1gua<\/strong><\/p>\n<p><strong>Prompt: <\/strong><\/p>\n<p>\u201cFoto de est\u00fadio de produto com uma garrafa transparente de perfume no centro e <strong>splash de \u00e1gua congelado<\/strong> ao redor, ilumina\u00e7\u00e3o de fundo forte para criar contornos brilhantes e reflexos no vidro, fundo azul escuro, sombras e reflexos naturais de ilumina\u00e7\u00e3o profissional.\u201d<\/p>\n<p><img loading=\"lazy\" decoding=\"async\" width=\"1200\" height=\"670\" alt=\"\" class=\"wp-image-535638 perfmatters-lazy\" src=\"https:\/\/www.europesays.com\/pt\/wp-content\/uploads\/2025\/12\/freepik__foto-de-estdio-de-produto-com-uma-garrafa-transpar__27914-1200x670.jpg\"  data-\/>Reprodu\u00e7\u00e3o\/Nano Banana Pro<\/p>\n<p>7. <strong>Retrato cinem\u00e1tico com luz dram\u00e1tica<\/strong><\/p>\n<p><strong>Prompt: <\/strong><\/p>\n<p>\u201cRetrato de meio corpo com ilumina\u00e7\u00e3o dram\u00e1tica estilo Rembrandt, luz lateral intensa criando um tri\u00e2ngulo de luz sob o olho, <strong>fundo preto profundo<\/strong>, express\u00e3o introspectiva, lente 85 mm fict\u00edcia com foco suave no fundo e realce nas texturas de pele e cabelo.\u201d<\/p>\n<p><img loading=\"lazy\" decoding=\"async\" width=\"1200\" height=\"670\" alt=\"\" class=\"wp-image-535639 perfmatters-lazy\" src=\"https:\/\/www.europesays.com\/pt\/wp-content\/uploads\/2025\/12\/freepik__retrato-de-meio-corpo-com-iluminao-dramtica-estilo__27915-1200x670.jpg\"  data-\/>Reprodu\u00e7\u00e3o\/Nano Banana Pro<\/p>\n<p><strong>8. Natureza morta minimalista com objeto simples<\/strong><\/p>\n<p><strong>Prompt: <\/strong><\/p>\n<p>\u201cNatureza morta em est\u00fadio com um vaso cer\u00e2mico org\u00e2nico sobre um pedestal simples, <strong>minimalismo monocrom\u00e1tico com contraste suave<\/strong>, ilumina\u00e7\u00e3o suave difusa, fundo cinza claro, close-up apertado com foco claro nas superf\u00edcies e texturas do objeto.\u201d<\/p>\n<p><img loading=\"lazy\" decoding=\"async\" width=\"1200\" height=\"670\" alt=\"\" class=\"wp-image-535640 perfmatters-lazy\" src=\"https:\/\/www.europesays.com\/pt\/wp-content\/uploads\/2025\/12\/freepik__natureza-morta-em-estdio-com-um-vaso-cermico-orgni__27916-1200x670.jpg\"  data-\/>Reprodu\u00e7\u00e3o\/Nano Banana Pro<\/p>\n<p><strong>9. Ambiente de est\u00fadio com luz de gel colorido<\/strong><\/p>\n<p><strong>Prompt:<\/strong><\/p>\n<p>&#8220;Retrato criativo em est\u00fadio com <strong>ilumina\u00e7\u00e3o de g\u00e9is coloridos<\/strong>, luz vermelha \u00e0 esquerda e azul ciano \u00e0 direita projetando padr\u00e3o geom\u00e9trico sobre o rosto, fundo neutro escuro, foco nas cores e contrastes, lente de 110 mm e profundidade de campo moderada.\u201d<\/p>\n<p><img loading=\"lazy\" decoding=\"async\" width=\"1200\" height=\"670\" alt=\"\" class=\"wp-image-535641 perfmatters-lazy\" src=\"https:\/\/www.europesays.com\/pt\/wp-content\/uploads\/2025\/12\/freepik__retrato-criativo-em-estdio-com-iluminao-de-gis-col__27917-1200x670.jpg\"  data-\/>Reprodu\u00e7\u00e3o\/Nano Banana Pro<\/p>\n<p><strong>10. Foto de produto com composi\u00e7\u00e3o flat lay<\/strong><\/p>\n<p><strong>Prompt: <\/strong><\/p>\n<p>\u201cFlat lay fotogr\u00e1fico de um conjunto de acess\u00f3rios em fundo branco liso com luz muito difusa, sombras suaves, composi\u00e7\u00e3o organizada e est\u00e9tica clean, foco n\u00edtido em cada item e textura das superf\u00edcies, lente macro simulada 100 mm.\u201d<\/p>\n<p><img loading=\"lazy\" decoding=\"async\" width=\"1200\" height=\"670\" alt=\"\" class=\"wp-image-535642 perfmatters-lazy\" src=\"https:\/\/www.europesays.com\/pt\/wp-content\/uploads\/2025\/12\/freepik__flat-lay-fotogrfico-de-um-conjunto-de-acessrios-em__27918-1200x670.jpg\"  data-\/>Reprodu\u00e7\u00e3o\/Nano Banana Pro<\/p>\n<p><strong>11. Retrato estilo capa de revista<\/strong><\/p>\n<p><strong>Prompt: <\/strong><\/p>\n<p>\u201cFoto de est\u00fadio estilo capa de revista de moda com modelo em pose forte, ilumina\u00e7\u00e3o de est\u00fadio com <strong>principal e fill light equilibrados<\/strong>, fundo neutro elegante, elementos gr\u00e1ficos da capa (t\u00edtulo e subt\u00edtulos simulados), foco na express\u00e3o e na composi\u00e7\u00e3o est\u00e9tica.\u201d<\/p>\n<p><img loading=\"lazy\" decoding=\"async\" width=\"1200\" height=\"670\" alt=\"\" class=\"wp-image-535647 perfmatters-lazy\" src=\"https:\/\/www.europesays.com\/pt\/wp-content\/uploads\/2025\/12\/freepik__foto-de-estdio-estilo-capa-de-revista-de-moda-com-__27920-1200x670.jpg\"  data-\/>Reprodu\u00e7\u00e3o\/Nano Banana Pro<\/p>\n<p>Considera\u00e7\u00f5es sobre uso e limita\u00e7\u00f5es<\/p>\n<p>Embora a capacidade de produzir imagens impressionantes seja evidente, a experi\u00eancia com o Nano Banana Pro n\u00e3o \u00e9 isenta de desafios ou debates. Usu\u00e1rios e especialistas observam que, em alguns cen\u00e1rios, os resultados podem refletir vieses ou escolhas inesperadas em composi\u00e7\u00e3o visual. <\/p>\n<p>Em um caso noticiado recentemente, testes com prompts ligados a figuras humanas e contextos sociais geraram imagens que reproduziam estere\u00f3tipos indesejados, mesmo sem instru\u00e7\u00f5es espec\u00edficas nesse sentido. <\/p>\n<p>Isso reacende a discuss\u00e3o sobre responsabilidade e controle em ferramentas que geram representa\u00e7\u00f5es visuais complexas.<\/p>\n<p>Dicas para conseguir imagens mais pr\u00f3ximas ao esperado<\/p>\n<p>Para obter imagens detalhadas e pr\u00f3ximas \u00e0 ideia inicial, vale a pena:<\/p>\n<ul class=\"wp-block-list\">\n<li>Detalhar com precis\u00e3o os elementos da cena, incluindo textura, ilumina\u00e7\u00e3o, \u00e2ngulo e profundidade.<\/li>\n<li>Usar refer\u00eancias visuais ou compara\u00e7\u00e3o com situa\u00e7\u00f5es reais.<\/li>\n<li>Escrever comandos em camadas, come\u00e7ando com descri\u00e7\u00e3o geral e refinando com termos t\u00e9cnicos.<\/li>\n<li>Testar varia\u00e7\u00f5es de prompt para comparar resultados e refinar resultados visuais.<\/li>\n<\/ul>\n<p>Implica\u00e7\u00f5es criativas e profissionais<\/p>\n<p>Enquanto a tecnologia evolui, a aplica\u00e7\u00e3o de modelos como o Nano Banana Pro se estende al\u00e9m de um simples experimento visual. Fot\u00f3grafos, designers e criadores visuais v\u00eam usando esses recursos para prototipar ideias, planejar campanhas ou experimentar \u00e2ngulos sem a necessidade de um est\u00fadio f\u00edsico. <\/p>\n<p>A capacidade de simular ilumina\u00e7\u00e3o e perspectiva por texto (algo que antes exigiria habilidades t\u00e9cnicas avan\u00e7adas em software de edi\u00e7\u00e3o) altera a forma como profissionais e amadores podem imaginar e testar composi\u00e7\u00f5es.<\/p>\n<p>A perspectiva de ter diretrizes detalhadas incorporadas em comandos pode agilizar fluxos criativos e integrar a gera\u00e7\u00e3o de imagens a processos de planejamento visual de alto n\u00edvel.<\/p>\n<p><strong>Leia tamb\u00e9m:<\/strong><\/p>\n","protected":false},"excerpt":{"rendered":"Cr\u00e9ditos: Reprodu\u00e7\u00e3o\/Nano Banana Pro No universo da intelig\u00eancia artificial aplicada \u00e0 cria\u00e7\u00e3o de imagens, um dos temas mais&hellip;\n","protected":false},"author":2,"featured_media":196111,"comment_status":"","ping_status":"","sticky":false,"template":"","format":"standard","meta":{"footnotes":""},"categories":[144],"tags":[207,205,206,203,201,202,204,114,115,2085,643,933,21771,37067,32,33],"class_list":{"0":"post-196110","1":"post","2":"type-post","3":"status-publish","4":"format-standard","5":"has-post-thumbnail","7":"category-arte-e-design","8":"tag-arte","9":"tag-arte-e-design","10":"tag-artedesign","11":"tag-arts","12":"tag-arts-and-design","13":"tag-artsanddesign","14":"tag-design","15":"tag-entertainment","16":"tag-entretenimento","17":"tag-fotografia","18":"tag-google","19":"tag-inteligencia-artificial","20":"tag-nano-banana","21":"tag-nano-banana-pro","22":"tag-portugal","23":"tag-pt"},"share_on_mastodon":{"url":"https:\/\/pubeurope.com\/@pt\/115752598967180031","error":""},"_links":{"self":[{"href":"https:\/\/www.europesays.com\/pt\/wp-json\/wp\/v2\/posts\/196110","targetHints":{"allow":["GET"]}}],"collection":[{"href":"https:\/\/www.europesays.com\/pt\/wp-json\/wp\/v2\/posts"}],"about":[{"href":"https:\/\/www.europesays.com\/pt\/wp-json\/wp\/v2\/types\/post"}],"author":[{"embeddable":true,"href":"https:\/\/www.europesays.com\/pt\/wp-json\/wp\/v2\/users\/2"}],"replies":[{"embeddable":true,"href":"https:\/\/www.europesays.com\/pt\/wp-json\/wp\/v2\/comments?post=196110"}],"version-history":[{"count":0,"href":"https:\/\/www.europesays.com\/pt\/wp-json\/wp\/v2\/posts\/196110\/revisions"}],"wp:featuredmedia":[{"embeddable":true,"href":"https:\/\/www.europesays.com\/pt\/wp-json\/wp\/v2\/media\/196111"}],"wp:attachment":[{"href":"https:\/\/www.europesays.com\/pt\/wp-json\/wp\/v2\/media?parent=196110"}],"wp:term":[{"taxonomy":"category","embeddable":true,"href":"https:\/\/www.europesays.com\/pt\/wp-json\/wp\/v2\/categories?post=196110"},{"taxonomy":"post_tag","embeddable":true,"href":"https:\/\/www.europesays.com\/pt\/wp-json\/wp\/v2\/tags?post=196110"}],"curies":[{"name":"wp","href":"https:\/\/api.w.org\/{rel}","templated":true}]}}