{"id":196112,"date":"2025-12-20T15:28:24","date_gmt":"2025-12-20T15:28:24","guid":{"rendered":"https:\/\/www.europesays.com\/pt\/196112\/"},"modified":"2025-12-20T15:28:24","modified_gmt":"2025-12-20T15:28:24","slug":"verdade-vem-sempre-ao-de-cima-observador","status":"publish","type":"post","link":"https:\/\/www.europesays.com\/pt\/196112\/","title":{"rendered":"&#8220;Verdade vem sempre ao de cima&#8221; \u2013 Observador"},"content":{"rendered":"<p><a href=\"https:\/\/observador.pt\/liveblogs\/primeiro-ministro-visita-esta-sexta-feira-militares-portugueses-na-eslovaquia-em-missao-da-nato\/\" rel=\"nofollow noopener\" target=\"_blank\">Acompanhe o nosso liveblog sobre pol\u00edtica<\/a><\/p>\n<p>O secret\u00e1rio-geral do PCP avisou esta sexta-feira quem quer reescrever a hist\u00f3ria do fascismo que a verdade acaba sempre por vir ao de cima e pediu que todos fa\u00e7am frente \u201c\u00e0 opera\u00e7\u00e3o reacion\u00e1ria e antidemocr\u00e1tica que est\u00e1 em curso\u201d.<\/p>\n<p>Paulo Raimundo deixou estes avisos numa sess\u00e3o alusiva aos 64 anos da morte do antigo dirigente comunista <strong>Jos\u00e9 Dias Coelho<\/strong>, assassinado em 19 de dezembro de 1961 por agentes da PIDE numa rua em Alc\u00e2ntara, Lisboa, no local onde, esta sexta-feira, o secret\u00e1rio-geral do PCP depositou uma coroa de flores.<\/p>\n<p>Num discurso nessa sess\u00e3o, Paulo Raimundo afirmou que, faz esta quinta-feira 64 anos, Jos\u00e9 Dias Coelho foi \u201ccobardemente assassinado \u00e0 queima-roupa pela PIDE\u201d com apenas 38 anos de idade, e deixou avisos para o presente.<\/p>\n<p>\u201cNestes momentos estranhos que vivemos, bem podem tentar reescrever a hist\u00f3ria, bem podem tentar ilibar os carrascos, bem podem utilizar todos os seus muitos e poderosos instrumentos e meios, podem tentar tudo, que a verdade, como sempre, <strong>vir\u00e1 sempre, sempre ao de cima<\/strong>\u201c, afirmou.<\/p>\n<p>Recordando o percurso de vida de Jos\u00e9 Dias Coelho, Paulo Raimundo salientou que o antigo dirigente comunista aderiu ao PCP em 1955, com 32 anos, e, \u201chomem da cultura e da arte\u201d, dedica-se na clandestinidade \u00e0 falsifica\u00e7\u00e3o de documentos, com a sua companheira e hist\u00f3rica comunista Margarida Tengarrinha, assim como \u00e0 cria\u00e7\u00e3o de gravuras para o Avante e \u201cpe\u00e7as e desenhos intemporais\u201d.<\/p>\n<p>\u201cJos\u00e9 Dias Coelho \u00e9 um dos her\u00f3is, \u00e9 um dos m\u00e1rtires do fascismo, \u00e9 um exemplo para os comunistas, mas tamb\u00e9m um exemplo para todos os amantes da liberdade e da democracia, um exemplo para a juventude e para todos aqueles que s\u00e3o agentes da cultura e da arte\u201d, defendeu.<\/p>\n<p>Paulo Raimundo frisou que, apesar de o regime fascista ter assassinado Jos\u00e9 Dias Coelho, n\u00e3o conseguiu impedir a revolu\u00e7\u00e3o, que chegou em abril de 1974 e \u201cabriu um caminho de esperan\u00e7a, de resposta aos anseios e direitos da maioria\u201d.<\/p>\n<p>\u201cUm caminho interrompido por um processo contrarrevolucion\u00e1rio desde 1976, em que sucessivos governos t\u00eam colocado e subjugado o pa\u00eds nas m\u00e3os dos grupos econ\u00f3micos e das multinacionais, colocado Portugal numa posi\u00e7\u00e3o subalterna, como se fosse uma prov\u00edncia da Uni\u00e3o Europeia (UE) e um ap\u00eandice da NATO ou dos Estados Unidos\u201d, disse.<\/p>\n<p>Defendendo que Abril \u00e9 \u201coptar pelo trabalho e pelos trabalhadores\u201d, Paulo Raimundo considerou que \u201c<strong>esse Abril exige hoje<\/strong>\u201d que todos \u201cfa\u00e7am frente \u00e0 dimens\u00e3o da opera\u00e7\u00e3o reacion\u00e1ria e antidemocr\u00e1tica que est\u00e1 em curso\u201d e \u201cque procura n\u00e3o s\u00f3 dividir, como fomenta o \u00f3dio e responsabiliza todos por cada um dos problemas, menos os verdadeiros respons\u00e1veis pela situa\u00e7\u00e3o\u201d.<\/p>\n<p>\u201cEst\u00e1 em desenvolvimento uma intensa ofensiva ideol\u00f3gica que dissemina conce\u00e7\u00f5es antidemocr\u00e1ticas, que abre espa\u00e7o \u00e0 agenda reacion\u00e1ria e que procura sempre, sempre desviar aten\u00e7\u00f5es\u201d, afirmou.<\/p>\n<p>Numa cr\u00edtica aos discursos contra imigrantes, Paulo Raimundo salientou que \u201ca falta de profissionais no Servi\u00e7o Nacional de Sa\u00fade (SNS) ou a falta de professores na escola p\u00fablica n\u00e3o \u00e9 por culpa dos imigrantes\u201d.<\/p>\n<p>\u201cO custo de vida aumenta n\u00e3o \u00e9 por causa dos dois milh\u00f5es de pobres que temos no nosso pa\u00eds. As casas s\u00e3o inacess\u00edveis n\u00e3o \u00e9 de certeza absoluta pelos gordos sal\u00e1rios que cada um de n\u00f3s tem\u201d, ironizou, salientando que o \u201cpa\u00eds est\u00e1 a saque, subordinado ao grande capital e aos interesses\u201d dos grandes grupos econ\u00f3micos, \u201c\u00e0 custa dos trabalhadores\u201d.<\/p>\n<p>\u201cEste percurso tem respons\u00e1veis, tem benefici\u00e1rios e tem v\u00edtimas. Os respons\u00e1veis s\u00e3o os partidos ao servi\u00e7o dos interesses dos grupos econ\u00f3micos: PS, PSD e CDS e os seus suced\u00e2neos do Chega e da IL. Os benefici\u00e1rios s\u00e3o os grupos econ\u00f3micos e as multinacionais. Quem paga, como sempre, \u00e9 sempre o povo e os trabalhadores\u201d, afirmou, considerando que a greve geral de dia 11 de dezembro, que qualificou como hist\u00f3rica, mostrou que, quem \u201ctem for\u00e7a para p\u00f4r tudo a trabalhar\u201d, tamb\u00e9m tem \u201cfor\u00e7a para impor o caminho ao seu servi\u00e7o\u201d.<\/p>\n","protected":false},"excerpt":{"rendered":"Acompanhe o nosso liveblog sobre pol\u00edtica O secret\u00e1rio-geral do PCP avisou esta sexta-feira quem quer reescrever a hist\u00f3ria&hellip;\n","protected":false},"author":2,"featured_media":196113,"comment_status":"","ping_status":"","sticky":false,"template":"","format":"standard","meta":{"footnotes":""},"categories":[142],"tags":[114,115,3596,302,32,33,151],"class_list":{"0":"post-196112","1":"post","2":"type-post","3":"status-publish","4":"format-standard","5":"has-post-thumbnail","7":"category-tv","8":"tag-entertainment","9":"tag-entretenimento","10":"tag-pcp","11":"tag-polu00edtica","12":"tag-portugal","13":"tag-pt","14":"tag-tv"},"share_on_mastodon":{"url":"https:\/\/pubeurope.com\/@pt\/115752606294697696","error":""},"_links":{"self":[{"href":"https:\/\/www.europesays.com\/pt\/wp-json\/wp\/v2\/posts\/196112","targetHints":{"allow":["GET"]}}],"collection":[{"href":"https:\/\/www.europesays.com\/pt\/wp-json\/wp\/v2\/posts"}],"about":[{"href":"https:\/\/www.europesays.com\/pt\/wp-json\/wp\/v2\/types\/post"}],"author":[{"embeddable":true,"href":"https:\/\/www.europesays.com\/pt\/wp-json\/wp\/v2\/users\/2"}],"replies":[{"embeddable":true,"href":"https:\/\/www.europesays.com\/pt\/wp-json\/wp\/v2\/comments?post=196112"}],"version-history":[{"count":0,"href":"https:\/\/www.europesays.com\/pt\/wp-json\/wp\/v2\/posts\/196112\/revisions"}],"wp:featuredmedia":[{"embeddable":true,"href":"https:\/\/www.europesays.com\/pt\/wp-json\/wp\/v2\/media\/196113"}],"wp:attachment":[{"href":"https:\/\/www.europesays.com\/pt\/wp-json\/wp\/v2\/media?parent=196112"}],"wp:term":[{"taxonomy":"category","embeddable":true,"href":"https:\/\/www.europesays.com\/pt\/wp-json\/wp\/v2\/categories?post=196112"},{"taxonomy":"post_tag","embeddable":true,"href":"https:\/\/www.europesays.com\/pt\/wp-json\/wp\/v2\/tags?post=196112"}],"curies":[{"name":"wp","href":"https:\/\/api.w.org\/{rel}","templated":true}]}}