{"id":196120,"date":"2025-12-20T15:39:10","date_gmt":"2025-12-20T15:39:10","guid":{"rendered":"https:\/\/www.europesays.com\/pt\/196120\/"},"modified":"2025-12-20T15:39:10","modified_gmt":"2025-12-20T15:39:10","slug":"li-martins-relembra-compra-da-casa-dos-sonhos-com-jp-mantovani-se-faz-presente","status":"publish","type":"post","link":"https:\/\/www.europesays.com\/pt\/196120\/","title":{"rendered":"Li Martins relembra compra da &#8216;casa dos sonhos&#8217; com JP Mantovani: &#8216;Se faz presente&#8217;"},"content":{"rendered":"<p>A cantora<a href=\"https:\/\/caras.com.br\/tags\/li-marttins\" rel=\"nofollow noopener\" target=\"_blank\"><strong> Li Martins<\/strong><\/a> usou as redes sociais para compartilhar uma lembran\u00e7a de um momento especial vivido ao lado do marido, <a href=\"https:\/\/caras.com.br\/tags\/jp-mantovani\" rel=\"nofollow noopener\" target=\"_blank\">JP Mantovani<\/a>, <a href=\"https:\/\/caras.com.br\/atualidades\/li-marttins-desabafa-sobre-recomeco-dois-meses-apos-a-morte-do-marido.phtml\" rel=\"nofollow noopener\" target=\"_blank\">falecido em setembro deste ano<\/a>. Na noite de sexta-feira, 19, a ex-Rouge relembrou o dia em que o casal <a href=\"https:\/\/caras.com.br\/casa-dos-famosos\/ex-rouge-li-martins-mostra-casa-que-comprou-com-jp-mantovani-saiba-o-que-ela-fara-com-o-imovel.phtml\" rel=\"nofollow noopener\" target=\"_blank\">comprou a \u2018casa dos sonhos\u2019<\/a> que tanto desejavam.<\/p>\n<p>No registro resgatado por Li Martins, ela e JP aparecem em frente ao im\u00f3vel celebrando a aquisi\u00e7\u00e3o da casa. Na legenda, a artista fez um profundo desabafo ao falar sobre sua mudan\u00e7a para a nova resid\u00eancia sem o companheiro.<\/p>\n<p>\u201cAh\u2026 essa foto, esse dia! Foi o dia em que finalmente compramos a nossa casa dos sonhos! Hoje passei o dia inteiro encaixotando a vida, organizando tudo para a mudan\u00e7a que logo acontece. N\u00e3o do jeito que a gente imaginou, mas foi do jeito que a vida aconteceu. Tantas mem\u00f3rias, tantos sonhos\u2026 e uma vontade imensa de que tivesse sido diferente e estiv\u00e9ssemos juntos nesse momento\u201c, iniciou a cantora.<\/p>\n<p>Em seguida, Li Martins ressaltou que, apesar da dor, se sente agradecida por ter vivido tantas coisas boas ao lado de JP Mantovani: \u201cMas ainda assim, sou profundamente grata por cada instante que vivemos juntos e sei que um dia vamos nos reencontrar. Voc\u00ea me d\u00e1 coragem sempre que se faz presente de v\u00e1rias formas\u2026 nos sinais, nas lembran\u00e7as, nas nossas m\u00fasicas\u2026 mas n\u00e3o posso negar: queria seu abra\u00e7o esmagador, sua voz marcante, sua gargalhada preenchendo a casa\u201c, declarou.<\/p>\n<p>Por fim, a cantora refor\u00e7ou que est\u00e1 vivendo a fase do luto e se permitindo seguir em frente aos poucos. \u201cPra quem tamb\u00e9m carrega a saudade de algu\u00e9m que ama: voc\u00ea n\u00e3o est\u00e1 s\u00f3. E para quem n\u00e3o entende, s\u00f3 cabe respeito. Esse \u00e9 um momento, uma fase, tenho certeza de que n\u00e3o ser\u00e1 eterno, mas agora se faz necess\u00e1rio e por isso escolhi ser o mais verdadeira e transparente poss\u00edvel aqui. Seguimos. Um dia de cada vez\u201c, concluiu Li Martins.<\/p>\n<blockquote class=\"instagram-media\" style=\"background: #FFF; border: 0; border-radius: 3px; box-shadow: 0 0 1px 0 rgba(0,0,0,0.5),0 1px 10px 0 rgba(0,0,0,0.15); margin: 1px; max-width: 540px; min-width: 326px; padding: 0; width: calc(100% - 2px);\" data-instgrm-captioned=\"\" data-instgrm-permalink=\"https:\/\/www.instagram.com\/p\/DSds-18FVSh\/?utm_source=ig_embed&amp;utm_campaign=loading\" data-instgrm-version=\"14\"><\/blockquote>\n<p>  O que aconteceu com JP Mantovani? <\/p>\n<p>JP Mantovani, marido da cantora Li Martins, faleceu na madrugada de 21 de setembro de 2025, v\u00edtima de um grave acidente de moto na Marginal Pinheiros, em S\u00e3o Paulo. A fatalidade ocorreu na zona oeste da capital.<\/p>\n<p>No dia seguinte, 22 de setembro, amigos e familiares se reuniram no Cemit\u00e9rio Geths\u00eamani Anhanguera para o vel\u00f3rio e sepultamento. <a href=\"https:\/\/caras.com.br\/atualidades\/ex-integrantes-do-rouge-apoiam-li-marttins-no-velorio-de-jp-mantovani-marido-dela.phtml\" rel=\"nofollow noopener\" target=\"_blank\">O \u00faltimo adeus foi marcado por uma profunda como\u00e7\u00e3o<\/a> e contou com a presen\u00e7a de diversas figuras p\u00fablicas, que compareceram para prestar solidariedade \u00e0 fam\u00edlia e homenagear o modelo e apresentador.<\/p>\n<p>Li Martins e JP Mantovani, que se conheceram durante o reality show A Fazenda, estavam juntos desde 2015. Al\u00e9m da artista, o apresentador tamb\u00e9m deixa <strong>Antonella<\/strong>, \u00fanica filha do casal.<\/p>\n<p><strong>Leia tamb\u00e9m<\/strong>: <a href=\"https:\/\/caras.com.br\/atualidades\/ex-rouge-li-marttins-diz-como-recebeu-a-noticia-da-morte-do-marido-jp-mantovani.phtml\" rel=\"nofollow noopener\" target=\"_blank\">Ex-Rouge Li Marttins diz como recebeu a not\u00edcia da morte do marido, JP Mantovani<\/a><\/p>\n<p> <img loading=\"lazy\" decoding=\"async\" class=\"size-full wp-image-1034357 img-fluid lazy\" alt=\"Li Marttins e JP Mantovani - Foto: Reprodu\u00e7\u00e3o \/ Instagram @limartinsoficial\" width=\"1920\" height=\"1080\" src=\"https:\/\/www.europesays.com\/pt\/wp-content\/uploads\/2025\/12\/li-marttins-jp-mantovani.jpg\"  \/>Li Marttins e JP Mantovani \u2013 Foto: Reprodu\u00e7\u00e3o \/ Instagram @limartinsoficial\t\t\t<\/p>\n<p>        <a href=\"https:\/\/caras.com.br\/autor\/rafaela-oliveira\" rel=\"nofollow noopener\" target=\"_blank\">&#13;<br \/>\n          <img alt=\"Rafaela Oliveira\" src=\"https:\/\/www.europesays.com\/pt\/wp-content\/uploads\/2025\/12\/1766245149_962_49f5322875970d1e29e5ff2c3d4db4418044337871973cc6a09a25acab0e8ff7\"  class=\"avatar avatar-115 photo rounded-circle mr-3\" height=\"115\" width=\"115\" loading=\"lazy\" decoding=\"async\"\/>        <\/a><\/p>\n<p>        <strong>Rafaela Oliveira<\/strong> \u00e9 rep\u00f3rter de conte\u00fado do site CARAS. Formada em jornalismo, j\u00e1 passou por sites como MaisNovela, Portal M\u00e1rcia Piovesan, Purepeople Brasil e Jornal O Dia. Escreve sobre celebridades, TV e reality show. (email: <a href=\"https:\/\/caras.com.br\/cdn-cgi\/l\/email-protection\" class=\"__cf_email__\" data-cfemail=\"8efcece1e2e7f8ebe7fcefd1ede1e2efecceedeffceffda0ede1e3a0ecfc\" rel=\"nofollow noopener\" target=\"_blank\">[email\u00a0protected]<\/a>)<\/p>\n<p>\t                                            <script async src=\"\/\/www.instagram.com\/embed.js\"><\/script><\/p>\n","protected":false},"excerpt":{"rendered":"A cantora Li Martins usou as redes sociais para compartilhar uma lembran\u00e7a de um momento especial vivido ao&hellip;\n","protected":false},"author":2,"featured_media":196121,"comment_status":"","ping_status":"","sticky":false,"template":"","format":"standard","meta":{"footnotes":""},"categories":[145],"tags":[211,210,114,115,20749,21013,39159,32,33],"class_list":{"0":"post-196120","1":"post","2":"type-post","3":"status-publish","4":"format-standard","5":"has-post-thumbnail","7":"category-celebridades","8":"tag-celebridades","9":"tag-celebrities","10":"tag-entertainment","11":"tag-entretenimento","12":"tag-jp-mantovani","13":"tag-li-martins","14":"tag-li-marttins","15":"tag-portugal","16":"tag-pt"},"share_on_mastodon":{"url":"https:\/\/pubeurope.com\/@pt\/115752649925571117","error":""},"_links":{"self":[{"href":"https:\/\/www.europesays.com\/pt\/wp-json\/wp\/v2\/posts\/196120","targetHints":{"allow":["GET"]}}],"collection":[{"href":"https:\/\/www.europesays.com\/pt\/wp-json\/wp\/v2\/posts"}],"about":[{"href":"https:\/\/www.europesays.com\/pt\/wp-json\/wp\/v2\/types\/post"}],"author":[{"embeddable":true,"href":"https:\/\/www.europesays.com\/pt\/wp-json\/wp\/v2\/users\/2"}],"replies":[{"embeddable":true,"href":"https:\/\/www.europesays.com\/pt\/wp-json\/wp\/v2\/comments?post=196120"}],"version-history":[{"count":0,"href":"https:\/\/www.europesays.com\/pt\/wp-json\/wp\/v2\/posts\/196120\/revisions"}],"wp:featuredmedia":[{"embeddable":true,"href":"https:\/\/www.europesays.com\/pt\/wp-json\/wp\/v2\/media\/196121"}],"wp:attachment":[{"href":"https:\/\/www.europesays.com\/pt\/wp-json\/wp\/v2\/media?parent=196120"}],"wp:term":[{"taxonomy":"category","embeddable":true,"href":"https:\/\/www.europesays.com\/pt\/wp-json\/wp\/v2\/categories?post=196120"},{"taxonomy":"post_tag","embeddable":true,"href":"https:\/\/www.europesays.com\/pt\/wp-json\/wp\/v2\/tags?post=196120"}],"curies":[{"name":"wp","href":"https:\/\/api.w.org\/{rel}","templated":true}]}}