{"id":196130,"date":"2025-12-20T15:50:20","date_gmt":"2025-12-20T15:50:20","guid":{"rendered":"https:\/\/www.europesays.com\/pt\/196130\/"},"modified":"2025-12-20T15:50:20","modified_gmt":"2025-12-20T15:50:20","slug":"video-apanha-em-flagrante-a-onda-mais-louca-do-planeta","status":"publish","type":"post","link":"https:\/\/www.europesays.com\/pt\/196130\/","title":{"rendered":"V\u00eddeo apanha em flagrante &#8220;a onda mais louca do planeta&#8221;"},"content":{"rendered":"<p class=\"wp-caption-text top\"><a href=\"https:\/\/youtu.be\/UnnkjzxlNIw\" rel=\"nofollow external noopener noreferrer\" data-wpel-link=\"external\" target=\"_blank\" class=\"ext-link\">Tension Movies<\/a><\/p>\n<p><img decoding=\"async\" loading=\"lazy\" class=\"size-kopa-image-size-3 wp-image-717652\" src=\"https:\/\/www.europesays.com\/pt\/wp-content\/uploads\/2025\/12\/f6882ba04f1f97e338747168b9a09e93-783x450.jpg\" alt=\"\" width=\"700\" height=\"402\"  \/><\/p>\n<p class=\"wp-caption-text bot\">\u201cA onda mais louca do planeta\u201d<\/p>\n<p><strong>Uma grupo de aventureiros australianos captou imagens de um fen\u00f3meno oce\u00e2nico extraordin\u00e1rio: um local onde quatro ondas de 3,7 metros convergem regularmente para uma depress\u00e3o oval, resultando uma explos\u00e3o aqu\u00e1tica.<\/strong><\/p>\n<p>A sequ\u00eancia de v\u00eddeos alucinantes foi captada por <strong>Chris White<\/strong> <strong>e Ben Allen<\/strong>, durante as filmagens de Tension 11, um filme independente de bodyboard lan\u00e7ado no \u00faltimo domingo, no YouTube.<\/p>\n<p>\u201cA primeira vez que vi a onda n\u00e3o estava a filmar, tinha apenas a m\u00e1quina fotogr\u00e1fica. Est\u00e1vamos a explorar as ondas e acab\u00e1mos ali por acaso\u2026 Na altura pensei que fossem apenas duas ondas a bater uma na outra. Em todo o lado onde a publiquei, as pessoas acharam que era falsa, porque parece estar espelhada. E depois explode\u2026 Sempre fiquei curioso: <strong>isto acontece sempre que a ondula\u00e7\u00e3o \u00e9 grande?<\/strong>\u201d questionou White, \u00e0 <a href=\"https:\/\/newatlas.com\/marine\/video-unique-wave-that-shouldnt-exist\/\" data-wpel-link=\"external\" target=\"_blank\" rel=\"nofollow external noopener noreferrer\" class=\"ext-link\">New Atlas<\/a>.<\/p>\n<p><strong>A resposta \u00e9 sim<\/strong>, escreve a mesma revista.<\/p>\n<p>\u201cA onda mais louca do planeta\u201d<\/p>\n<p>White regressou ao local mais ou menos de mem\u00f3ria, \u00e0 margem do novo filme, para o qual a equipa recolheu uma quantidade significativa de imagens deste fen\u00f3meno oce\u00e2nico \u00fanico a acontecer repetidamente.<\/p>\n<p>N\u00e3o se trata de duas ondas a convergir\u2026<\/p>\n<p>A New Atlas descreve-o como <strong>\u201cum fen\u00f3meno que n\u00e3o devia existir\u201d<\/strong> e explica-o: \u201co que se v\u00ea s\u00e3o duas ondas gigantes a colidir com outras duas mais pequenas que recuam da costa, mergulhando simultaneamente numa abertura deixada por for\u00e7as hidrodin\u00e2micas sobre um recife pr\u00f3ximo da superf\u00edcie, fazendo com que um enorme volume de \u00e1gua dispare para o c\u00e9u como se uma carga de profundidade tivesse explodido debaixo das ondas\u201d.<\/p>\n<p>A equipa de Tension n\u00e3o revelou onde viu o fen\u00f3meno, mas admite l\u00e1 voltar: \u201cQuero tanto voltar l\u00e1, mas, ao mesmo tempo, n\u00e3o quero matar algu\u00e9m. \u00c9 assustador pensar no que poderia acontecer\u201d, disse White.<\/p>\n<p>Os dois amigos aventureiros concordam que alguns dos seus c\u00famplices do surf de prancha teriam dificuldade em resistir \u00e0 ideia de se colocarem sobre a depress\u00e3o, \u00e0 espera de serem lan\u00e7ados para o c\u00e9u.<\/p>\n<p>    <a href=\"https:\/\/zap.aeiou.pt\/subscrever-newsletter\" data-wpel-link=\"internal\" rel=\"nofollow noopener\" target=\"_blank\">&#13;<br \/>\n        <img loading=\"lazy\" decoding=\"async\" class=\"aligncenter size-full wp-image-575475\" src=\"https:\/\/www.europesays.com\/pt\/wp-content\/uploads\/2025\/12\/1765389371_545_2d51fe4a0ba54894421ead1809309ed9-1-450x140.jpg\" alt=\"Subscreva a Newsletter ZAP\" width=\"450\" height=\"140\"\/>&#13;<br \/>\n    <\/a><\/p>\n<p>                <a href=\"https:\/\/whatsapp.com\/channel\/0029VaIC4EE2f3EJZPPSbR34\" data-wpel-link=\"external\" target=\"_blank\" rel=\"nofollow external noopener noreferrer\" class=\"ext-link\">&#13;<br \/>\n                    <img loading=\"lazy\" decoding=\"async\" class=\"aligncenter size-full wp-image-575475\" src=\"https:\/\/www.europesays.com\/pt\/wp-content\/uploads\/2025\/12\/1765389371_770_c68c559d956d4ca20f435ed74a6e71e6.png\" alt=\"Siga-nos no WhatsApp\" width=\"175\" height=\"64\"\/>&#13;<br \/>\n                <\/a><\/p>\n<p>                <a href=\"https:\/\/news.google.com\/publications\/CAAiEHRwZondIV71PDjWNoqMduEqFAgKIhB0cGaJ3SFe9Tw41jaKjHbh?hl=en-US&amp;gl=US&amp;ceid=US%3Aen\" data-wpel-link=\"external\" target=\"_blank\" rel=\"nofollow external noopener noreferrer\" class=\"ext-link\">&#13;<br \/>\n                    <img loading=\"lazy\" decoding=\"async\" class=\"aligncenter size-full wp-image-575475\" src=\"https:\/\/www.europesays.com\/pt\/wp-content\/uploads\/2025\/12\/1765389372_556_5123dd8b087b644fdb8f8603acd1bad4.png\" alt=\"Siga-nos no Google News\" width=\"176\" height=\"64\"\/>&#13;<br \/>\n                <\/a><\/p>\n","protected":false},"excerpt":{"rendered":"Tension Movies \u201cA onda mais louca do planeta\u201d Uma grupo de aventureiros australianos captou imagens de um fen\u00f3meno&hellip;\n","protected":false},"author":2,"featured_media":196131,"comment_status":"","ping_status":"","sticky":false,"template":"","format":"standard","meta":{"footnotes":""},"categories":[50],"tags":[1467,2337,27,28,15,16,14,25,26,21,22,606,62,12,13,19,20,9110,23,24,17,18,29,30,31,63,64,65],"class_list":{"0":"post-196130","1":"post","2":"type-post","3":"status-publish","4":"format-standard","5":"has-post-thumbnail","7":"category-mundo","8":"tag-agua","9":"tag-australia","10":"tag-breaking-news","11":"tag-breakingnews","12":"tag-featured-news","13":"tag-featurednews","14":"tag-headlines","15":"tag-latest-news","16":"tag-latestnews","17":"tag-main-news","18":"tag-mainnews","19":"tag-meteorologia","20":"tag-mundo","21":"tag-news","22":"tag-noticias","23":"tag-noticias-principais","24":"tag-noticiasprincipais","25":"tag-oceanografia","26":"tag-principais-noticias","27":"tag-principaisnoticias","28":"tag-top-stories","29":"tag-topstories","30":"tag-ultimas","31":"tag-ultimas-noticias","32":"tag-ultimasnoticias","33":"tag-world","34":"tag-world-news","35":"tag-worldnews"},"share_on_mastodon":{"url":"https:\/\/pubeurope.com\/@pt\/115752692986678941","error":""},"_links":{"self":[{"href":"https:\/\/www.europesays.com\/pt\/wp-json\/wp\/v2\/posts\/196130","targetHints":{"allow":["GET"]}}],"collection":[{"href":"https:\/\/www.europesays.com\/pt\/wp-json\/wp\/v2\/posts"}],"about":[{"href":"https:\/\/www.europesays.com\/pt\/wp-json\/wp\/v2\/types\/post"}],"author":[{"embeddable":true,"href":"https:\/\/www.europesays.com\/pt\/wp-json\/wp\/v2\/users\/2"}],"replies":[{"embeddable":true,"href":"https:\/\/www.europesays.com\/pt\/wp-json\/wp\/v2\/comments?post=196130"}],"version-history":[{"count":0,"href":"https:\/\/www.europesays.com\/pt\/wp-json\/wp\/v2\/posts\/196130\/revisions"}],"wp:featuredmedia":[{"embeddable":true,"href":"https:\/\/www.europesays.com\/pt\/wp-json\/wp\/v2\/media\/196131"}],"wp:attachment":[{"href":"https:\/\/www.europesays.com\/pt\/wp-json\/wp\/v2\/media?parent=196130"}],"wp:term":[{"taxonomy":"category","embeddable":true,"href":"https:\/\/www.europesays.com\/pt\/wp-json\/wp\/v2\/categories?post=196130"},{"taxonomy":"post_tag","embeddable":true,"href":"https:\/\/www.europesays.com\/pt\/wp-json\/wp\/v2\/tags?post=196130"}],"curies":[{"name":"wp","href":"https:\/\/api.w.org\/{rel}","templated":true}]}}