{"id":196219,"date":"2025-12-20T17:38:10","date_gmt":"2025-12-20T17:38:10","guid":{"rendered":"https:\/\/www.europesays.com\/pt\/196219\/"},"modified":"2025-12-20T17:38:10","modified_gmt":"2025-12-20T17:38:10","slug":"mercado-fc-porto-o-ponto-de-situacao-do-dossie-thiago-silva","status":"publish","type":"post","link":"https:\/\/www.europesays.com\/pt\/196219\/","title":{"rendered":"Mercado FC Porto: o ponto de situa\u00e7\u00e3o do dossi\u00ea Thiago Silva"},"content":{"rendered":"<p>Livre de contrato ap\u00f3s ter rescindido com o <a class=\"autolink-enabled\" data-resource-id=\"179\" data-resource-type=\"team\" data-sport=\"football\" href=\"https:\/\/www.abola.pt\/futebol\/fluminense-179\" rel=\"nofollow noopener\" target=\"_blank\">Fluminense<\/a>, <a class=\"autolink-enabled\" data-resource-id=\"5796\" data-resource-type=\"player\" data-sport=\"football\" href=\"https:\/\/www.abola.pt\/futebol\/jogador\/thiago-silva-5796\" rel=\"nofollow noopener\" target=\"_blank\">Thiago Silva<\/a> \u00e9, efetivamente, alvo do <a class=\"autolink-enabled\" data-resource-id=\"451\" data-resource-type=\"team\" data-sport=\"football\" href=\"https:\/\/www.abola.pt\/futebol\/fc-porto-451\" rel=\"nofollow noopener\" target=\"_blank\">FC Porto<\/a>, conforme adiantou o jornalista italiano Nicol\u00f2 Schira, este s\u00e1bado.<\/p>\n<p>Os drag\u00f5es, no mercado em busca de um central, identificaram o experiente internacional brasileiro como a pe\u00e7a para completar o eixo defensivo, que ficou desfalcado ap\u00f3s a grave les\u00e3o sofrida por <a target=\"_blank\" class=\"editor-link autolink-enabled\" href=\"https:\/\/www.abola.pt\/futebol\/jogador\/nehuen-perez-187377\" data-resource-id=\"187377\" data-resource-type=\"player\" data-sport=\"football\" rel=\"nofollow noopener\">Nehu\u00e9n P\u00e9rez<\/a> em setembro. De acordo com informa\u00e7\u00f5es recolhidas por <strong>A BOLA<\/strong>, o ex-Flu n\u00e3o \u00e9 o \u00fanico nome que a SAD portista tem na agenda para o setor, mas, atendendo \u00e0 situa\u00e7\u00e3o do jogador no mercado \u2014 chegaria a custo zero \u2014, torna-se uma via apetec\u00edvel.<\/p>\n<p>A juntar a isto, <a target=\"_blank\" class=\"editor-link autolink-enabled\" href=\"https:\/\/www.abola.pt\/futebol\/jogador\/thiago-silva-5796\" data-resource-id=\"5796\" data-resource-type=\"player\" data-sport=\"football\" rel=\"nofollow noopener\">Thiago Silva<\/a> encaixa no perfil pretendido pelos azuis e brancos: um central rodado, com experi\u00eancia em contexto europeu e de olhos no <a target=\"_blank\" class=\"editor-link autolink-enabled\" href=\"https:\/\/www.abola.pt\/futebol\/competicao\/mundial-30\" data-resource-id=\"30\" data-resource-type=\"competition\" data-sport=\"football\" rel=\"nofollow noopener\">Mundial-2026<\/a>. Apesar de n\u00e3o atuar pela sele\u00e7\u00e3o do Brasil desde dezembro de 2022, o defesa alimenta a esperan\u00e7a de estar presente na maior prova do futebol \u00e0 escala global, no pr\u00f3ximo ano.<\/p>\n<p>Nesse sentido, h\u00e1 conversas em marcha entre as partes, assim como uma postura cautelosa dos dois lados, com o FC Porto preparado para qualquer eventualidade.<\/p>\n<p>Nas \u00faltimas semanas, <a class=\"autolink-enabled\" data-resource-id=\"5796\" data-resource-type=\"player\" data-sport=\"football\" href=\"https:\/\/www.abola.pt\/futebol\/jogador\/thiago-silva-5796\" rel=\"nofollow noopener\" target=\"_blank\">Thiago Silva<\/a>, de 41 anos, foi colocado na rota de um poss\u00edvel regresso ao <a class=\"autolink-enabled\" data-resource-id=\"245\" data-resource-type=\"team\" data-sport=\"football\" href=\"https:\/\/www.abola.pt\/futebol\/milan-245\" rel=\"nofollow noopener\" target=\"_blank\">Milan<\/a>, que representou durante tr\u00eas temporadas. No entanto, o clube rossonero apenas ter\u00e1 mostrado disponibilidade para avan\u00e7ar com um contrato v\u00e1lido at\u00e9 ao final da presente \u00e9poca, com o central a privilegiar uma liga\u00e7\u00e3o que tenha op\u00e7\u00e3o de renova\u00e7\u00e3o.<\/p>\n<p>Se o dossi\u00ea avan\u00e7ar e <a class=\"autolink-enabled\" data-resource-id=\"5796\" data-resource-type=\"player\" data-sport=\"football\" href=\"https:\/\/www.abola.pt\/futebol\/jogador\/thiago-silva-5796\" rel=\"nofollow noopener\" target=\"_blank\">Thiago Silva<\/a> acabar mesmo por refor\u00e7ar o <a class=\"autolink-enabled\" data-resource-id=\"451\" data-resource-type=\"team\" data-sport=\"football\" href=\"https:\/\/www.abola.pt\/futebol\/fc-porto-451\" rel=\"nofollow noopener\" target=\"_blank\">FC Porto<\/a>, o canarinho vai encontrar a competi\u00e7\u00e3o interna de uma dupla s\u00f3lida, formada por <a class=\"autolink-enabled\" data-resource-id=\"68459\" data-resource-type=\"player\" data-sport=\"football\" href=\"https:\/\/www.abola.pt\/futebol\/jogador\/jan-bednarek-68459\" rel=\"nofollow noopener\" target=\"_blank\">Bednarek<\/a> e <a class=\"autolink-enabled\" data-resource-id=\"204106\" data-resource-type=\"player\" data-sport=\"football\" href=\"https:\/\/www.abola.pt\/futebol\/jogador\/jakub-kiwior-204106\" rel=\"nofollow noopener\" target=\"_blank\">Kiwior<\/a>. Antes do jogo com o <a class=\"autolink-enabled\" data-resource-id=\"2614\" data-resource-type=\"team\" data-sport=\"football\" href=\"https:\/\/www.abola.pt\/futebol\/famalicao-2614\" rel=\"nofollow noopener\" target=\"_blank\">Famalic\u00e3o<\/a>, ali\u00e1s, Francesco Farioli deixou um &#8216;recado&#8217; aos potenciais refor\u00e7os de janeiro. \u00abQuem vier, tem de vir com\u00a0tr\u00eas\u00a0coisas: a mentalidade certa,\u00a0o desejo de ajudar e colocar o interesse do clube acima\u00a0do pessoal. Se tudo se conjugar, teremos as caracter\u00edsticas ideais para ajudar o clube\u00bb, afirmou o t\u00e9cnico italiano.<\/p>\n","protected":false},"excerpt":{"rendered":"Livre de contrato ap\u00f3s ter rescindido com o Fluminense, Thiago Silva \u00e9, efetivamente, alvo do FC Porto, conforme&hellip;\n","protected":false},"author":2,"featured_media":196220,"comment_status":"","ping_status":"","sticky":false,"template":"","format":"standard","meta":{"footnotes":""},"categories":[8],"tags":[27,28,15,16,14,25,26,21,22,12,13,19,20,32,23,24,33,17,18,29,30,31],"class_list":{"0":"post-196219","1":"post","2":"type-post","3":"status-publish","4":"format-standard","5":"has-post-thumbnail","7":"category-principais-noticias","8":"tag-breaking-news","9":"tag-breakingnews","10":"tag-featured-news","11":"tag-featurednews","12":"tag-headlines","13":"tag-latest-news","14":"tag-latestnews","15":"tag-main-news","16":"tag-mainnews","17":"tag-news","18":"tag-noticias","19":"tag-noticias-principais","20":"tag-noticiasprincipais","21":"tag-portugal","22":"tag-principais-noticias","23":"tag-principaisnoticias","24":"tag-pt","25":"tag-top-stories","26":"tag-topstories","27":"tag-ultimas","28":"tag-ultimas-noticias","29":"tag-ultimasnoticias"},"share_on_mastodon":{"url":"https:\/\/pubeurope.com\/@pt\/115753117610953726","error":""},"_links":{"self":[{"href":"https:\/\/www.europesays.com\/pt\/wp-json\/wp\/v2\/posts\/196219","targetHints":{"allow":["GET"]}}],"collection":[{"href":"https:\/\/www.europesays.com\/pt\/wp-json\/wp\/v2\/posts"}],"about":[{"href":"https:\/\/www.europesays.com\/pt\/wp-json\/wp\/v2\/types\/post"}],"author":[{"embeddable":true,"href":"https:\/\/www.europesays.com\/pt\/wp-json\/wp\/v2\/users\/2"}],"replies":[{"embeddable":true,"href":"https:\/\/www.europesays.com\/pt\/wp-json\/wp\/v2\/comments?post=196219"}],"version-history":[{"count":0,"href":"https:\/\/www.europesays.com\/pt\/wp-json\/wp\/v2\/posts\/196219\/revisions"}],"wp:featuredmedia":[{"embeddable":true,"href":"https:\/\/www.europesays.com\/pt\/wp-json\/wp\/v2\/media\/196220"}],"wp:attachment":[{"href":"https:\/\/www.europesays.com\/pt\/wp-json\/wp\/v2\/media?parent=196219"}],"wp:term":[{"taxonomy":"category","embeddable":true,"href":"https:\/\/www.europesays.com\/pt\/wp-json\/wp\/v2\/categories?post=196219"},{"taxonomy":"post_tag","embeddable":true,"href":"https:\/\/www.europesays.com\/pt\/wp-json\/wp\/v2\/tags?post=196219"}],"curies":[{"name":"wp","href":"https:\/\/api.w.org\/{rel}","templated":true}]}}