{"id":196269,"date":"2025-12-20T18:23:21","date_gmt":"2025-12-20T18:23:21","guid":{"rendered":"https:\/\/www.europesays.com\/pt\/196269\/"},"modified":"2025-12-20T18:23:21","modified_gmt":"2025-12-20T18:23:21","slug":"queda-de-neve-seis-distritos-em-portugal-em-aviso-laranja-e-quatro-em-amarelo","status":"publish","type":"post","link":"https:\/\/www.europesays.com\/pt\/196269\/","title":{"rendered":"Queda de neve: seis distritos em Portugal em aviso laranja e quatro em amarelo"},"content":{"rendered":"<p class=\"category\"><a href=\"https:\/\/sicnoticias.pt\/meteorologia\" rel=\"nofollow noopener\" target=\"_blank\">Meteorologia<\/a><\/p>\n<p>O Instituto Portugu\u00eas do Mar e da Atmosfera colocou dez distritos de Portugal Continental sob avisos meteorol\u00f3gicos devido \u00e0 queda de neve prevista at\u00e9 domingo.\u00a0Uma massa de ar polar mar\u00edtima provoca descida das temperaturas e queda de neve.<\/p>\n<p><img decoding=\"async\" src=\"https:\/\/www.europesays.com\/pt\/wp-content\/uploads\/2025\/12\/1766255001_685_original.webp\" alt=\"Queda de neve: seis distritos em Portugal em aviso laranja e quatro em amarelo\"\/><\/p>\n<p>Octavio Passos<\/p>\n<p><strong>Seis distritos de Portugal Continental est\u00e3o este s\u00e1bado em aviso laranja e quatro em aviso amarelo para a queda de neve at\u00e9 domingo de manh\u00e3, podendo condicionar e interditar estradas, informou o<\/strong><a href=\"https:\/\/www.ipma.pt\/pt\/otempo\/comunicados\/index.jsp\" target=\"_blank\" rel=\"noopener noreferrer nofollow\"><strong> Instituto Portugu\u00eas do Mar e da Atmosfera<\/strong><\/a><strong> (IPMA).<\/strong><\/p>\n<p>Os distritos de Guarda, Castelo Branco, Vila Real, Viana do Castelo, Braga e Viseu est\u00e3o em aviso laranja, o segundo aviso mais grave na escala do IPMA, hoje e domingo.<\/p>\n<p>A <a href=\"https:\/\/sicnoticias.pt\/meteorologia\" target=\"_blank\" rel=\"noopener noreferrer nofollow\">previs\u00e3o <\/a>para a Guarda e Castelo Branco \u00e9 v\u00e1lida para o per\u00edodo entre as 15:00 e as 09:00 de domingo. Para Vila Real, Viana do Castelo e Braga, aplica-se para a banda hor\u00e1ria das 18:00 de hoje \u00e0s 09:00 seguintes. Para Viseu, refere-se ao per\u00edodo entre as 21:00 de hoje e as 09:00 de domingo.<\/p>\n<p>O aviso amarelo, o terceiro mais alto na escala do IPMA, abrange os distritos do Porto, Bragan\u00e7a, Aveiro e Coimbra.<\/p>\n<p>Para Porto e Bragan\u00e7a, a previs\u00e3o diz respeito ao per\u00edodo das 18:00: de hoje \u00e0s 09:00 de domingo. Para Aveiro e Coimbra, das 21:00 de hoje e as 09:00 de domingo.<\/p>\n<p>Para todos estes distritos, quer os de aviso laranja, quer os de aviso amarelo, o IPMA refere que a<a href=\"https:\/\/sicnoticias.pt\/meteorologia\/2025-12-18-fim-de-semana-gelado-massa-de-ar-polar-traz-temperaturas-abaixo-de-zero-43e7b281?utm_source=sicnot&amp;utm_medium=category&amp;utm_campaign=WEB&amp;utm_content=\/meteorologia\/2025-12-18-fim-de-semana-gelado-massa-de-ar-polar-traz-temperaturas-abaixo-de-zero-43e7b281\" target=\"_blank\" rel=\"noopener noreferrer nofollow\"> queda de neve <\/a>com acumula\u00e7\u00e3o e poss\u00edvel forma\u00e7\u00e3o de gelo pode causar perturba\u00e7\u00f5es, como por exemplo &#8220;vias condicionadas ou interditas, danos em estruturas ou \u00e1rvores, abastecimentos locais prejudicados&#8221;, segundo um comunicado do instituto meteorol\u00f3gico.<\/p>\n<p>Para segunda-feira, 22 de dezembro, o IPMA emitiu aviso amarelo para a queda de neve em seis distritos &#8212; Braga, Bragan\u00e7a, Vila Real e Viana do Castelo (entre as 06:00 e as 12:00), e Guarda e Castelo Branco (entre as 12:00 e as 18:00).<\/p>\n<p>O inverno come\u00e7a no domingo, com previs\u00e3o de chuva, queda de neve e temperaturas m\u00e1ximas a variar entre os 4 e os 14 graus Celsius, segundo o IPMA.<\/p>\n<p>Massa de ar polar mar\u00edtima provoca descida das temperaturas<\/p>\n<p>Portugal continental ser\u00e1 afetado neste fim de semana por uma massa de ar polar mar\u00edtima que provocar\u00e1 a queda de neve a cotas mais baixas e temperaturas pr\u00f3ximas ou inferiores a 0 graus no interior Norte e Centro.<\/p>\n<blockquote><p>&#8220;Haver\u00e1 condi\u00e7\u00f5es favor\u00e1veis \u00e0 forma\u00e7\u00e3o de gelo nas estradas das regi\u00f5es mais elevadas do Norte e Centro&#8221;, refere o IPMA num comunicado publicado no seu &#8216;site&#8217;.<\/p><\/blockquote>\n<p>O instituto meteorol\u00f3gico prev\u00ea precipita\u00e7\u00e3o sob a forma de neve &#8220;acima dos 1400\/1600 metros de altitude, prevendo-se uma descida acentuada da cota a partir do final da tarde de s\u00e1bado, dia 20, para os 800\/1000 metros&#8221;.<\/p>\n<p>No domingo, &#8220;a cota manter-se-\u00e1 baixa, podendo descer pontualmente aos 600 metros&#8221; e a acumula\u00e7\u00e3o de neve &#8220;pode atingir valores entre 5 e 15 cent\u00edmetros em v\u00e1rias serras das regi\u00f5es Norte e Centro, podendo superar os 20 a 30 cent\u00edmetros nos pontos mais elevados das serras, por exemplo da Serra da Estrela, Ger\u00eas, Larouco, Alv\u00e3o\/Mar\u00e3o e Montemuro&#8221;.<\/p>\n","protected":false},"excerpt":{"rendered":"Meteorologia O Instituto Portugu\u00eas do Mar e da Atmosfera colocou dez distritos de Portugal Continental sob avisos meteorol\u00f3gicos&hellip;\n","protected":false},"author":2,"featured_media":196270,"comment_status":"","ping_status":"","sticky":false,"template":"","format":"standard","meta":{"footnotes":""},"categories":[8],"tags":[27,28,15,16,14,25,26,21,22,12,13,19,20,32,23,24,33,17,18,29,30,31],"class_list":{"0":"post-196269","1":"post","2":"type-post","3":"status-publish","4":"format-standard","5":"has-post-thumbnail","7":"category-principais-noticias","8":"tag-breaking-news","9":"tag-breakingnews","10":"tag-featured-news","11":"tag-featurednews","12":"tag-headlines","13":"tag-latest-news","14":"tag-latestnews","15":"tag-main-news","16":"tag-mainnews","17":"tag-news","18":"tag-noticias","19":"tag-noticias-principais","20":"tag-noticiasprincipais","21":"tag-portugal","22":"tag-principais-noticias","23":"tag-principaisnoticias","24":"tag-pt","25":"tag-top-stories","26":"tag-topstories","27":"tag-ultimas","28":"tag-ultimas-noticias","29":"tag-ultimasnoticias"},"share_on_mastodon":{"url":"https:\/\/pubeurope.com\/@pt\/115753295285746074","error":""},"_links":{"self":[{"href":"https:\/\/www.europesays.com\/pt\/wp-json\/wp\/v2\/posts\/196269","targetHints":{"allow":["GET"]}}],"collection":[{"href":"https:\/\/www.europesays.com\/pt\/wp-json\/wp\/v2\/posts"}],"about":[{"href":"https:\/\/www.europesays.com\/pt\/wp-json\/wp\/v2\/types\/post"}],"author":[{"embeddable":true,"href":"https:\/\/www.europesays.com\/pt\/wp-json\/wp\/v2\/users\/2"}],"replies":[{"embeddable":true,"href":"https:\/\/www.europesays.com\/pt\/wp-json\/wp\/v2\/comments?post=196269"}],"version-history":[{"count":0,"href":"https:\/\/www.europesays.com\/pt\/wp-json\/wp\/v2\/posts\/196269\/revisions"}],"wp:featuredmedia":[{"embeddable":true,"href":"https:\/\/www.europesays.com\/pt\/wp-json\/wp\/v2\/media\/196270"}],"wp:attachment":[{"href":"https:\/\/www.europesays.com\/pt\/wp-json\/wp\/v2\/media?parent=196269"}],"wp:term":[{"taxonomy":"category","embeddable":true,"href":"https:\/\/www.europesays.com\/pt\/wp-json\/wp\/v2\/categories?post=196269"},{"taxonomy":"post_tag","embeddable":true,"href":"https:\/\/www.europesays.com\/pt\/wp-json\/wp\/v2\/tags?post=196269"}],"curies":[{"name":"wp","href":"https:\/\/api.w.org\/{rel}","templated":true}]}}