{"id":196413,"date":"2025-12-20T20:46:21","date_gmt":"2025-12-20T20:46:21","guid":{"rendered":"https:\/\/www.europesays.com\/pt\/196413\/"},"modified":"2025-12-20T20:46:21","modified_gmt":"2025-12-20T20:46:21","slug":"menina-raptada-pela-mae-em-1983-encontrada-viva-42-anos-depois","status":"publish","type":"post","link":"https:\/\/www.europesays.com\/pt\/196413\/","title":{"rendered":"Menina raptada pela m\u00e3e em 1983 encontrada viva, 42 anos depois"},"content":{"rendered":"<p class=\"wp-caption-text top\">NCMEC \/ Facebook<\/p>\n<p><img decoding=\"async\" loading=\"lazy\" class=\"size-kopa-image-size-3 wp-image-717960\" src=\"https:\/\/www.europesays.com\/pt\/wp-content\/uploads\/2025\/12\/1766263578_149_eccbc87e4b5ce2fe28308fd9f2a7baf3-783x450.jpg\" alt=\"\" width=\"700\" height=\"402\"  \/><\/p>\n<p class=\"wp-caption-text bot\">Michelle foi dada como desaparecida em 1983, quando tinha 3 anos. \u00c0 direita, imagem gerada pelo National Center for Missing and Exploited Children mostra como Michelle seria atualmente<\/p>\n<p><strong>Michelle Newton descobriu aos 46 anos que viveu d\u00e9cadas com outra identidade. Pai procurou-a durante anos.<br \/><\/strong><\/p>\n<p>Uma mulher de 46 anos, criada sob um nome diferente, descobriu no final de novembro que se chama, afinal, <strong>Michelle Marie Newton.<\/strong><\/p>\n<p>Michelle desapareceu em 1983 e foi procurada durante d\u00e9cadas pela fam\u00edlia e por autoridades em todo o pa\u00eds, incluindo o FBI. Nunca soube que tinha sido raptada em crian\u00e7a, at\u00e9 ao dia em que agentes da pol\u00edcia bateram \u00e0 sua porta e lhe disseram muito diretamente: <strong>\u201cvoc\u00ea n\u00e3o \u00e9 quem pensa ser\u201d.<\/strong><\/p>\n<p>A revela\u00e7\u00e3o foi feita pela pr\u00f3pria \u00e0 esta\u00e7\u00e3o WLKY de Louisville, Kentucky. Segundo as autoridades lhe contaram, Michelle ter\u00e1 sido <strong>levada pela m\u00e3e<\/strong>, Debra Newton, quando tinha apenas tr\u00eas anos, e nunca mais foi vista pelo pai, Joe Newton, que a procurou durante d\u00e9cadas.<\/p>\n<p>O reencontro entre pai e filha s\u00f3 aconteceu porque Debra, a m\u00e3e, hoje com 66 anos, foi <strong>detida<\/strong>, a 24 de novembro em The Villages, na Florida. De acordo com um mandado de deten\u00e7\u00e3o do gabinete do xerife do condado de Marion, a que a revista <a href=\"https:\/\/people.com\/abducted-1983-michelle-newton-inside-moment-police-found-her-11872295\" data-wpel-link=\"external\" target=\"_blank\" rel=\"nofollow external noopener noreferrer\" class=\"ext-link\">People<\/a> teve acesso, Debra foi acusada de <strong>interfer\u00eancia na cust\u00f3dia<\/strong>. Ter\u00e1 refeito a vida, voltado a casar e passado a usar outro nome: Sharon Nealy.<\/p>\n<p>A deten\u00e7\u00e3o s\u00f3 foi poss\u00edvel devido a uma pista gerada por uma notifica\u00e7\u00e3o do Crime Stoppers sobre o caso, quando uma pessoa ter\u00e1 reconhecido Debra. A investiga\u00e7\u00e3o recua a 2 de abril de 1983: nesse dia, Debra e a filha deixaram Louisville. Ter\u00e1 dito ao ent\u00e3o marido, Joe Newton, que se deslocavam para a Ge\u00f3rgia devido a um novo emprego. Mas a dupla nunca regressou nem voltou a ser localizada. Uma busca nacional arrancou.<\/p>\n<p>Em determinado momento, Debra chegou a figurar entre os <strong>fugitivos mais procurados pelo FBI<\/strong> em casos de rapto parental. Apesar do esfor\u00e7o prolongado, o processo acabou por sofrer reveses e em 2000, o caso foi arquivado depois de os procuradores n\u00e3o conseguirem contactar o pai.<\/p>\n<p>Em 2005, Michelle foi retirada das bases nacionais de crian\u00e7as desaparecidas, de acordo com o gabinete do xerife do condado de Jefferson. Em 2016, um familiar pediu a reabertura do caso, mas as autoridades continuaram sem conseguir localizar Michelle.<\/p>\n<p>A visibilidade voltou a aumentar em 2024, quando o National Center for Missing &amp; Exploited Children (NCMEC) divulgou uma <strong>imagem de progress\u00e3o et\u00e1ria<\/strong> \u2014 uma estimativa de como Michelle poderia aparentar aos 45 anos \u2014 para refor\u00e7ar os apelos p\u00fablicos. O avan\u00e7o chegaria no ano seguinte, com a identifica\u00e7\u00e3o de Debra na Florida, que levou \u00e0 deten\u00e7\u00e3o e, por consequ\u00eancia, \u00e0 confirma\u00e7\u00e3o da verdadeira identidade da filha.<\/p>\n<p>\u201cN\u00e3o trocava aquele momento por nada\u201d, disse Joe \u00e0 WLKY, citado pela People. \u201cFoi como v\u00ea-la quando nasceu\u201d.<\/p>\n<p>Debra foi presente a tribunal em Louisville e libertada ap\u00f3s um familiar pagar a cau\u00e7\u00e3o, segundo a CNN.<\/p>\n<p>    <a href=\"https:\/\/zap.aeiou.pt\/subscrever-newsletter\" data-wpel-link=\"internal\" rel=\"nofollow noopener\" target=\"_blank\">&#13;<br \/>\n        <img loading=\"lazy\" decoding=\"async\" class=\"aligncenter size-full wp-image-575475\" src=\"https:\/\/www.europesays.com\/pt\/wp-content\/uploads\/2025\/12\/1765389371_545_2d51fe4a0ba54894421ead1809309ed9-1-450x140.jpg\" alt=\"Subscreva a Newsletter ZAP\" width=\"450\" height=\"140\"\/>&#13;<br \/>\n    <\/a><\/p>\n<p>                <a href=\"https:\/\/whatsapp.com\/channel\/0029VaIC4EE2f3EJZPPSbR34\" data-wpel-link=\"external\" target=\"_blank\" rel=\"nofollow external noopener noreferrer\" class=\"ext-link\">&#13;<br \/>\n                    <img loading=\"lazy\" decoding=\"async\" class=\"aligncenter size-full wp-image-575475\" src=\"https:\/\/www.europesays.com\/pt\/wp-content\/uploads\/2025\/12\/1765389371_770_c68c559d956d4ca20f435ed74a6e71e6.png\" alt=\"Siga-nos no WhatsApp\" width=\"175\" height=\"64\"\/>&#13;<br \/>\n                <\/a><\/p>\n<p>                <a href=\"https:\/\/news.google.com\/publications\/CAAiEHRwZondIV71PDjWNoqMduEqFAgKIhB0cGaJ3SFe9Tw41jaKjHbh?hl=en-US&amp;gl=US&amp;ceid=US%3Aen\" data-wpel-link=\"external\" target=\"_blank\" rel=\"nofollow external noopener noreferrer\" class=\"ext-link\">&#13;<br \/>\n                    <img loading=\"lazy\" decoding=\"async\" class=\"aligncenter size-full wp-image-575475\" src=\"https:\/\/www.europesays.com\/pt\/wp-content\/uploads\/2025\/12\/1765389372_556_5123dd8b087b644fdb8f8603acd1bad4.png\" alt=\"Siga-nos no Google News\" width=\"176\" height=\"64\"\/>&#13;<br \/>\n                <\/a><\/p>\n","protected":false},"excerpt":{"rendered":"NCMEC \/ Facebook Michelle foi dada como desaparecida em 1983, quando tinha 3 anos. \u00c0 direita, imagem gerada&hellip;\n","protected":false},"author":2,"featured_media":196414,"comment_status":"","ping_status":"","sticky":false,"template":"","format":"standard","meta":{"footnotes":""},"categories":[50],"tags":[27,28,838,604,413,7442,15,16,1622,14,603,25,26,21,22,62,12,13,19,20,9077,23,24,12254,58,17,18,29,30,31,63,64,65],"class_list":{"0":"post-196413","1":"post","2":"type-post","3":"status-publish","4":"format-standard","5":"has-post-thumbnail","7":"category-mundo","8":"tag-breaking-news","9":"tag-breakingnews","10":"tag-criancas","11":"tag-crime","12":"tag-eua","13":"tag-fbi","14":"tag-featured-news","15":"tag-featurednews","16":"tag-florida","17":"tag-headlines","18":"tag-justica","19":"tag-latest-news","20":"tag-latestnews","21":"tag-main-news","22":"tag-mainnews","23":"tag-mundo","24":"tag-news","25":"tag-noticias","26":"tag-noticias-principais","27":"tag-noticiasprincipais","28":"tag-parentalidade","29":"tag-principais-noticias","30":"tag-principaisnoticias","31":"tag-rapto","32":"tag-sociedade","33":"tag-top-stories","34":"tag-topstories","35":"tag-ultimas","36":"tag-ultimas-noticias","37":"tag-ultimasnoticias","38":"tag-world","39":"tag-world-news","40":"tag-worldnews"},"share_on_mastodon":{"url":"https:\/\/pubeurope.com\/@pt\/115753857730348705","error":""},"_links":{"self":[{"href":"https:\/\/www.europesays.com\/pt\/wp-json\/wp\/v2\/posts\/196413","targetHints":{"allow":["GET"]}}],"collection":[{"href":"https:\/\/www.europesays.com\/pt\/wp-json\/wp\/v2\/posts"}],"about":[{"href":"https:\/\/www.europesays.com\/pt\/wp-json\/wp\/v2\/types\/post"}],"author":[{"embeddable":true,"href":"https:\/\/www.europesays.com\/pt\/wp-json\/wp\/v2\/users\/2"}],"replies":[{"embeddable":true,"href":"https:\/\/www.europesays.com\/pt\/wp-json\/wp\/v2\/comments?post=196413"}],"version-history":[{"count":0,"href":"https:\/\/www.europesays.com\/pt\/wp-json\/wp\/v2\/posts\/196413\/revisions"}],"wp:featuredmedia":[{"embeddable":true,"href":"https:\/\/www.europesays.com\/pt\/wp-json\/wp\/v2\/media\/196414"}],"wp:attachment":[{"href":"https:\/\/www.europesays.com\/pt\/wp-json\/wp\/v2\/media?parent=196413"}],"wp:term":[{"taxonomy":"category","embeddable":true,"href":"https:\/\/www.europesays.com\/pt\/wp-json\/wp\/v2\/categories?post=196413"},{"taxonomy":"post_tag","embeddable":true,"href":"https:\/\/www.europesays.com\/pt\/wp-json\/wp\/v2\/tags?post=196413"}],"curies":[{"name":"wp","href":"https:\/\/api.w.org\/{rel}","templated":true}]}}