{"id":196417,"date":"2025-12-20T20:48:13","date_gmt":"2025-12-20T20:48:13","guid":{"rendered":"https:\/\/www.europesays.com\/pt\/196417\/"},"modified":"2025-12-20T20:48:13","modified_gmt":"2025-12-20T20:48:13","slug":"goleador-do-rio-ave-falha-jogo-com-o-sporting-por-motivo-pouco-habitual","status":"publish","type":"post","link":"https:\/\/www.europesays.com\/pt\/196417\/","title":{"rendered":"Goleador do Rio Ave falha jogo com o Sporting por motivo pouco habitual"},"content":{"rendered":"<p><a class=\"autolink-enabled\" data-resource-id=\"246741\" data-resource-type=\"player\" data-sport=\"football\" href=\"https:\/\/www.abola.pt\/futebol\/jogador\/clayton-246741\" rel=\"nofollow noopener\" target=\"_blank\">Clayton<\/a>, o goleador de servi\u00e7o do <a class=\"autolink-enabled\" data-resource-id=\"442\" data-resource-type=\"team\" data-sport=\"football\" href=\"https:\/\/www.abola.pt\/futebol\/rio-ave-442\" rel=\"nofollow noopener\" target=\"_blank\">Rio Ave<\/a>, vai ser baixa de peso na desloca\u00e7\u00e3o da equipa de Vila do Conde a Alvalade, no pr\u00f3ximo dia 28, no pen\u00faltimo jogo da primeira volta da <a class=\"autolink-enabled\" data-resource-id=\"13\" data-resource-type=\"competition\" data-sport=\"football\" href=\"https:\/\/www.abola.pt\/futebol\/competicao\/liga-portugal-betclic-13\" rel=\"nofollow noopener\" target=\"_blank\">Liga<\/a>. Tudo porque o brasileiro, que esta temporada tem 10 golos em 15 jogos na <a class=\"autolink-enabled\" data-resource-id=\"13\" data-resource-type=\"competition\" data-sport=\"football\" href=\"https:\/\/www.abola.pt\/futebol\/competicao\/liga-portugal-betclic-13\" rel=\"nofollow noopener\" target=\"_blank\">Liga<\/a>, sendo o terceiro melhor marcador da prova, apenas superado por <a class=\"autolink-enabled\" data-resource-id=\"55942\" data-resource-type=\"player\" data-sport=\"football\" href=\"https:\/\/www.abola.pt\/futebol\/jogador\/pavlidis-55942\" rel=\"nofollow noopener\" target=\"_blank\">Pavlidis<\/a> (13) e <a class=\"autolink-enabled\" data-resource-id=\"136456\" data-resource-type=\"player\" data-sport=\"football\" href=\"https:\/\/www.abola.pt\/futebol\/jogador\/luis-suarez-136456\" rel=\"nofollow noopener\" target=\"_blank\">Luis Su\u00e1rez<\/a> (11), saiu pela zona errada do campo quando foi substitu\u00eddo por Georgios <a class=\"autolink-enabled\" data-resource-id=\"198632\" data-resource-type=\"player\" data-sport=\"football\" href=\"https:\/\/www.abola.pt\/futebol\/jogador\/giorgos-liavas-198632\" rel=\"nofollow noopener\" target=\"_blank\">Liavas<\/a>, ao minuto 90+2 do encontro em casa do <a class=\"autolink-enabled\" data-resource-id=\"447\" data-resource-type=\"team\" data-sport=\"football\" href=\"https:\/\/www.abola.pt\/futebol\/gil-vicente-447\" rel=\"nofollow noopener\" target=\"_blank\">Gil Vicente<\/a> (2-2).<\/p>\n<p>De forma a minimizar a perda de tempo (na altura o <a target=\"_blank\" class=\"editor-link autolink-enabled\" href=\"https:\/\/www.abola.pt\/futebol\/rio-ave-442\" data-resource-id=\"442\" data-resource-type=\"team\" data-sport=\"football\" rel=\"nofollow noopener\">Rio Ave<\/a> vencia por 2-1), Diogo Rosa, \u00e1rbitro da partida, ordenou que <a target=\"_blank\" class=\"editor-link autolink-enabled\" href=\"https:\/\/www.abola.pt\/futebol\/jogador\/clayton-246741\" data-resource-id=\"246741\" data-resource-type=\"player\" data-sport=\"football\" rel=\"nofollow noopener\">Clayton<\/a> sa\u00edsse pela linha lateral mais pr\u00f3xima, mas o avan\u00e7ado n\u00e3o acatou a ordem e deixou o terreno de jogo pela linha de meio-campo, onde entrou o suplente. Pela desobedi\u00eancia, o \u00e1rbitro mostrou o amarelo ao brasileiro, no caso o quinto da Liga, o que o deixa automaticamente suspenso para o jogo com os le\u00f5es.<\/p>\n<p>J\u00e1 na temporada passada, Clayton tinha falhado um encontro com os verdes e brancos, na altura em casa, a 18 de janeiro, precisamente por estar a cumprir castigo por uma s\u00e9rie de cinco cart\u00f5es amarelos.<\/p>\n","protected":false},"excerpt":{"rendered":"Clayton, o goleador de servi\u00e7o do Rio Ave, vai ser baixa de peso na desloca\u00e7\u00e3o da equipa de&hellip;\n","protected":false},"author":2,"featured_media":196418,"comment_status":"","ping_status":"","sticky":false,"template":"","format":"standard","meta":{"footnotes":""},"categories":[8],"tags":[27,28,15,16,14,25,26,21,22,12,13,19,20,32,23,24,33,17,18,29,30,31],"class_list":{"0":"post-196417","1":"post","2":"type-post","3":"status-publish","4":"format-standard","5":"has-post-thumbnail","7":"category-principais-noticias","8":"tag-breaking-news","9":"tag-breakingnews","10":"tag-featured-news","11":"tag-featurednews","12":"tag-headlines","13":"tag-latest-news","14":"tag-latestnews","15":"tag-main-news","16":"tag-mainnews","17":"tag-news","18":"tag-noticias","19":"tag-noticias-principais","20":"tag-noticiasprincipais","21":"tag-portugal","22":"tag-principais-noticias","23":"tag-principaisnoticias","24":"tag-pt","25":"tag-top-stories","26":"tag-topstories","27":"tag-ultimas","28":"tag-ultimas-noticias","29":"tag-ultimasnoticias"},"share_on_mastodon":{"url":"https:\/\/pubeurope.com\/@pt\/115753865061987292","error":""},"_links":{"self":[{"href":"https:\/\/www.europesays.com\/pt\/wp-json\/wp\/v2\/posts\/196417","targetHints":{"allow":["GET"]}}],"collection":[{"href":"https:\/\/www.europesays.com\/pt\/wp-json\/wp\/v2\/posts"}],"about":[{"href":"https:\/\/www.europesays.com\/pt\/wp-json\/wp\/v2\/types\/post"}],"author":[{"embeddable":true,"href":"https:\/\/www.europesays.com\/pt\/wp-json\/wp\/v2\/users\/2"}],"replies":[{"embeddable":true,"href":"https:\/\/www.europesays.com\/pt\/wp-json\/wp\/v2\/comments?post=196417"}],"version-history":[{"count":0,"href":"https:\/\/www.europesays.com\/pt\/wp-json\/wp\/v2\/posts\/196417\/revisions"}],"wp:featuredmedia":[{"embeddable":true,"href":"https:\/\/www.europesays.com\/pt\/wp-json\/wp\/v2\/media\/196418"}],"wp:attachment":[{"href":"https:\/\/www.europesays.com\/pt\/wp-json\/wp\/v2\/media?parent=196417"}],"wp:term":[{"taxonomy":"category","embeddable":true,"href":"https:\/\/www.europesays.com\/pt\/wp-json\/wp\/v2\/categories?post=196417"},{"taxonomy":"post_tag","embeddable":true,"href":"https:\/\/www.europesays.com\/pt\/wp-json\/wp\/v2\/tags?post=196417"}],"curies":[{"name":"wp","href":"https:\/\/api.w.org\/{rel}","templated":true}]}}