{"id":196456,"date":"2025-12-20T21:33:09","date_gmt":"2025-12-20T21:33:09","guid":{"rendered":"https:\/\/www.europesays.com\/pt\/196456\/"},"modified":"2025-12-20T21:33:09","modified_gmt":"2025-12-20T21:33:09","slug":"do-incrivel-que-e-trabalhar-com-mourinho-a-vitoria-do-benfica-na-supertaca-dahl-entrevistado-por-schjelderup","status":"publish","type":"post","link":"https:\/\/www.europesays.com\/pt\/196456\/","title":{"rendered":"Do \u00abincr\u00edvel\u00bb que \u00e9 trabalhar com Mourinho \u00e0 vit\u00f3ria do Benfica na Superta\u00e7a: Dahl entrevistado por&#8230; Schjelderup"},"content":{"rendered":"<p>Depois de ter chegado ao <a class=\"autolink-enabled\" data-resource-id=\"450\" data-resource-type=\"team\" data-sport=\"football\" href=\"https:\/\/www.abola.pt\/futebol\/benfica-450\" rel=\"nofollow noopener\" target=\"_blank\">Benfica<\/a> em janeiro deste ano como refor\u00e7o de inverno, ent\u00e3o cedido pela <a class=\"autolink-enabled\" data-resource-id=\"249\" data-resource-type=\"team\" data-sport=\"football\" href=\"https:\/\/www.abola.pt\/futebol\/roma-249\" rel=\"nofollow noopener\" target=\"_blank\">Roma<\/a>, <a class=\"autolink-enabled\" data-resource-id=\"213596\" data-resource-type=\"player\" data-sport=\"football\" href=\"https:\/\/www.abola.pt\/futebol\/jogador\/samuel-dahl-213596\" rel=\"nofollow noopener\" target=\"_blank\">Samuel Dahl<\/a> j\u00e1 acelerou dos 0 aos 50 de \u00e1guia ao peito. O lateral de 22 anos, que este ver\u00e3o assinou em definitivo pelos encarnados at\u00e9 2029, cumpriu frente ao <a class=\"autolink-enabled\" data-resource-id=\"441\" data-resource-type=\"team\" data-sport=\"football\" href=\"https:\/\/www.abola.pt\/futebol\/farense-441\" rel=\"nofollow noopener\" target=\"_blank\">Farense<\/a>, na passada quarta-feira, nos oitavos de final da <a class=\"autolink-enabled\" data-resource-id=\"112\" data-resource-type=\"competition\" data-sport=\"football\" href=\"https:\/\/www.abola.pt\/futebol\/competicao\/taca-de-portugal-112\" rel=\"nofollow noopener\" target=\"_blank\">Ta\u00e7a de Portugal<\/a>, o jogo 50 pelos encarnados \u2014 com dois e seis assist\u00eancias no pec\u00falio.<\/p>\n<p>Estreou-se a 15 de fevereiro, nos A\u00e7ores, frente ao <a target=\"_blank\" class=\"editor-link autolink-enabled\" href=\"https:\/\/www.abola.pt\/futebol\/santa-clara-440\" data-resource-id=\"440\" data-resource-type=\"team\" data-sport=\"football\" rel=\"nofollow noopener\">Santa Clara<\/a>, em partida da 22.\u00aa jornada da \u00e9poca 2024\/25, que os encarnados venceram por 1-0, com um golo de <a target=\"_blank\" class=\"editor-link autolink-enabled\" href=\"https:\/\/www.abola.pt\/futebol\/jogador\/bruma-3768\" data-resource-id=\"3768\" data-resource-type=\"player\" data-sport=\"football\" rel=\"nofollow noopener\">Bruma<\/a>. Foi o in\u00edcio de novo ciclo na carreira que at\u00e9 o levou ao Mundial de Clubes deste ver\u00e3o<\/p>\n<p>O <a target=\"_blank\" class=\"editor-link autolink-enabled\" href=\"https:\/\/www.abola.pt\/futebol\/benfica-450\" data-resource-id=\"450\" data-resource-type=\"team\" data-sport=\"football\" rel=\"nofollow noopener\">Benfica<\/a> assinalou este s\u00e1bado a entrada de <a target=\"_blank\" class=\"editor-link autolink-enabled\" href=\"https:\/\/www.abola.pt\/futebol\/jogador\/samuel-dahl-213596\" data-resource-id=\"213596\" data-resource-type=\"player\" data-sport=\"football\" rel=\"nofollow noopener\">Samuel Dahl<\/a> no clube dos cinquenten\u00e1rios, com uma entrevista ao sueco que foi conduzida por\u2026. <a target=\"_blank\" class=\"editor-link autolink-enabled\" href=\"https:\/\/www.abola.pt\/futebol\/jogador\/andreas-schjelderup-233110\" data-resource-id=\"233110\" data-resource-type=\"player\" data-sport=\"football\" rel=\"nofollow noopener\">Andreas Schjelderup<\/a>. Na mesma, ficamos a saber o que pensa Dahl de trabalhar com uma figura como Jos\u00e9 Mourinho ou qual o jogo mais especial pelos encarnados at\u00e9 \u00e0 data, que naturalmente acabou por ser aquele que lhe valeu o \u00fanico t\u00edtulo at\u00e9 agora, a Superta\u00e7a C\u00e2ndido de Oliveira.<\/p>\n<p><strong>\u2014 O que significa chegar aos 50 jogos pelo Benfica?<\/strong><\/p>\n<p>\u2014 Significa muito. Somar 50 jogos por este clube \u00e9 um sentimento incr\u00edvel para mim. Sou muito feliz desde o primeiro dia e este \u00e9 um grande registo para mim.<\/p>\n<p><strong>\u2014 Lembras-te do teu primeiro jogo pelo Benfica?<\/strong><\/p>\n<p>\u2014 Sim, acho que sim. Foi contra o Santa Clara, fora, ganh\u00e1mos 1-0 com um golo do Bruma.<\/p>\n<p><strong>\u2014 Qual o jogo ou os jogos mais especiais nestes 50?<\/strong><\/p>\n<p>\u2014 Diria que h\u00e1 v\u00e1rios jogos da Liga dos Campe\u00f5es que s\u00e3o f\u00e1ceis de recordar, assim como a vit\u00f3ria na Superta\u00e7a nesta \u00e9poca, contra o Sporting. S\u00e3o jogos f\u00e1ceis de recordar.<\/p>\n<p><strong>\u2014 O mais especial?<\/strong><\/p>\n<p>\u2014 O mais especial\u2026 Diria a vit\u00f3ria na Superta\u00e7a nesta \u00e9poca, contra o Sporting.<\/p>\n<p><strong>\u2014 Como \u00e9 trabalhar com Jos\u00e9 Mourinho?<\/strong><\/p>\n<p>\u2014 \u00c9 incr\u00edvel. Tem sido muito bom tanto para a equipa como para mim, individualmente. Tornou-me mais confiante, sinto que acredita em mim e \u00e9 muito f\u00e1cil jogar quando sei que o tenho por perto.<\/p>\n<p><strong>\u2014 Quais s\u00e3o os teus objetivos no Benfica?<\/strong><\/p>\n<p>\u2014 Os meus objetivos s\u00e3o continuar a jogar. Jogar muito, jogar bem e, acima de tudo, ganhar, \u00e9 o que importa.<\/p>\n<p><strong>\u2014 Para terminar, queres deixar uma mensagem para os adeptos do Benfica?<\/strong><\/p>\n<p>\u2014 Obrigado a todos por nos apoiarem sempre nos jogos em casa e fora. \u00c9 muito importante para todos n\u00f3s e para mim em particular, claro.<\/p>\n","protected":false},"excerpt":{"rendered":"Depois de ter chegado ao Benfica em janeiro deste ano como refor\u00e7o de inverno, ent\u00e3o cedido pela Roma,&hellip;\n","protected":false},"author":2,"featured_media":196457,"comment_status":"","ping_status":"","sticky":false,"template":"","format":"standard","meta":{"footnotes":""},"categories":[8],"tags":[27,28,15,16,14,25,26,21,22,12,13,19,20,32,23,24,33,17,18,29,30,31],"class_list":{"0":"post-196456","1":"post","2":"type-post","3":"status-publish","4":"format-standard","5":"has-post-thumbnail","7":"category-principais-noticias","8":"tag-breaking-news","9":"tag-breakingnews","10":"tag-featured-news","11":"tag-featurednews","12":"tag-headlines","13":"tag-latest-news","14":"tag-latestnews","15":"tag-main-news","16":"tag-mainnews","17":"tag-news","18":"tag-noticias","19":"tag-noticias-principais","20":"tag-noticiasprincipais","21":"tag-portugal","22":"tag-principais-noticias","23":"tag-principaisnoticias","24":"tag-pt","25":"tag-top-stories","26":"tag-topstories","27":"tag-ultimas","28":"tag-ultimas-noticias","29":"tag-ultimasnoticias"},"share_on_mastodon":{"url":"https:\/\/pubeurope.com\/@pt\/115754041763370319","error":""},"_links":{"self":[{"href":"https:\/\/www.europesays.com\/pt\/wp-json\/wp\/v2\/posts\/196456","targetHints":{"allow":["GET"]}}],"collection":[{"href":"https:\/\/www.europesays.com\/pt\/wp-json\/wp\/v2\/posts"}],"about":[{"href":"https:\/\/www.europesays.com\/pt\/wp-json\/wp\/v2\/types\/post"}],"author":[{"embeddable":true,"href":"https:\/\/www.europesays.com\/pt\/wp-json\/wp\/v2\/users\/2"}],"replies":[{"embeddable":true,"href":"https:\/\/www.europesays.com\/pt\/wp-json\/wp\/v2\/comments?post=196456"}],"version-history":[{"count":0,"href":"https:\/\/www.europesays.com\/pt\/wp-json\/wp\/v2\/posts\/196456\/revisions"}],"wp:featuredmedia":[{"embeddable":true,"href":"https:\/\/www.europesays.com\/pt\/wp-json\/wp\/v2\/media\/196457"}],"wp:attachment":[{"href":"https:\/\/www.europesays.com\/pt\/wp-json\/wp\/v2\/media?parent=196456"}],"wp:term":[{"taxonomy":"category","embeddable":true,"href":"https:\/\/www.europesays.com\/pt\/wp-json\/wp\/v2\/categories?post=196456"},{"taxonomy":"post_tag","embeddable":true,"href":"https:\/\/www.europesays.com\/pt\/wp-json\/wp\/v2\/tags?post=196456"}],"curies":[{"name":"wp","href":"https:\/\/api.w.org\/{rel}","templated":true}]}}