{"id":19649,"date":"2025-08-07T11:52:07","date_gmt":"2025-08-07T11:52:07","guid":{"rendered":"https:\/\/www.europesays.com\/pt\/19649\/"},"modified":"2025-08-07T11:52:07","modified_gmt":"2025-08-07T11:52:07","slug":"vem-ai-em-a-fazenda-joel-maltrata-zulmira-deixando-a-em-lagrimas-novelas","status":"publish","type":"post","link":"https:\/\/www.europesays.com\/pt\/19649\/","title":{"rendered":"Vem a\u00ed em \u00abA Fazenda\u00bb: Joel maltrata Zulmira, deixando-a em l\u00e1grimas &#8211; Novelas"},"content":{"rendered":"<p>Em \u00abA Fazenda\u00bb, <a href=\"https:\/\/tvi.iol.pt\/novelas\/videos\/joel-declara-se-a-eva-nunca-quis-atravessar-me-entre-ti-e-o-talu\/676ac3630cf2f130c299a685\" rel=\"nofollow noopener\" target=\"_blank\">Joel (Jo\u00e3o Jesus)<\/a>\u00a0diz a medo a <a href=\"https:\/\/tvi.iol.pt\/novelas\/videos\/zulmira-da-licao-a-alba-o-amor-vence-sempre-o-odio\/6756f2280cf23e044af75246\" rel=\"nofollow noopener\" target=\"_blank\">Zulmira (Helena Isabel)<\/a>\u00a0que vai com <a href=\"https:\/\/tvi.iol.pt\/novelas\/videos\/eva-e-joel-beijam-se-apaixonadamente\/6776a2000cf23e044af75c9b\" rel=\"nofollow noopener\" target=\"_blank\">Eva (Margarida Corceiro)<\/a>\u00a0para Lisboa. Zulmira diz-lhe frontal saber que ele n\u00e3o faz ten\u00e7\u00f5es de voltar, referindo ter ouvido <a href=\"https:\/\/tvi.iol.pt\/novelas\/videos\/desespero-de-um-filho-desaparecido-eu-nunca-me-esqueci-na-cara-do-meu-filho\/6786686b0cf23ab655363e95\" rel=\"nofollow noopener\" target=\"_blank\">Becas (Rita Loureiro)<\/a>\u00a0a dizer que ele vai assumir um lugar de dire\u00e7\u00e3o no escrit\u00f3rio.<\/p>\n<p>Zulmira ataca Joel a dizer que ele anda a ser manipulado por Becas. Joel irrita-se e indica que se chama Afonso e que tem o direito a fazer o que quiser da sua vida.<\/p>\n<p>Zulmira chora muito desiludida com Joel.\u00a0<\/p>\n<p>Recorde-se que j\u00e1 n\u00e3o \u00e9 a primeira vez que Joel \u00e9 indelicado com Zulmira:<\/p>\n","protected":false},"excerpt":{"rendered":"Em \u00abA Fazenda\u00bb, Joel (Jo\u00e3o Jesus)\u00a0diz a medo a Zulmira (Helena Isabel)\u00a0que vai com Eva (Margarida Corceiro)\u00a0para Lisboa.&hellip;\n","protected":false},"author":2,"featured_media":19650,"comment_status":"","ping_status":"","sticky":false,"template":"","format":"standard","meta":{"footnotes":""},"categories":[142],"tags":[657,160,166,114,115,157,167,1051,721,723,164,161,158,165,159,32,33,156,163,151,162,7232],"class_list":{"0":"post-19649","1":"post","2":"type-post","3":"status-publish","4":"format-standard","5":"has-post-thumbnail","7":"category-tv","8":"tag-a-fazenda","9":"tag-ana-guiomar","10":"tag-cristina-ferreira","11":"tag-entertainment","12":"tag-entretenimento","13":"tag-festa-e-festa","14":"tag-ficcao","15":"tag-helena-isabel","16":"tag-joao-jesus","17":"tag-joel","18":"tag-jose-fidalgo","19":"tag-novelas","20":"tag-para-sempre","21":"tag-pedro-sousa","22":"tag-pedro-teixeira","23":"tag-portugal","24":"tag-pt","25":"tag-queridos-papas","26":"tag-tiago-teotonio-pereira","27":"tag-tv","28":"tag-tvi","29":"tag-zulmira"},"share_on_mastodon":{"url":"","error":""},"_links":{"self":[{"href":"https:\/\/www.europesays.com\/pt\/wp-json\/wp\/v2\/posts\/19649","targetHints":{"allow":["GET"]}}],"collection":[{"href":"https:\/\/www.europesays.com\/pt\/wp-json\/wp\/v2\/posts"}],"about":[{"href":"https:\/\/www.europesays.com\/pt\/wp-json\/wp\/v2\/types\/post"}],"author":[{"embeddable":true,"href":"https:\/\/www.europesays.com\/pt\/wp-json\/wp\/v2\/users\/2"}],"replies":[{"embeddable":true,"href":"https:\/\/www.europesays.com\/pt\/wp-json\/wp\/v2\/comments?post=19649"}],"version-history":[{"count":0,"href":"https:\/\/www.europesays.com\/pt\/wp-json\/wp\/v2\/posts\/19649\/revisions"}],"wp:featuredmedia":[{"embeddable":true,"href":"https:\/\/www.europesays.com\/pt\/wp-json\/wp\/v2\/media\/19650"}],"wp:attachment":[{"href":"https:\/\/www.europesays.com\/pt\/wp-json\/wp\/v2\/media?parent=19649"}],"wp:term":[{"taxonomy":"category","embeddable":true,"href":"https:\/\/www.europesays.com\/pt\/wp-json\/wp\/v2\/categories?post=19649"},{"taxonomy":"post_tag","embeddable":true,"href":"https:\/\/www.europesays.com\/pt\/wp-json\/wp\/v2\/tags?post=19649"}],"curies":[{"name":"wp","href":"https:\/\/api.w.org\/{rel}","templated":true}]}}