{"id":196512,"date":"2025-12-20T22:25:20","date_gmt":"2025-12-20T22:25:20","guid":{"rendered":"https:\/\/www.europesays.com\/pt\/196512\/"},"modified":"2025-12-20T22:25:20","modified_gmt":"2025-12-20T22:25:20","slug":"periodo-de-viagens-exige-cuidados-para-evitar-a-dengue-veja-orientacoes","status":"publish","type":"post","link":"https:\/\/www.europesays.com\/pt\/196512\/","title":{"rendered":"Per\u00edodo de viagens exige cuidados para evitar a dengue; veja orienta\u00e7\u00f5es"},"content":{"rendered":"<p>Com a aproxima\u00e7\u00e3o das festas de fim de ano e do per\u00edodo de f\u00e9rias de ver\u00e3o, as viagens se tornam mais frequentes. Para evitar o aumento da prolifera\u00e7\u00e3o do mosquito Aedes aegypti e a ocorr\u00eancia de novos casos de dengue no in\u00edcio do ano, \u00e9 fundamental adotar medidas preventivas antes de viajar e tamb\u00e9m no retorno \u00e0 cidade.<\/p>\n<p><strong>Antes de viajar<\/strong> <\/p>\n<p>\u00c9 essencial eliminar qualquer possibilidade de \u00e1gua parada no domic\u00edlio. Recipientes em quintais, p\u00e1tios ou varandas que possam acumular \u00e1gua ap\u00f3s a chuva devem ter as paredes escovadas, pois os ovos do mosquito ficam aderidos nessas superf\u00edcies e podem permanecer vi\u00e1veis por semanas. Sempre que poss\u00edvel, mantenha esses materiais protegidos do relento.<\/p>\n<p>Tamb\u00e9m \u00e9 importante verificar se calhas est\u00e3o limpas e desobstru\u00eddas, se ralos n\u00e3o acumulam \u00e1gua e descartar objetos que n\u00e3o tenham utilidade e possam servir de criadouros.<\/p>\n<p>As f\u00eameas do Aedes depositam ovos nas paredes dos recipientes, pr\u00f3ximos \u00e0 l\u00e2mina de \u00e1gua, e n\u00e3o diretamente na \u00e1gua. Quando voltam a ter contato com \u00e1gua, os ovos eclodem e d\u00e3o continuidade ao ciclo do mosquito, contribuindo para a transmiss\u00e3o de doen\u00e7as.<\/p>\n<p>Havendo confirma\u00e7\u00e3o de transmiss\u00e3o viral ou alta infesta\u00e7\u00e3o vetorial, a recomenda\u00e7\u00e3o \u00e9 de uso de repelentes corporais (espec\u00edficos para cada faixa et\u00e1ria ou condi\u00e7\u00e3o de sa\u00fade). Verifique neste link dicas sobre cuidados com o im\u00f3vel, e aqui orienta\u00e7\u00f5es para a viagem.<\/p>\n<p>A diretora de Vigil\u00e2ncia em Sa\u00fade, Aline Medeiros, alerta para o risco de viajantes retornarem infectados com sorotipos n\u00e3o circulantes atualmente em Porto Alegre (3 e 4) ou com outras arboviroses. Pessoas contaminadas podem ser picadas por mosquitos saud\u00e1veis na cidade, que passam a transmitir o v\u00edrus, iniciando o ciclo de transmiss\u00e3o local e gerando aumento expressivo de casos.<\/p>\n<p>Desde 2010, Porto Alegre registra circula\u00e7\u00e3o dos sorotipos 1 e 2 da dengue.<\/p>\n<blockquote>\n<p>\u201cQuem j\u00e1 teve dengue por um sorotipo e se infecta por outro pode desenvolver formas mais graves da doen\u00e7a. Por isso, a busca por atendimento e a notifica\u00e7\u00e3o s\u00e3o essenciais\u201d, refor\u00e7a a t\u00e9cnica da Vigil\u00e2ncia Epidemiol\u00f3gica Let\u00edcia Campos Ara\u00fajo.<\/p>\n<\/blockquote>\n<p><strong>Aten\u00e7\u00e3o aos sintomas<\/strong> <\/p>\n<p>Durante a viagem e ap\u00f3s o retorno, qualquer sinal de febre, dor no corpo, dor atr\u00e1s dos olhos, manchas na pele ou mal-estar deve motivar procura por atendimento m\u00e9dico. As arboviroses s\u00e3o doen\u00e7as de notifica\u00e7\u00e3o compuls\u00f3ria.<\/p>\n<p><strong>Situa\u00e7\u00e3o em Porto Alegre<\/strong> <\/p>\n<p>At\u00e9 15 de dezembro de 2025, a Capital registrou 56.767 notifica\u00e7\u00f5es de suspeita de dengue, com 22.591 casos confirmados e 25 \u00f3bitos. Os dados est\u00e3o sujeitos a atualiza\u00e7\u00e3o.<\/p>\n<p>Veja Tamb\u00e9m<\/p>\n","protected":false},"excerpt":{"rendered":"Com a aproxima\u00e7\u00e3o das festas de fim de ano e do per\u00edodo de f\u00e9rias de ver\u00e3o, as viagens&hellip;\n","protected":false},"author":2,"featured_media":196513,"comment_status":"","ping_status":"","sticky":false,"template":"","format":"standard","meta":{"footnotes":""},"categories":[86],"tags":[1896,39228,20459,1891,3755,116,32,33,117,293,13998],"class_list":{"0":"post-196512","1":"post","2":"type-post","3":"status-publish","4":"format-standard","5":"has-post-thumbnail","7":"category-saude","8":"tag-aedes-aegypti","9":"tag-agua-parada","10":"tag-combate-a-dengue","11":"tag-dengue","12":"tag-ferias","13":"tag-health","14":"tag-portugal","15":"tag-pt","16":"tag-saude","17":"tag-verao","18":"tag-vigilancia-em-saude"},"share_on_mastodon":{"url":"https:\/\/pubeurope.com\/@pt\/115754246151604799","error":""},"_links":{"self":[{"href":"https:\/\/www.europesays.com\/pt\/wp-json\/wp\/v2\/posts\/196512","targetHints":{"allow":["GET"]}}],"collection":[{"href":"https:\/\/www.europesays.com\/pt\/wp-json\/wp\/v2\/posts"}],"about":[{"href":"https:\/\/www.europesays.com\/pt\/wp-json\/wp\/v2\/types\/post"}],"author":[{"embeddable":true,"href":"https:\/\/www.europesays.com\/pt\/wp-json\/wp\/v2\/users\/2"}],"replies":[{"embeddable":true,"href":"https:\/\/www.europesays.com\/pt\/wp-json\/wp\/v2\/comments?post=196512"}],"version-history":[{"count":0,"href":"https:\/\/www.europesays.com\/pt\/wp-json\/wp\/v2\/posts\/196512\/revisions"}],"wp:featuredmedia":[{"embeddable":true,"href":"https:\/\/www.europesays.com\/pt\/wp-json\/wp\/v2\/media\/196513"}],"wp:attachment":[{"href":"https:\/\/www.europesays.com\/pt\/wp-json\/wp\/v2\/media?parent=196512"}],"wp:term":[{"taxonomy":"category","embeddable":true,"href":"https:\/\/www.europesays.com\/pt\/wp-json\/wp\/v2\/categories?post=196512"},{"taxonomy":"post_tag","embeddable":true,"href":"https:\/\/www.europesays.com\/pt\/wp-json\/wp\/v2\/tags?post=196512"}],"curies":[{"name":"wp","href":"https:\/\/api.w.org\/{rel}","templated":true}]}}