{"id":196520,"date":"2025-12-20T22:30:38","date_gmt":"2025-12-20T22:30:38","guid":{"rendered":"https:\/\/www.europesays.com\/pt\/196520\/"},"modified":"2025-12-20T22:30:38","modified_gmt":"2025-12-20T22:30:38","slug":"grande-entrevista-a-lidia-jorge-premio-pessoa-2025-a-nossa-vida-e-um-fosforo-tarde-ou-cedo-a-gente-tem-de-risca-lo","status":"publish","type":"post","link":"https:\/\/www.europesays.com\/pt\/196520\/","title":{"rendered":"Grande entrevista a L\u00eddia Jorge, Pr\u00e9mio Pessoa 2025: \u201cA nossa vida \u00e9 um f\u00f3sforo. Tarde ou cedo, a gente tem de risc\u00e1-lo&#8221;"},"content":{"rendered":"<p class=\"texto\">Estava em Ponta Delgada para receber um doutoramento honoris causa pela Universidade dos A\u00e7ores quando soube ter sido escolhida para receber o Pr\u00e9mio Pessoa. Tinha acabado de escrever um discurso a que dera o t\u00edtulo \u201cConvocando a Esperan\u00e7a\u201d, e que sintetiza o modo como olha para o futuro. S\u00e9tima mulher em 39 edi\u00e7\u00f5es do pr\u00e9mio criado por Francisco Pinto Balsem\u00e3o, agora com o apoio da Caixa Geral de Dep\u00f3sitos, espera com ele inspirar as jovens escritoras a dedicar-se n\u00e3o \u00e0 sociologia, mas \u00e0 literatura. Porque acredita que \u201co priorit\u00e1rio \u00e9 a beleza que a linguagem cria e que nos salva\u201d.<\/p>\n<p><a href=\"https:\/\/expresso.pt\/subscrever?action=GEN&amp;channel=BAF&amp;type=CAP&amp;source=WEB&amp;returnUrl=https:\/\/expresso.pt\/semanario\/revista-e\/-e\/2025-12-18-grande-entrevista-a-lidia-jorge-premio-pessoa-2025-a-nossa-vida-e-um-fosforo.-tarde-ou-cedo-a-gente-tem-de-risca-lo-a0f1351a&amp;utm_source=expresso&amp;utm_medium=locked_article&amp;locked=true&amp;article_id=a7d01d21-1052-46ad-8a3c-fe16fe623883&amp;author_id=Christiana+Martins,Luciana+Leiderfarb,Tiago+Miranda&amp;category=+E\" target=\"_self\" class=\"\" rel=\"nofollow noopener\">Subscrever<\/a>J\u00e1 \u00e9 Subscritor?Fa\u00e7a login e continue a ler<a href=\"http:\/\/expresso.pt\/codigo?redirectUrl=https:\/\/expresso.pt\/semanario\/revista-e\/-e\/2025-12-18-grande-entrevista-a-lidia-jorge-premio-pessoa-2025-a-nossa-vida-e-um-fosforo.-tarde-ou-cedo-a-gente-tem-de-risca-lo-a0f1351a\" target=\"_self\" class=\"\" rel=\"nofollow noopener\">Inserir C\u00f3digo<\/a>Comprou o Expresso?Insira o c\u00f3digo presente na Revista E para continuar a ler<\/p>\n","protected":false},"excerpt":{"rendered":"Estava em Ponta Delgada para receber um doutoramento honoris causa pela Universidade dos A\u00e7ores quando soube ter sido&hellip;\n","protected":false},"author":2,"featured_media":196521,"comment_status":"","ping_status":"","sticky":false,"template":"","format":"standard","meta":{"footnotes":""},"categories":[10],"tags":[27,28,15,16,14,25,26,21,22,12,13,19,20,32,23,24,33,17,18,29,30,31],"class_list":{"0":"post-196520","1":"post","2":"type-post","3":"status-publish","4":"format-standard","5":"has-post-thumbnail","7":"category-portugal","8":"tag-breaking-news","9":"tag-breakingnews","10":"tag-featured-news","11":"tag-featurednews","12":"tag-headlines","13":"tag-latest-news","14":"tag-latestnews","15":"tag-main-news","16":"tag-mainnews","17":"tag-news","18":"tag-noticias","19":"tag-noticias-principais","20":"tag-noticiasprincipais","21":"tag-portugal","22":"tag-principais-noticias","23":"tag-principaisnoticias","24":"tag-pt","25":"tag-top-stories","26":"tag-topstories","27":"tag-ultimas","28":"tag-ultimas-noticias","29":"tag-ultimasnoticias"},"share_on_mastodon":{"url":"https:\/\/pubeurope.com\/@pt\/115754265746943283","error":""},"_links":{"self":[{"href":"https:\/\/www.europesays.com\/pt\/wp-json\/wp\/v2\/posts\/196520","targetHints":{"allow":["GET"]}}],"collection":[{"href":"https:\/\/www.europesays.com\/pt\/wp-json\/wp\/v2\/posts"}],"about":[{"href":"https:\/\/www.europesays.com\/pt\/wp-json\/wp\/v2\/types\/post"}],"author":[{"embeddable":true,"href":"https:\/\/www.europesays.com\/pt\/wp-json\/wp\/v2\/users\/2"}],"replies":[{"embeddable":true,"href":"https:\/\/www.europesays.com\/pt\/wp-json\/wp\/v2\/comments?post=196520"}],"version-history":[{"count":0,"href":"https:\/\/www.europesays.com\/pt\/wp-json\/wp\/v2\/posts\/196520\/revisions"}],"wp:featuredmedia":[{"embeddable":true,"href":"https:\/\/www.europesays.com\/pt\/wp-json\/wp\/v2\/media\/196521"}],"wp:attachment":[{"href":"https:\/\/www.europesays.com\/pt\/wp-json\/wp\/v2\/media?parent=196520"}],"wp:term":[{"taxonomy":"category","embeddable":true,"href":"https:\/\/www.europesays.com\/pt\/wp-json\/wp\/v2\/categories?post=196520"},{"taxonomy":"post_tag","embeddable":true,"href":"https:\/\/www.europesays.com\/pt\/wp-json\/wp\/v2\/tags?post=196520"}],"curies":[{"name":"wp","href":"https:\/\/api.w.org\/{rel}","templated":true}]}}