{"id":196533,"date":"2025-12-20T22:46:10","date_gmt":"2025-12-20T22:46:10","guid":{"rendered":"https:\/\/www.europesays.com\/pt\/196533\/"},"modified":"2025-12-20T22:46:10","modified_gmt":"2025-12-20T22:46:10","slug":"no-patio-da-quintinha-ha-medo-de-acordar-sem-ter-teto-para-dormir-a-proxima-noite","status":"publish","type":"post","link":"https:\/\/www.europesays.com\/pt\/196533\/","title":{"rendered":"No P\u00e1tio da Quintinha h\u00e1 medo de acordar sem ter teto para dormir a pr\u00f3xima noite"},"content":{"rendered":"<p data-remotead-prev-elm=\"true\" data-remotead-elm-id=\"inread\">A garantia foi deixada na reuni\u00e3o do executivo municipal da \u00faltima quinta-feira pelo diretor do Patrim\u00f3nio da C\u00e2mara Municipal de Lisboa (CML)L, Bernardo Alaba\u00e7a, ap\u00f3s um apelo do porta-voz dos moradores. Segundo o respons\u00e1vel, a proposta de pouco mais de um milh\u00e3o de euros apresentada no leil\u00e3o realizado em novembro &#8220;n\u00e3o foi aceite pelos credores&#8221;, o que impede, para j\u00e1, qualquer notifica\u00e7\u00e3o \u00e0 autarquia para o exerc\u00edcio do direito de prefer\u00eancia. &#8220;N\u00e3o haver\u00e1 lugar \u00e0 comunica\u00e7\u00e3o do direito de prefer\u00eancia para esse neg\u00f3cio&#8221;, explicou, assegurando, ainda assim, que os servi\u00e7os municipais continuam a estudar o processo com vista a uma eventual aquisi\u00e7\u00e3o futura.<\/p>\n","protected":false},"excerpt":{"rendered":"A garantia foi deixada na reuni\u00e3o do executivo municipal da \u00faltima quinta-feira pelo diretor do Patrim\u00f3nio da C\u00e2mara&hellip;\n","protected":false},"author":2,"featured_media":196534,"comment_status":"","ping_status":"","sticky":false,"template":"","format":"standard","meta":{"footnotes":""},"categories":[10],"tags":[27,28,21113,39233,15,16,456,14,25,26,3646,21,22,12,13,19,20,32,23,24,33,17,18,29,30,31],"class_list":{"0":"post-196533","1":"post","2":"type-post","3":"status-publish","4":"format-standard","5":"has-post-thumbnail","7":"category-portugal","8":"tag-breaking-news","9":"tag-breakingnews","10":"tag-concelho-lisboa","11":"tag-desalojamentos","12":"tag-featured-news","13":"tag-featurednews","14":"tag-habitacao","15":"tag-headlines","16":"tag-latest-news","17":"tag-latestnews","18":"tag-leilao","19":"tag-main-news","20":"tag-mainnews","21":"tag-news","22":"tag-noticias","23":"tag-noticias-principais","24":"tag-noticiasprincipais","25":"tag-portugal","26":"tag-principais-noticias","27":"tag-principaisnoticias","28":"tag-pt","29":"tag-top-stories","30":"tag-topstories","31":"tag-ultimas","32":"tag-ultimas-noticias","33":"tag-ultimasnoticias"},"share_on_mastodon":{"url":"https:\/\/pubeurope.com\/@pt\/115754328694894229","error":""},"_links":{"self":[{"href":"https:\/\/www.europesays.com\/pt\/wp-json\/wp\/v2\/posts\/196533","targetHints":{"allow":["GET"]}}],"collection":[{"href":"https:\/\/www.europesays.com\/pt\/wp-json\/wp\/v2\/posts"}],"about":[{"href":"https:\/\/www.europesays.com\/pt\/wp-json\/wp\/v2\/types\/post"}],"author":[{"embeddable":true,"href":"https:\/\/www.europesays.com\/pt\/wp-json\/wp\/v2\/users\/2"}],"replies":[{"embeddable":true,"href":"https:\/\/www.europesays.com\/pt\/wp-json\/wp\/v2\/comments?post=196533"}],"version-history":[{"count":0,"href":"https:\/\/www.europesays.com\/pt\/wp-json\/wp\/v2\/posts\/196533\/revisions"}],"wp:featuredmedia":[{"embeddable":true,"href":"https:\/\/www.europesays.com\/pt\/wp-json\/wp\/v2\/media\/196534"}],"wp:attachment":[{"href":"https:\/\/www.europesays.com\/pt\/wp-json\/wp\/v2\/media?parent=196533"}],"wp:term":[{"taxonomy":"category","embeddable":true,"href":"https:\/\/www.europesays.com\/pt\/wp-json\/wp\/v2\/categories?post=196533"},{"taxonomy":"post_tag","embeddable":true,"href":"https:\/\/www.europesays.com\/pt\/wp-json\/wp\/v2\/tags?post=196533"}],"curies":[{"name":"wp","href":"https:\/\/api.w.org\/{rel}","templated":true}]}}