{"id":196539,"date":"2025-12-20T22:54:08","date_gmt":"2025-12-20T22:54:08","guid":{"rendered":"https:\/\/www.europesays.com\/pt\/196539\/"},"modified":"2025-12-20T22:54:08","modified_gmt":"2025-12-20T22:54:08","slug":"pierce-brosnan-perde-a-paciencia-com-perguntas-sobre-007-nao-dou-a-minima","status":"publish","type":"post","link":"https:\/\/www.europesays.com\/pt\/196539\/","title":{"rendered":"Pierce Brosnan perde a paci\u00eancia com perguntas sobre 007: &#8220;N\u00e3o dou a m\u00ednima&#8221;"},"content":{"rendered":"<p class=\"wp-block-yoast-seo-estimated-reading-time yoast-reading-time__wrapper\">Estimated reading time: 3 minutos<\/p>\n<p>Embora tenha marcado \u00e9poca como <a href=\"https:\/\/ovicio.com.br\/tag\/james-bond\/\" rel=\"nofollow noopener\" target=\"_blank\">James Bond<\/a> em quatro filmes, <strong>Pierce Brosnan<\/strong> deixou claro que sua paci\u00eancia para discutir o espi\u00e3o brit\u00e2nico tem limites. Em uma recente entrevista para promover seus novos projetos, o ator expressou frustra\u00e7\u00e3o com a insist\u00eancia no t\u00f3pico, chegando a dar uma resposta atravessada ao ser questionado sobre trivialidades do personagem.<\/p>\n<p>Durante conversa com o <strong>The Times<\/strong> (via <a href=\"https:\/\/ew.com\/pierce-brosnan-shuts-down-james-bond-question-about-christmas-11873997\" target=\"_blank\" rel=\"noreferrer noopener nofollow\">Entertainment Weekly<\/a>), Brosnan foi perguntado se Bond gostaria do Natal. Ap\u00f3s responder inicialmente que <strong>&#8220;claro que sim&#8221;<\/strong>, o ator se irritou com a insist\u00eancia no assunto e recusou responder perguntas subsequentes sobre como a personalidade do espi\u00e3o afetaria suas festas de fim de ano.<\/p>\n<p><strong>&#8220;Eu realmente n\u00e3o quero responder \u00e0 pergunta, e n\u00e3o vou respond\u00ea-la&#8221;<\/strong>, disparou Brosnan. <strong>&#8220;Porque eu n\u00e3o dou a m\u00ednima! Por que eu perderia meu tempo pensando onde James Bond estaria no Natal?&#8221;<\/strong><\/p>\n<p>O ator desviou o assunto para sua vida real, afirmando que sabe exatamente onde passar\u00e1 o feriado: <strong>&#8220;Em casa com minha esposa, no meu pequeno ref\u00fagio numa ilha no Hava\u00ed&#8221;<\/strong>. Posteriormente, ele pediu desculpas ao jornalista, reconhecendo que as perguntas sobre <a href=\"https:\/\/ovicio.com.br\/tag\/007\/\" rel=\"nofollow noopener\" target=\"_blank\">007<\/a> s\u00e3o <strong>&#8220;algo que vai continuar at\u00e9 o fim do mundo&#8221;<\/strong>.<\/p>\n<p>Brosnan revelou que n\u00e3o est\u00e1 sozinho nesse sentimento. Segundo ele, o lend\u00e1rio <strong>Sean Connery<\/strong> tinha a mesma avers\u00e3o a falar sobre o papel ap\u00f3s sua aposentadoria da franquia.<\/p>\n<p><strong>&#8220;[Sean] Connery era igual: &#8216;Nunca pergunte! Nunca pergunte!'&#8221;<\/strong>, relembrou.<\/p>\n<p>Apesar do cansa\u00e7o com as perguntas, Brosnan teceu elogios aos seus colegas de franquia, mencionando que adorava Connery e <strong>Roger Moore<\/strong>, al\u00e9m de classificar <strong>Daniel Craig<\/strong> e <strong>Timothy Dalton<\/strong> como <strong>&#8220;incr\u00edveis&#8221;<\/strong>. Curiosamente, ele admitiu que nunca assistiu aos seus pr\u00f3prios filmes de Bond com seus filhos: <strong>&#8220;N\u00e3o sei por qu\u00ea. Eles est\u00e3o guardados&#8221;<\/strong>.<\/p>\n<p>Mesmo com a irrita\u00e7\u00e3o, o ator de 72 anos deixou uma porta entreaberta para a franquia, mas com uma condi\u00e7\u00e3o espec\u00edfica.<\/p>\n<p><strong>&#8220;Se Villeneuve tivesse algo na manga, eu consideraria num piscar de olhos&#8221;<\/strong>, afirmou Brosnan. <strong>&#8220;Por que n\u00e3o? \u00c9 um \u00f3timo entretenimento. Poderia ser muito divertido. Carecas falsas, pr\u00f3teses\u2026 quem sabe?&#8221;<\/strong><\/p>\n<p>O novo reboot de <strong>007<\/strong> ter\u00e1 dire\u00e7\u00e3o de <strong>Denis Villeneuve<\/strong> (Duna) e roteiro de <strong>Steven Knight<\/strong> (Peaky Blinders). O novo <strong>James Bond<\/strong> ainda n\u00e3o foi escalado. O lan\u00e7amento deve acontecer em algum momento de 2028.<\/p>\n<p>Leia tamb\u00e9m sobre 007:<\/p>\n","protected":false},"excerpt":{"rendered":"Estimated reading time: 3 minutos Embora tenha marcado \u00e9poca como James Bond em quatro filmes, Pierce Brosnan deixou&hellip;\n","protected":false},"author":2,"featured_media":196540,"comment_status":"","ping_status":"","sticky":false,"template":"","format":"standard","meta":{"footnotes":""},"categories":[140],"tags":[4294,114,115,147,148,5966,146,13245,32,33],"class_list":{"0":"post-196539","1":"post","2":"type-post","3":"status-publish","4":"format-standard","5":"has-post-thumbnail","7":"category-filmes","8":"tag-4294","9":"tag-entertainment","10":"tag-entretenimento","11":"tag-film","12":"tag-filmes","13":"tag-james-bond","14":"tag-movies","15":"tag-pierce-brosnan","16":"tag-portugal","17":"tag-pt"},"share_on_mastodon":{"url":"https:\/\/pubeurope.com\/@pt\/115754360305196214","error":""},"_links":{"self":[{"href":"https:\/\/www.europesays.com\/pt\/wp-json\/wp\/v2\/posts\/196539","targetHints":{"allow":["GET"]}}],"collection":[{"href":"https:\/\/www.europesays.com\/pt\/wp-json\/wp\/v2\/posts"}],"about":[{"href":"https:\/\/www.europesays.com\/pt\/wp-json\/wp\/v2\/types\/post"}],"author":[{"embeddable":true,"href":"https:\/\/www.europesays.com\/pt\/wp-json\/wp\/v2\/users\/2"}],"replies":[{"embeddable":true,"href":"https:\/\/www.europesays.com\/pt\/wp-json\/wp\/v2\/comments?post=196539"}],"version-history":[{"count":0,"href":"https:\/\/www.europesays.com\/pt\/wp-json\/wp\/v2\/posts\/196539\/revisions"}],"wp:featuredmedia":[{"embeddable":true,"href":"https:\/\/www.europesays.com\/pt\/wp-json\/wp\/v2\/media\/196540"}],"wp:attachment":[{"href":"https:\/\/www.europesays.com\/pt\/wp-json\/wp\/v2\/media?parent=196539"}],"wp:term":[{"taxonomy":"category","embeddable":true,"href":"https:\/\/www.europesays.com\/pt\/wp-json\/wp\/v2\/categories?post=196539"},{"taxonomy":"post_tag","embeddable":true,"href":"https:\/\/www.europesays.com\/pt\/wp-json\/wp\/v2\/tags?post=196539"}],"curies":[{"name":"wp","href":"https:\/\/api.w.org\/{rel}","templated":true}]}}