{"id":196545,"date":"2025-12-20T23:00:21","date_gmt":"2025-12-20T23:00:21","guid":{"rendered":"https:\/\/www.europesays.com\/pt\/196545\/"},"modified":"2025-12-20T23:00:21","modified_gmt":"2025-12-20T23:00:21","slug":"pentagono-afirma-ter-atingido-mais-de-70-alvos-do-estado-islamico-na-siria","status":"publish","type":"post","link":"https:\/\/www.europesays.com\/pt\/196545\/","title":{"rendered":"Pent\u00e1gono afirma ter atingido mais de 70 alvos do Estado Isl\u00e2mico na S\u00edria"},"content":{"rendered":"<p data-remotead-prev-elm=\"true\" data-remotead-elm-id=\"inread\">A opera\u00e7\u00e3o teve in\u00edcio \u00e0s 16 horas de Washington (21 horas em Portugal continental) e foram utilizadas contra posi\u00e7\u00f5es controladas pelo EI &#8220;mais de 100 muni\u00e7\u00f5es de precis\u00e3o guiadas&#8221;, referiu o comando militar norte-americano na noite de sexta-feira. <\/p>\n<p>Antes, o CENTCOM referiu num breve comunicado que as suas for\u00e7as &#8220;iniciaram um <strong>ataque em grande escala<\/strong> contra as infraestruturas e os dep\u00f3sitos de armas do Estado Isl\u00e2mico na S\u00edria&#8221;.    <\/p>\n<p>&#8220;Este ataque maci\u00e7o ocorre ap\u00f3s o ataque de 13 de dezembro contra as for\u00e7as norte-americanas e aliadas&#8221;, adiantou, em refer\u00eancia ao atentado mortal contra os seus militares na prov\u00edncia s\u00edria de Palmira.   <\/p>\n<p data-remotead-prev-elm=\"true\" data-remotead-elm-id=\"centro1\">O secret\u00e1rio da Defesa, Pete Hegseth, referiu nas redes sociais que o objetivo do ataque \u00e9 &#8220;eliminar os combatentes, as infraestruturas e as instala\u00e7\u00f5es de armamento do Estado Isl\u00e2mico&#8221; na S\u00edria.   <\/p>\n<p>&#8220;Este n\u00e3o \u00e9 o in\u00edcio de uma guerra &#8211; <strong>\u00e9 uma declara\u00e7\u00e3o de vingan\u00e7a<\/strong>. Os Estados Unidos da Am\u00e9rica, sob a lideran\u00e7a do Presidente Trump, nunca hesitar\u00e3o e nunca ceder\u00e3o na defesa do seu povo&#8221;, adiantou.  <\/p>\n<p>A televis\u00e3o estatal s\u00edria informou que os ataques norte-americanos atingiram alvos em zonas rurais das prov\u00edncias de Deir ez-Zor e Raqqa e na regi\u00e3o de Jabal al-Amour, perto da cidade hist\u00f3rica de Palmira.<\/p>\n<p data-remotead-prev-elm=\"true\" data-remotead-elm-id=\"centro2\">Segundo a emissora, os alvos foram &#8220;<strong>dep\u00f3sitos de armas e quart\u00e9is-generais<\/strong> utilizados pelo EI como pontos de partida para as suas opera\u00e7\u00f5es na regi\u00e3o&#8221;.<\/p>\n<p>Washington afirmou que os norte-americanos &#8211; dois militares e um civil &#8211; foram mortos na sequ\u00eancia de uma &#8220;emboscada por um atirador isolado&#8221; do EI, que no passado controlava a regi\u00e3o de Palmira.  <\/p>\n<p>Tr\u00eas outros soldados norte-americanos ficaram feridos neste atentado, de acordo com o comando militar americano para o M\u00e9dio Oriente.  <\/p>\n<p data-remotead-prev-elm=\"true\" data-remotead-elm-id=\"centro3\">O agressor, um membro das for\u00e7as de seguran\u00e7a s\u00edrias que se ter\u00e1 radicalizado, tamb\u00e9m morreu.  <\/p>\n<p>O presidente norte-americano, Donald Trump, afirmou hoje <strong>ter o apoio do governo da S\u00edria para o ataque<\/strong> de retalia\u00e7\u00e3o lan\u00e7ado contra alvos do EI.<\/p>\n<p>&#8220;O Governo da S\u00edria, liderado por um homem que est\u00e1 a trabalhar arduamente para trazer a grandeza de volta \u00e0 S\u00edria, apoia totalmente esta iniciativa&#8221;, afirmou Trump nas redes sociais.<\/p>\n<p data-remotead-prev-elm=\"true\" data-remotead-elm-id=\"centro4\">&#8220;Todos os terroristas que forem suficientemente p\u00e9rfidos para atacar americanos est\u00e3o avisados: SER\u00c3O ATINGIDOS COM MAIS FOR\u00c7A DO QUE NUNCA SE ATACAREM OU AMEA\u00c7AREM OS EUA DE QUALQUER FORMA&#8221;, adiantou o presidente norte-americano.   <\/p>\n<p>S\u00edria est\u00e1 empenhada &#8220;em combater o EI&#8221;<\/p>\n<p>O contingente norte-americano estava na regi\u00e3o des\u00e9rtica de Palmira para uma miss\u00e3o de apoio \u00e0s opera\u00e7\u00f5es em curso contra o EI, segundo o Pent\u00e1gono, que adiantou que o civil norte-americano morto era um int\u00e9rprete.  <\/p>\n<p>Esta foi a <strong>primeira vez que um ataque deste tipo ocorreu na S\u00edria<\/strong> desde que, h\u00e1 um ano, uma coliga\u00e7\u00e3o isl\u00e2mica que se aproximou dos Estados Unidos tomou o poder.  <\/p>\n<p data-remotead-prev-elm=\"true\" data-remotead-elm-id=\"centro5\">Num momento de aproxima\u00e7\u00e3o entre Washington e as novas autoridades s\u00edrias, Trump salientou que estas estavam a combater ao lado das tropas norte-americanas e que o presidente s\u00edrio, Ahmad al-Sharaa, ficou &#8220;extremamente irritado e perturbado com este ataque&#8221;. <\/p>\n<p>O Minist\u00e9rio dos Neg\u00f3cios Estrangeiros da S\u00edria, num comunicado divulgado ap\u00f3s o in\u00edcio dos ataques norte-americanos, afirmou que o ataque da semana passada &#8220;sublinha a necessidade urgente de refor\u00e7ar a coopera\u00e7\u00e3o internacional para combater o terrorismo em todas as suas formas&#8221;.<\/p>\n<p>A S\u00edria, adianta, est\u00e1 empenhada &#8220;em combater o EI e em <strong>garantir que este n\u00e3o tem ref\u00fagios seguros<\/strong> em territ\u00f3rio s\u00edrio, e continuar\u00e1 a intensificar as opera\u00e7\u00f5es militares contra o grupo onde quer que este represente uma amea\u00e7a&#8221;.<\/p>\n<p data-remotead-prev-elm=\"true\" data-remotead-elm-id=\"centro6\">Um respons\u00e1vel norte-americano disse \u00e0 Associated Press que o ataque foi realizado com ca\u00e7as F-15 Eagle, avi\u00f5es de ataque ao solo A-10 Thunderbolt e helic\u00f3pteros AH-64 Apache. <\/p>\n<p>O respons\u00e1vel, que falou sob anonimato dada a natureza sens\u00edvel das opera\u00e7\u00f5es, adiantou que <strong>dever\u00e3o ter lugar mais ataques. <\/strong><\/p>\n","protected":false},"excerpt":{"rendered":"A opera\u00e7\u00e3o teve in\u00edcio \u00e0s 16 horas de Washington (21 horas em Portugal continental) e foram utilizadas contra&hellip;\n","protected":false},"author":2,"featured_media":196546,"comment_status":"","ping_status":"","sticky":false,"template":"","format":"standard","meta":{"footnotes":""},"categories":[50],"tags":[79,27,28,36668,413,15,16,14,25,26,21,22,62,12,13,19,20,23,24,20900,8270,17,18,29,30,31,63,64,65],"class_list":{"0":"post-196545","1":"post","2":"type-post","3":"status-publish","4":"format-standard","5":"has-post-thumbnail","7":"category-mundo","8":"tag-ataque","9":"tag-breaking-news","10":"tag-breakingnews","11":"tag-estado-islamico","12":"tag-eua","13":"tag-featured-news","14":"tag-featurednews","15":"tag-headlines","16":"tag-latest-news","17":"tag-latestnews","18":"tag-main-news","19":"tag-mainnews","20":"tag-mundo","21":"tag-news","22":"tag-noticias","23":"tag-noticias-principais","24":"tag-noticiasprincipais","25":"tag-principais-noticias","26":"tag-principaisnoticias","27":"tag-siria","28":"tag-terrorismo","29":"tag-top-stories","30":"tag-topstories","31":"tag-ultimas","32":"tag-ultimas-noticias","33":"tag-ultimasnoticias","34":"tag-world","35":"tag-world-news","36":"tag-worldnews"},"share_on_mastodon":{"url":"https:\/\/pubeurope.com\/@pt\/115754383678701791","error":""},"_links":{"self":[{"href":"https:\/\/www.europesays.com\/pt\/wp-json\/wp\/v2\/posts\/196545","targetHints":{"allow":["GET"]}}],"collection":[{"href":"https:\/\/www.europesays.com\/pt\/wp-json\/wp\/v2\/posts"}],"about":[{"href":"https:\/\/www.europesays.com\/pt\/wp-json\/wp\/v2\/types\/post"}],"author":[{"embeddable":true,"href":"https:\/\/www.europesays.com\/pt\/wp-json\/wp\/v2\/users\/2"}],"replies":[{"embeddable":true,"href":"https:\/\/www.europesays.com\/pt\/wp-json\/wp\/v2\/comments?post=196545"}],"version-history":[{"count":0,"href":"https:\/\/www.europesays.com\/pt\/wp-json\/wp\/v2\/posts\/196545\/revisions"}],"wp:featuredmedia":[{"embeddable":true,"href":"https:\/\/www.europesays.com\/pt\/wp-json\/wp\/v2\/media\/196546"}],"wp:attachment":[{"href":"https:\/\/www.europesays.com\/pt\/wp-json\/wp\/v2\/media?parent=196545"}],"wp:term":[{"taxonomy":"category","embeddable":true,"href":"https:\/\/www.europesays.com\/pt\/wp-json\/wp\/v2\/categories?post=196545"},{"taxonomy":"post_tag","embeddable":true,"href":"https:\/\/www.europesays.com\/pt\/wp-json\/wp\/v2\/tags?post=196545"}],"curies":[{"name":"wp","href":"https:\/\/api.w.org\/{rel}","templated":true}]}}