{"id":196563,"date":"2025-12-20T23:35:11","date_gmt":"2025-12-20T23:35:11","guid":{"rendered":"https:\/\/www.europesays.com\/pt\/196563\/"},"modified":"2025-12-20T23:35:11","modified_gmt":"2025-12-20T23:35:11","slug":"benfica-proximo-de-fechar-a-contratacao-de-sidny-cabral","status":"publish","type":"post","link":"https:\/\/www.europesays.com\/pt\/196563\/","title":{"rendered":"Benfica pr\u00f3ximo de fechar a contrata\u00e7\u00e3o de Sidny Cabral"},"content":{"rendered":"<p>&#8211; Advertisement &#8211;<\/p>\n<p><strong>O Benfica est\u00e1 muito perto de fechar a contrata\u00e7\u00e3o de Sidny Cabral. O lateral cabo-verdiano representa o Estrela da Amadora.<\/strong><\/p>\n<p>O Benfica est\u00e1 muito perto de fechar a contrata\u00e7\u00e3o de Sidny Cabral, lateral do <a href=\"https:\/\/bolanarede.pt\/etiqueta\/estrela-da-amadora\/\" target=\"_blank\" rel=\"noreferrer noopener nofollow\">Estrela da Amadora<\/a>. Segundo o Mais Futebol, as \u00e1guias j\u00e1 chegaram a um princ\u00edpio de acordo com o ala cabo-verdiano, faltando apenas um entendimento com o clube da Reboleira.<\/p>\n<p>O conjunto da Luz dever\u00e1 pagar entre 5 e 6 milh\u00f5es de euros para assegurar Sidny Cabral j\u00e1 no pr\u00f3ximo mercado de janeiro. Na presente temporada, o jogador soma cinco golos e tr\u00eas assist\u00eancias em 15 jogos pelo Estrela da Amadora.<\/p>\n<p>Sidny Cabral j\u00e1 representou clubes como Viktoria Koln, RW Erfurt, Helsingborgs e Twente.<\/p>\n","protected":false},"excerpt":{"rendered":"&#8211; Advertisement &#8211; O Benfica est\u00e1 muito perto de fechar a contrata\u00e7\u00e3o de Sidny Cabral. O lateral cabo-verdiano&hellip;\n","protected":false},"author":2,"featured_media":196564,"comment_status":"","ping_status":"","sticky":false,"template":"","format":"standard","meta":{"footnotes":""},"categories":[8],"tags":[260,51,27,28,478,9174,15,16,14,25,26,21,22,12,13,19,20,32,479,23,24,33,24849,17,18,29,30,31],"class_list":{"0":"post-196563","1":"post","2":"type-post","3":"status-publish","4":"format-standard","5":"has-post-thumbnail","7":"category-principais-noticias","8":"tag-atualidade","9":"tag-benfica","10":"tag-breaking-news","11":"tag-breakingnews","12":"tag-destaques-bnr","13":"tag-estrela-da-amadora","14":"tag-featured-news","15":"tag-featurednews","16":"tag-headlines","17":"tag-latest-news","18":"tag-latestnews","19":"tag-main-news","20":"tag-mainnews","21":"tag-news","22":"tag-noticias","23":"tag-noticias-principais","24":"tag-noticiasprincipais","25":"tag-portugal","26":"tag-primeira-liga","27":"tag-principais-noticias","28":"tag-principaisnoticias","29":"tag-pt","30":"tag-sidny-cabral","31":"tag-top-stories","32":"tag-topstories","33":"tag-ultimas","34":"tag-ultimas-noticias","35":"tag-ultimasnoticias"},"share_on_mastodon":{"url":"https:\/\/pubeurope.com\/@pt\/115754521389966199","error":""},"_links":{"self":[{"href":"https:\/\/www.europesays.com\/pt\/wp-json\/wp\/v2\/posts\/196563","targetHints":{"allow":["GET"]}}],"collection":[{"href":"https:\/\/www.europesays.com\/pt\/wp-json\/wp\/v2\/posts"}],"about":[{"href":"https:\/\/www.europesays.com\/pt\/wp-json\/wp\/v2\/types\/post"}],"author":[{"embeddable":true,"href":"https:\/\/www.europesays.com\/pt\/wp-json\/wp\/v2\/users\/2"}],"replies":[{"embeddable":true,"href":"https:\/\/www.europesays.com\/pt\/wp-json\/wp\/v2\/comments?post=196563"}],"version-history":[{"count":0,"href":"https:\/\/www.europesays.com\/pt\/wp-json\/wp\/v2\/posts\/196563\/revisions"}],"wp:featuredmedia":[{"embeddable":true,"href":"https:\/\/www.europesays.com\/pt\/wp-json\/wp\/v2\/media\/196564"}],"wp:attachment":[{"href":"https:\/\/www.europesays.com\/pt\/wp-json\/wp\/v2\/media?parent=196563"}],"wp:term":[{"taxonomy":"category","embeddable":true,"href":"https:\/\/www.europesays.com\/pt\/wp-json\/wp\/v2\/categories?post=196563"},{"taxonomy":"post_tag","embeddable":true,"href":"https:\/\/www.europesays.com\/pt\/wp-json\/wp\/v2\/tags?post=196563"}],"curies":[{"name":"wp","href":"https:\/\/api.w.org\/{rel}","templated":true}]}}