{"id":196568,"date":"2025-12-20T23:41:16","date_gmt":"2025-12-20T23:41:16","guid":{"rendered":"https:\/\/www.europesays.com\/pt\/196568\/"},"modified":"2025-12-20T23:41:16","modified_gmt":"2025-12-20T23:41:16","slug":"ben-larg-lanca-trailer-de-beyond-the-island-o-documentario-que-revela-a-sua-luta-para-voltar-as-ondas-gigantes","status":"publish","type":"post","link":"https:\/\/www.europesays.com\/pt\/196568\/","title":{"rendered":"Ben Larg lan\u00e7a trailer de \u201cBeyond the Island\u201d, o document\u00e1rio que revela a sua luta para voltar \u00e0s ondas gigantes"},"content":{"rendered":"<p data-start=\"113\" data-end=\"232\">O jovem escoc\u00eas <strong data-start=\"250\" data-end=\"262\">Ben Larg<\/strong>, considerado uma das maiores promessas do big wave surfing europeu,&#8230;<\/p>\n<p data-start=\"113\" data-end=\"232\">&#8230;acaba de divulgar o trailer de \u201cBeyond the Island\u201d, o document\u00e1rio que ir\u00e1 mostrar um dos cap\u00edtulos mais duros \u2013 e decisivos \u2013 da sua vida.<\/p>\n<p data-start=\"474\" data-end=\"754\">Aos <strong data-start=\"478\" data-end=\"489\">18 anos<\/strong>, Ben estava prestes a concretizar o sonho de uma carreira profissional s\u00f3lida no surf de ondas grandes: tinha acabado de assinar contratos com <strong data-start=\"633\" data-end=\"645\">Red Bull<\/strong> e <strong data-start=\"648\" data-end=\"659\">O\u2019Neill<\/strong>, dois dos maiores patrocinadores do mundo do desporto. Tudo indicava o in\u00edcio de uma nova era.<\/p>\n<p>Mas o destino virou de forma brutal.<\/p>\n<p data-start=\"794\" data-end=\"1137\">Poucos dias ap\u00f3s formalizar os novos patroc\u00ednios, Ben foi v\u00edtima de uma <strong data-start=\"866\" data-end=\"892\">agress\u00e3o n\u00e3o provocada<\/strong>, um ataque violento que deixou sequelas f\u00edsicas graves e comprometeu a continuidade imediata da sua carreira. O que se seguiu foram <strong data-start=\"1025\" data-end=\"1113\">meses de cirurgias falhadas, limita\u00e7\u00f5es f\u00edsicas, dor, frustra\u00e7\u00e3o e d\u00favidas profundas<\/strong> sobre o pr\u00f3prio futuro.<\/p>\n<p data-start=\"1139\" data-end=\"1542\">O filme, produzido pela <strong data-start=\"1163\" data-end=\"1180\">NorthernFront<\/strong> e atualmente em fase de p\u00f3s-produ\u00e7\u00e3o, acompanha esta trajet\u00f3ria inesperada: da ascens\u00e3o mete\u00f3rica ao colapso repentino, passando por um processo emocionalmente devastador de recupera\u00e7\u00e3o. Mais do que um document\u00e1rio sobre surf, \u201cBeyond the Island\u201d promete ser um retrato \u00edntimo de <strong data-start=\"1463\" data-end=\"1515\">resili\u00eancia, crescimento pessoal e sobreviv\u00eancia<\/strong> \u2013 dentro e fora das ondas.<\/p>\n<p data-start=\"1544\" data-end=\"1836\">Ben Larg, conhecido por enfrentar desde muito cedo ondas pesadas como Mullaghmore e Nazar\u00e9, v\u00ea-se agora perante a maior onda da sua vida: <strong data-start=\"1682\" data-end=\"1727\">reconstruir o corpo, a mente e a carreira<\/strong>, enquanto tenta regressar ao palco natural dos big wave riders \u2013 um dos ambientes mais perigosos do planeta.<\/p>\n<p data-start=\"1838\" data-end=\"2004\">O document\u00e1rio n\u00e3o tem ainda data oficial de lan\u00e7amento, mas o trailer, divulgado esta semana, j\u00e1 est\u00e1 a gerar grande expectativa na comunidade do surf internacional.<\/p>\n","protected":false},"excerpt":{"rendered":"O jovem escoc\u00eas Ben Larg, considerado uma das maiores promessas do big wave surfing europeu,&#8230; &#8230;acaba de divulgar&hellip;\n","protected":false},"author":2,"featured_media":196569,"comment_status":"","ping_status":"","sticky":false,"template":"","format":"standard","meta":{"footnotes":""},"categories":[140],"tags":[39239,11843,114,115,1833,147,148,146,32,33],"class_list":{"0":"post-196568","1":"post","2":"type-post","3":"status-publish","4":"format-standard","5":"has-post-thumbnail","7":"category-filmes","8":"tag-ben-larg","9":"tag-destaquehome","10":"tag-entertainment","11":"tag-entretenimento","12":"tag-escocia","13":"tag-film","14":"tag-filmes","15":"tag-movies","16":"tag-portugal","17":"tag-pt"},"share_on_mastodon":{"url":"https:\/\/pubeurope.com\/@pt\/115754545216484792","error":""},"_links":{"self":[{"href":"https:\/\/www.europesays.com\/pt\/wp-json\/wp\/v2\/posts\/196568","targetHints":{"allow":["GET"]}}],"collection":[{"href":"https:\/\/www.europesays.com\/pt\/wp-json\/wp\/v2\/posts"}],"about":[{"href":"https:\/\/www.europesays.com\/pt\/wp-json\/wp\/v2\/types\/post"}],"author":[{"embeddable":true,"href":"https:\/\/www.europesays.com\/pt\/wp-json\/wp\/v2\/users\/2"}],"replies":[{"embeddable":true,"href":"https:\/\/www.europesays.com\/pt\/wp-json\/wp\/v2\/comments?post=196568"}],"version-history":[{"count":0,"href":"https:\/\/www.europesays.com\/pt\/wp-json\/wp\/v2\/posts\/196568\/revisions"}],"wp:featuredmedia":[{"embeddable":true,"href":"https:\/\/www.europesays.com\/pt\/wp-json\/wp\/v2\/media\/196569"}],"wp:attachment":[{"href":"https:\/\/www.europesays.com\/pt\/wp-json\/wp\/v2\/media?parent=196568"}],"wp:term":[{"taxonomy":"category","embeddable":true,"href":"https:\/\/www.europesays.com\/pt\/wp-json\/wp\/v2\/categories?post=196568"},{"taxonomy":"post_tag","embeddable":true,"href":"https:\/\/www.europesays.com\/pt\/wp-json\/wp\/v2\/tags?post=196568"}],"curies":[{"name":"wp","href":"https:\/\/api.w.org\/{rel}","templated":true}]}}