{"id":196599,"date":"2025-12-21T00:24:20","date_gmt":"2025-12-21T00:24:20","guid":{"rendered":"https:\/\/www.europesays.com\/pt\/196599\/"},"modified":"2025-12-21T00:24:20","modified_gmt":"2025-12-21T00:24:20","slug":"benfica-mourinho-falta-a-conferencia-de-imprensa-pela-quarta-vez-esta-epoca","status":"publish","type":"post","link":"https:\/\/www.europesays.com\/pt\/196599\/","title":{"rendered":"Benfica: Mourinho falta a confer\u00eancia de imprensa pela quarta vez esta \u00e9poca"},"content":{"rendered":"<p>N\u00e3o h\u00e1 tr\u00eas sem quatro&#8230; Jos\u00e9 Mourinho tomou-lhe o gosto e voltou a cancelar uma confer\u00eancia de imprensa de antevis\u00e3o a um jogo da Liga.<\/p>\n<p>Depois de na \u00faltima semana n\u00e3o ter falado aos jornalistas antes do jogo frente ao Moreirense, o treinador do Benfica voltar\u00e1 a n\u00e3o comparecer na sala de imprensa para a antevis\u00e3o da rece\u00e7\u00e3o ao jogo com o Famalic\u00e3o, que ter\u00e1 lugar no Est\u00e1dio da Luz, na pr\u00f3xima segunda-feira.<\/p>\n<p>Em alternativa, o t\u00e9cnico ir\u00e1 fazer curtas declara\u00e7\u00f5es ao canal do clube &#8211; a BTV.<\/p>\n<p>Esta \u00e9 a quarta vez este ano que Mourinho falha uma confer\u00eancia de imprensa nesta temporada.\u00a0<\/p>\n<p>Tal como nestes casos de Moreirense e Famalic\u00e3o, o treinador j\u00e1 tinha faltado \u00e0s antevis\u00f5es aos jogos de Casa Pia e Nacional. Antes da rece\u00e7\u00e3o ao Casa Pia, Mourinho n\u00e3o falou por coincidir com a data da segunda volta das elei\u00e7\u00f5es no Benfica. J\u00e1 na antevis\u00e3o ao Nacional o treinador tamb\u00e9m ficou em sil\u00eancio, ap\u00f3s a primeira vit\u00f3ria para a Liga dos Campe\u00f5es, frente ao Ajax.<\/p>\n<p>O Benfica recebe o Famalic\u00e3o esta segunda-feira (20h45), em jogo da 14.\u00aa jornada da Liga Portuguesa, que poder\u00e1 acompanhar <a href=\"https:\/\/maisfutebol.iol.pt\/jogo\/aominuto\/benfica\/famalicao\/13828181\" rel=\"nofollow noopener\" target=\"_blank\">AO MINUTO no <strong>Maisfutebol<\/strong><\/a>.<\/p>\n","protected":false},"excerpt":{"rendered":"N\u00e3o h\u00e1 tr\u00eas sem quatro&#8230; Jos\u00e9 Mourinho tomou-lhe o gosto e voltou a cancelar uma confer\u00eancia de imprensa&hellip;\n","protected":false},"author":2,"featured_media":196600,"comment_status":"","ping_status":"","sticky":false,"template":"","format":"standard","meta":{"footnotes":""},"categories":[87],"tags":[51,32111,9062,135,5879,1385,36,46,32,33,47,134],"class_list":{"0":"post-196599","1":"post","2":"type-post","3":"status-publish","4":"format-standard","5":"has-post-thumbnail","7":"category-desporto","8":"tag-benfica","9":"tag-conferencia","10":"tag-conferencia-de-imprensa","11":"tag-desporto","12":"tag-famalicao","13":"tag-jose-mourinho","14":"tag-liga","15":"tag-maisfutebol","16":"tag-portugal","17":"tag-pt","18":"tag-pura-paixao","19":"tag-sports"},"share_on_mastodon":{"url":"https:\/\/pubeurope.com\/@pt\/115754714031096892","error":""},"_links":{"self":[{"href":"https:\/\/www.europesays.com\/pt\/wp-json\/wp\/v2\/posts\/196599","targetHints":{"allow":["GET"]}}],"collection":[{"href":"https:\/\/www.europesays.com\/pt\/wp-json\/wp\/v2\/posts"}],"about":[{"href":"https:\/\/www.europesays.com\/pt\/wp-json\/wp\/v2\/types\/post"}],"author":[{"embeddable":true,"href":"https:\/\/www.europesays.com\/pt\/wp-json\/wp\/v2\/users\/2"}],"replies":[{"embeddable":true,"href":"https:\/\/www.europesays.com\/pt\/wp-json\/wp\/v2\/comments?post=196599"}],"version-history":[{"count":0,"href":"https:\/\/www.europesays.com\/pt\/wp-json\/wp\/v2\/posts\/196599\/revisions"}],"wp:featuredmedia":[{"embeddable":true,"href":"https:\/\/www.europesays.com\/pt\/wp-json\/wp\/v2\/media\/196600"}],"wp:attachment":[{"href":"https:\/\/www.europesays.com\/pt\/wp-json\/wp\/v2\/media?parent=196599"}],"wp:term":[{"taxonomy":"category","embeddable":true,"href":"https:\/\/www.europesays.com\/pt\/wp-json\/wp\/v2\/categories?post=196599"},{"taxonomy":"post_tag","embeddable":true,"href":"https:\/\/www.europesays.com\/pt\/wp-json\/wp\/v2\/tags?post=196599"}],"curies":[{"name":"wp","href":"https:\/\/api.w.org\/{rel}","templated":true}]}}