{"id":196636,"date":"2025-12-21T01:06:13","date_gmt":"2025-12-21T01:06:13","guid":{"rendered":"https:\/\/www.europesays.com\/pt\/196636\/"},"modified":"2025-12-21T01:06:13","modified_gmt":"2025-12-21T01:06:13","slug":"renata-reis-ele-chegou-a-minha-vida-para-me-trazer-amor","status":"publish","type":"post","link":"https:\/\/www.europesays.com\/pt\/196636\/","title":{"rendered":"Renata Reis: &#8220;Ele chegou \u00e0 minha vida para me trazer amor&#8221;"},"content":{"rendered":"<p>Este s\u00e1bado, dia 20, \u00e9 de festa para <a href=\"https:\/\/selfie.iol.pt\/famosos\/casa-dos-segredos\/renata-reis-completa-26-anos-com-bolo-original-e-que-tem-tudo-a-ver-com-a-finalista-do-secret-story\/20251113\/69160a36d34e2bd5c6d3f7f0\" target=\"_blank\" rel=\"nofollow noopener\">Renata Reis<\/a>: a finalista de &#8220;<a href=\"https:\/\/tvi.iol.pt\/secretstory\/\" target=\"_blank\" rel=\"nofollow noopener\">Secret Story &#8211; Casa dos Segredos<\/a>&#8221; celebra o anivers\u00e1rio do irm\u00e3o, Enzo.<\/p>\n<p>&#8220;Enzo. H\u00e1 11 anos, nasceu o menino mais doce do mundo, e desde esse dia a minha vida nunca mais foi a mesma&#8221;, come\u00e7ou por assinalar na legenda de uma s\u00e9rie de imagens, na qual surge com o familiar.<\/p>\n<p>De seguida, a irm\u00e3 babada elogiou: &#8220;Enzo \u00e9 leveza, \u00e9 tranquilidade no meio da agita\u00e7\u00e3o que \u00e9 a irm\u00e3. Enzo \u00e9 bondade, \u00e9 sempre bondade. Ele n\u00e3o faz ideia, mas cuida mais de mim do que eu dele. Ele chegou \u00e0 minha vida para me trazer amor, felicidade, colo e alegria, e para me mostrar que, mesmo quando os outros n\u00e3o s\u00e3o bons, n\u00f3s temos a escolha de o ser.&#8221;<\/p>\n<p>&#8220;Enzo \u00e9 personalidade, \u00e9 felicidade e calma no meio da intensidade que a irm\u00e3 tem na vida. Ele \u00e9 muito diferente de mim, e isso faz toda a diferen\u00e7a, porque todos os dias ele ensina-me aquilo que ainda me falta&#8221;, acrescentou, antes de completar: &#8220;Ser\u00e1s sempre a minha casa, assim como eu serei sempre a tua.&#8221;<\/p>\n<p>Veja, agora, as imagens partilhadas por Renata Reis na galeria de fotografias que prepar\u00e1mos para si.<\/p>\n","protected":false},"excerpt":{"rendered":"Este s\u00e1bado, dia 20, \u00e9 de festa para Renata Reis: a finalista de &#8220;Secret Story &#8211; Casa dos&hellip;\n","protected":false},"author":2,"featured_media":196637,"comment_status":"","ping_status":"","sticky":false,"template":"","format":"standard","meta":{"footnotes":""},"categories":[142],"tags":[2632,114,115,981,980,619,32,33,1014,2115,1315,1012,151,162],"class_list":{"0":"post-196636","1":"post","2":"type-post","3":"status-publish","4":"format-standard","5":"has-post-thumbnail","7":"category-tv","8":"tag-casa-dos-segredos","9":"tag-entertainment","10":"tag-entretenimento","11":"tag-familia","12":"tag-famosos","13":"tag-nacional","14":"tag-portugal","15":"tag-pt","16":"tag-reality-show","17":"tag-renata-reis","18":"tag-secret-story","19":"tag-selfie","20":"tag-tv","21":"tag-tvi"},"share_on_mastodon":{"url":"https:\/\/pubeurope.com\/@pt\/115754879122596670","error":""},"_links":{"self":[{"href":"https:\/\/www.europesays.com\/pt\/wp-json\/wp\/v2\/posts\/196636","targetHints":{"allow":["GET"]}}],"collection":[{"href":"https:\/\/www.europesays.com\/pt\/wp-json\/wp\/v2\/posts"}],"about":[{"href":"https:\/\/www.europesays.com\/pt\/wp-json\/wp\/v2\/types\/post"}],"author":[{"embeddable":true,"href":"https:\/\/www.europesays.com\/pt\/wp-json\/wp\/v2\/users\/2"}],"replies":[{"embeddable":true,"href":"https:\/\/www.europesays.com\/pt\/wp-json\/wp\/v2\/comments?post=196636"}],"version-history":[{"count":0,"href":"https:\/\/www.europesays.com\/pt\/wp-json\/wp\/v2\/posts\/196636\/revisions"}],"wp:featuredmedia":[{"embeddable":true,"href":"https:\/\/www.europesays.com\/pt\/wp-json\/wp\/v2\/media\/196637"}],"wp:attachment":[{"href":"https:\/\/www.europesays.com\/pt\/wp-json\/wp\/v2\/media?parent=196636"}],"wp:term":[{"taxonomy":"category","embeddable":true,"href":"https:\/\/www.europesays.com\/pt\/wp-json\/wp\/v2\/categories?post=196636"},{"taxonomy":"post_tag","embeddable":true,"href":"https:\/\/www.europesays.com\/pt\/wp-json\/wp\/v2\/tags?post=196636"}],"curies":[{"name":"wp","href":"https:\/\/api.w.org\/{rel}","templated":true}]}}